{"id":649,"date":"2012-04-11T08:24:15","date_gmt":"2012-04-11T07:24:15","guid":{"rendered":"http:\/\/blogs.diariosur.es\/soyfriki\/?p=649"},"modified":"2012-04-11T08:24:15","modified_gmt":"2012-04-11T07:24:15","slug":"malagasemueve-en-el-centro-civico-malaga-este-viernes","status":"publish","type":"post","link":"https:\/\/blogs.diariosur.es\/soyfriki\/2012\/04\/11\/malagasemueve-en-el-centro-civico-malaga-este-viernes\/","title":{"rendered":"#malagasemueve en el Centro C\u00edvico M\u00e1laga, este viernes"},"content":{"rendered":"<p>Supongo que ya lo sabes, pero por si a estas alturas no te has enterado, te digo que en el\u00a0<strong>Centro C\u00edvico de la Diputaci\u00f3n de M\u00e1laga<\/strong>\u00a0aterriza el pr\u00f3ximo <strong>viernes 13 de abril<\/strong> el\u00a0evento <strong>#malagasemueve<\/strong>, un acontecimiento sobre<strong> social media marketing<\/strong> con muchas empresas y profesionales (de los de verdad) y por donde merece la pena asomar la nariz para ver qu\u00e9 se mueve en comunicaci\u00f3n 2.0.<!--more--><\/p>\n<p><strong>#malagasemeueve<\/strong> es una iniciativa 100% de aqu\u00ed que acoge a <strong>emprendedores<\/strong>,\u00a0<strong>directivos<\/strong> y <strong>empresarios<\/strong> de cualquier sector. Mucha<strong> anal\u00edtica web<\/strong>,<strong> community management, marketing online<\/strong>,<strong> SEO y SEM<\/strong>&#8230;<\/p>\n<p><strong>Talleres&#038;Actividades<\/strong><\/p>\n<p>Durante el evento se desarrollan <strong>talleres<\/strong> y actividades con el social media como eje. Los talleres, de una hora\u00a0de duraci\u00f3n, ser\u00e1n conducidos por uno o dos ponentes y giran en torno a\u00a0temas como la b\u00fasqueda de <strong>empleo<\/strong>, nuevas <strong>herramientas<\/strong> digitales, <strong>creatividad\u00a0<\/strong>y <strong>contenidos<\/strong> 2.0.\u00a0Por otro lado est\u00e1 el est\u00e1 el formato &#8216;<strong>20en20<\/strong>&#8216;, el &#8216;<strong>Social Media Experience<\/strong>&#8216; o el cada vez m\u00e1s conocido <strong>Tapas&#038;tweets (#TandT)<\/strong>.<\/p>\n<p>&#8216;<strong>20en20<\/strong>&#8216; es una din\u00e1mica de presentaciones r\u00e1pidas en la que los ponentes explican\u00a0qui\u00e9nes son, qu\u00e9 hacen y qu\u00e9 les distingue. Una manera innovadora de\u00a0presentarse, y en la que participar\u00e1 gente de tant\u00edsimo bagaje como @blocdesbozos, @MariaRojo82 y @Borissoler entre otros con sus &#8216;<strong>Chatidieta<\/strong>&#8216;, &#8216;<strong>El armario de\u00a0mam\u00e1<\/strong>&#8216;, &#8216;<strong>Comesano<\/strong>&#8216;, &#8216;<strong>M\u00e1lagasana<\/strong>&#8216;, &#8216;<strong>Meduba<\/strong>&#8216; o &#8216;<strong>iCofrade<\/strong>&#8216;. El <strong>Tapas&#038;Tweets<\/strong> consistir\u00e1 en\u00a0escuchar, debatir y aprender todo ello\u00a0acompa\u00f1ado de <strong>cervezas<\/strong> y <strong>tapas<\/strong>.<\/p>\n<blockquote><p>Los interesados se pueden inscribir a trav\u00e9s de <a href=\"http:\/\/malaga.semueve.es\" target=\"_blank\" rel=\"external nofollow\">http:\/\/malaga.semueve.es<\/a><\/p><\/blockquote>\n","protected":false},"excerpt":{"rendered":"<p>Supongo que ya lo sabes, pero por si a estas alturas no te has enterado, te digo que en el\u00a0Centro C\u00edvico de la Diputaci\u00f3n de M\u00e1laga\u00a0aterriza el pr\u00f3ximo viernes 13 de abril el\u00a0evento #malagasemueve, un acontecimiento sobre social media marketing con muchas empresas y profesionales (de los de verdad) y por donde merece la pena [&hellip;]<\/p>\n","protected":false},"author":7,"featured_media":651,"comment_status":"open","ping_status":"closed","sticky":false,"template":"","format":"standard","meta":[],"categories":[5,7],"tags":[38,102,159,281,293,404,406],"_links":{"self":[{"href":"https:\/\/blogs.diariosur.es\/soyfriki\/wp-json\/wp\/v2\/posts\/649"}],"collection":[{"href":"https:\/\/blogs.diariosur.es\/soyfriki\/wp-json\/wp\/v2\/posts"}],"about":[{"href":"https:\/\/blogs.diariosur.es\/soyfriki\/wp-json\/wp\/v2\/types\/post"}],"author":[{"embeddable":true,"href":"https:\/\/blogs.diariosur.es\/soyfriki\/wp-json\/wp\/v2\/users\/7"}],"replies":[{"embeddable":true,"href":"https:\/\/blogs.diariosur.es\/soyfriki\/wp-json\/wp\/v2\/comments?post=649"}],"version-history":[{"count":0,"href":"https:\/\/blogs.diariosur.es\/soyfriki\/wp-json\/wp\/v2\/posts\/649\/revisions"}],"wp:featuredmedia":[{"embeddable":true,"href":"https:\/\/blogs.diariosur.es\/soyfriki\/wp-json\/wp\/v2\/media\/651"}],"wp:attachment":[{"href":"https:\/\/blogs.diariosur.es\/soyfriki\/wp-json\/wp\/v2\/media?parent=649"}],"wp:term":[{"taxonomy":"category","embeddable":true,"href":"https:\/\/blogs.diariosur.es\/soyfriki\/wp-json\/wp\/v2\/categories?post=649"},{"taxonomy":"post_tag","embeddable":true,"href":"https:\/\/blogs.diariosur.es\/soyfriki\/wp-json\/wp\/v2\/tags?post=649"}],"curies":[{"name":"wp","href":"https:\/\/api.w.org\/{rel}","templated":true}]}}