{"id":669,"date":"2012-04-26T21:06:18","date_gmt":"2012-04-26T20:06:18","guid":{"rendered":"http:\/\/blogs.diariosur.es\/soyfriki\/?p=669"},"modified":"2012-04-26T21:06:18","modified_gmt":"2012-04-26T20:06:18","slug":"una-plaga-de-mariquitas-de-malaga-invade-twitter-y-meneame","status":"publish","type":"post","link":"https:\/\/blogs.diariosur.es\/soyfriki\/2012\/04\/26\/una-plaga-de-mariquitas-de-malaga-invade-twitter-y-meneame\/","title":{"rendered":"Una plaga de mariquitas de M\u00e1laga invade Twitter y Men\u00e9ame"},"content":{"rendered":"<p><span style=\"font-size: small;\">La gente se aburre. Mucho. Y es mala, tan mala como eso que dicen de &#8216;<strong>una mariquita mala<\/strong>&#8216;. Y por eso, un inocente titular como el de \u00a0<a href=\"http:\/\/www.diariosur.es\/20120425\/local\/malaga\/plaga-mariquitas-invade-litoral-201204251322.html\" target=\"_blank\" rel=\"external nofollow\"><strong>&#8216;Una plaga de mariquitas invade el litoral de M\u00e1laga&#8217;<\/strong>\u00a0<\/a>ha estado dando mucho que hablar desde hace d\u00eda y pico. \u00a0Porque<strong>\u00a0la plaga de mariquitas<\/strong>\u00a0del\u00a0<strong><a href=\"http:\/\/www.diariosur.es\" target=\"_blank\" rel=\"external nofollow\">titular de SUR<\/a><\/strong>\u00a0y a la que se refer\u00eda mi compa\u00f1ero\u00a0<a href=\"http:\/\/twitter.com\/ilillom\" target=\"_blank\" rel=\"external nofollow\"><strong>Ignacio Lillo<\/strong>\u00a0<\/a>era a peque\u00f1os\u00a0<strong>cole\u00f3pteros<\/strong>\u00a0de color rojo y manchas negras. Y no a lo que la\u00a0<strong><a href=\"http:\/\/http:\/\/buscon.rae.es\/draeI\/SrvltObtenerHtml?IDLEMA=47880&#038;NEDIC=Si\" target=\"_blank\" rel=\"external nofollow\">RAE\u00a0<\/a><\/strong>define como &#8216;<strong>hombre afeminado<\/strong>&#8216; en sentido coloquial.<\/span><\/p>\n<p><span style=\"font-size: small;\">Pero ya digo que la gente es mala, mal\u00edsima y claro que la noticia se ha propagado por\u00a0<strong><a href=\"http:\/\/twitter.com\/diario_sur\" target=\"_blank\" rel=\"external nofollow\">Twitter\u00a0<\/a><\/strong>y\u00a0<strong><a href=\"http:\/\/facebook.com\/diariosur\" target=\"_blank\" rel=\"external nofollow\">Facebook<\/a><\/strong>, \u00a1y hasta ha llegado a\u00a0<strong>Men\u00e9ame.net<\/strong>! Cuando de\u00a0<strong>esperpento<\/strong>noticiable tiene poco. Pero\u00a0<strong>205 tuiteos<\/strong>\u00a0y\u00a0<strong>445 &#8216;likes&#8217; en Facebook<\/strong>\u00a0dan buena cuenta de lo mucho que ha gustado la palabra &#8216;<strong>mariquita<\/strong>&#8216; en un titular. Nos ha salido SEO sin querer&#8230; \u00a1Qu\u00e9 cosas! Ahora todo el mundo anda buscando a las\u00a0<strong>mariquitas de M\u00e1laga<\/strong>.<\/span><\/p>\n<p><span style=\"font-size: small;\">Y en\u00a0<strong>Men\u00e9ame<\/strong>\u00a0es donde la gente se ha explayado con\u00a0<strong>430 meneos, 4.300 clicks<\/strong>. La gente lo admit\u00eda: meneaba por lo surrealista del titular. Aunque todo hay que decir que el pecado est\u00e1 en el ojo del que mira. \u00a1Y casi un centenar de\u00a0<strong>comentarios<\/strong>! Que no eran pol\u00edticamente correctos (es cierto) pero que dejaban esbozar una sonrisa. Porque no siempre hay que ser tan estrictos, \u00bfno?<\/span><\/p>\n<ul>\n<li><span style=\"font-size: small;\"><em>Por favor, seamos politicamente correctos. Hay que decir &#8220;<strong>homosexuales<\/strong>&#8220;, que eso de &#8220;<strong>mariquitas<\/strong>&#8221; queda feo.<\/em><\/span><\/li>\n<li><span style=\"font-size: small;\"><em>Me muero por escuchar lo que tiene que decir <strong>Mat\u00edas Prats<\/strong> sobre esto.<\/em><\/span><\/li>\n<li><span style=\"font-size: small;\"><em>Se deber\u00edan ir todas todas a &#8220;casa&#8221; del <strong>obispo de Alcal\u00e1 de Henares<\/strong>&#8230; Son tan monas.<\/em><\/span><\/li>\n<li><span style=\"font-size: small;\"><em>Una plaga de <strong>mariquitas de playa<\/strong> entonces.<\/em><\/span><\/li>\n<li><span style=\"font-size: small;\"><em>Es la <strong>caravana de Palomos<\/strong> del <strong>Wyoming<\/strong>. Se les ha ido de las manos.<\/em><\/span><\/li>\n<\/ul>\n<p><span style=\"font-size: small;\">Pues eso, si quer\u00e9is ver m\u00e1s, est\u00e1n todos en\u00a0<a href=\"http:\/\/www.meneame.net\/story\/plaga-mariquitas-invade-litoral-malaga#c-15\" target=\"_blank\" rel=\"external nofollow\">Meneame.net<\/a>\u00a0donde, por cierto, la noticia est\u00e1 mal enlazada. Esta es la buena para que le hag\u00e1is un retuit o lo que quer\u00e1is&#8230;<\/span><\/p>\n<p><span style=\"font-size: small;\"><a href=\"http:\/\/www.diariosur.es\/20120425\/local\/malaga\/plaga-mariquitas-invade-litoral-201204251322.html\" rel=\"external nofollow\">http:\/\/www.diariosur.es\/20120425\/local\/malaga\/plaga-mariquitas-invade-litoral-201204251322.html<\/a><\/span><\/p>\n","protected":false},"excerpt":{"rendered":"<p>La gente se aburre. Mucho. Y es mala, tan mala como eso que dicen de &#8216;una mariquita mala&#8216;. Y por eso, un inocente titular como el de \u00a0&#8216;Una plaga de mariquitas invade el litoral de M\u00e1laga&#8217;\u00a0ha estado dando mucho que hablar desde hace d\u00eda y pico. \u00a0Porque\u00a0la plaga de mariquitas\u00a0del\u00a0titular de SUR\u00a0y a la que [&hellip;]<\/p>\n","protected":false},"author":7,"featured_media":670,"comment_status":"open","ping_status":"closed","sticky":false,"template":"","format":"standard","meta":[],"categories":[8],"tags":[165,299,483],"_links":{"self":[{"href":"https:\/\/blogs.diariosur.es\/soyfriki\/wp-json\/wp\/v2\/posts\/669"}],"collection":[{"href":"https:\/\/blogs.diariosur.es\/soyfriki\/wp-json\/wp\/v2\/posts"}],"about":[{"href":"https:\/\/blogs.diariosur.es\/soyfriki\/wp-json\/wp\/v2\/types\/post"}],"author":[{"embeddable":true,"href":"https:\/\/blogs.diariosur.es\/soyfriki\/wp-json\/wp\/v2\/users\/7"}],"replies":[{"embeddable":true,"href":"https:\/\/blogs.diariosur.es\/soyfriki\/wp-json\/wp\/v2\/comments?post=669"}],"version-history":[{"count":0,"href":"https:\/\/blogs.diariosur.es\/soyfriki\/wp-json\/wp\/v2\/posts\/669\/revisions"}],"wp:featuredmedia":[{"embeddable":true,"href":"https:\/\/blogs.diariosur.es\/soyfriki\/wp-json\/wp\/v2\/media\/670"}],"wp:attachment":[{"href":"https:\/\/blogs.diariosur.es\/soyfriki\/wp-json\/wp\/v2\/media?parent=669"}],"wp:term":[{"taxonomy":"category","embeddable":true,"href":"https:\/\/blogs.diariosur.es\/soyfriki\/wp-json\/wp\/v2\/categories?post=669"},{"taxonomy":"post_tag","embeddable":true,"href":"https:\/\/blogs.diariosur.es\/soyfriki\/wp-json\/wp\/v2\/tags?post=669"}],"curies":[{"name":"wp","href":"https:\/\/api.w.org\/{rel}","templated":true}]}}