{"id":67,"date":"2009-06-17T14:31:00","date_gmt":"2009-06-17T14:31:00","guid":{"rendered":"http:\/\/blogs.diariosur.es\/tuenti-facebook\/?p=67"},"modified":"2009-06-17T14:31:00","modified_gmt":"2009-06-17T14:31:00","slug":"el-fenomeno-tuenti-y-facebook-cuatro-redes-sociales-quiero","status":"publish","type":"post","link":"https:\/\/blogs.diariosur.es\/soyfriki\/2009\/06\/17\/el-fenomeno-tuenti-y-facebook-cuatro-redes-sociales-quiero\/","title":{"rendered":"El fen\u00f3meno Tuenti y Facebook en Cuatro, &#039;Redes Sociales, quiero ser tu amigo&#039;"},"content":{"rendered":"<p><object style=\"border: 0pt none ; margin: 0pt; background: transparent none repeat scroll 0% 0%; -moz-background-clip: -moz-initial; -moz-background-origin: -moz-initial; -moz-background-inline-policy: -moz-initial;\" classid=\"clsid:d27cdb6e-ae6d-11cf-96b8-444553540000\" codebase=\"http:\/\/download.macromedia.com\/pub\/shockwave\/cabs\/flash\/swflash.cab#version=9,0,0,0\" id=\"PLYVideo_cuatro\" width=\"100%\" align=\"middle\" height=\"100%\"><param  name=\"allowScriptAccess\" value=\"always\"><\/param><param  name=\"allowFullScreen\" value=\"true\"><\/param><param  name=\"FlashVars\" value=\"skin=cuatro&#038;referrer=http%3A%2F%2Fwww.cuatro.com%2Foutlet%2Fvideos%2Fpromo-especial-informativos-redes-sociales%2F20090617ctoultpro_18%2F&#038;xref=20090617ctoultpro_18.Ves&#038;playlist=&#038;conf=http:\/\/www.cuatro.com\/comunes\/multimedia\/videoAS3\/skins\/cuatro\/conf_canonical.xml&#038;id=4225\"><\/param><param  name=\"movie\" value=\"http:\/\/www.cuatro.com\/comunes\/multimedia\/videoAS3\/skins\/cuatro\/PLYVideo_cuatro.swf\"><\/param><param  name=\"quality\" value=\"high\"><\/param><param  name=\"scale\" value=\"noscale\"><\/param><param  name=\"bgcolor\" value=\"#000000\"><\/param><embed  src=\"\/\/www.cuatro.com\/comunes\/multimedia\/videoAS3\/skins\/cuatro\/PLYVideo_cuatro.swf\" quality=\"high\" scale=\"noscale\" bgcolor=\"#000000\" flashvars=\"skin=cuatro&#038;referrer=http%3A%2F%2Fwww.cuatro.com%2Foutlet%2Fvideos%2Fpromo-especial-informativos-redes-sociales%2F20090617ctoultpro_18%2F&#038;xref=20090617ctoultpro_18.Ves&#038;playlist=&#038;conf=http:\/\/www.cuatro.com\/comunes\/multimedia\/videoAS3\/skins\/cuatro\/conf_canonical.xml&#038;id=4225\" name=\"PLYVideo_cuatro\" allowscriptaccess=\"always\" allowfullscreen=\"true\" type=\"application\/x-shockwave-flash\" pluginspage=\"http:\/\/www.macromedia.com\/go\/getflashplayer\" width=\"100%\" align=\"middle\" height=\"100%\"><\/embed><\/object><br \/>\nUn reportaje especial <A href=\"http:\/\/www.cuatro.com\/reportajes\/reportajes\/redes-sociales-quiero-ser-tu-amigo\/\" title=\"http:\/\/www.cuatro.com\/reportajes\/reportajes\/redes-sociales-quiero-ser-tu-amigo\/\" id=\"link_0\">&#8216;Redes sociales, quiero ser tu amigo&#8217;<\/a>, elaborado por los reporteros de Noticias Cuatro, abordar\u00e1 el jueves 18 de junio el fen\u00f3meno tuenti-facebook que est\u00e1 cambiando la forma de comunicarnos.<\/p>\n<p>El reportaje explica en qu\u00e9 consiste una red social recurriendo a los<strong> s<\/strong><strong>eis grados de separaci\u00f3n<\/strong> que bastan para conectar a una persona con cualquier otra en una red social, nos acerca al perfil juvenil de los usuarios m\u00e1s frecuentes de estas redes, como la joven espa\u00f1ola con m\u00e1s amigos, 193.000. <\/p>\n<p>Tambi\u00e9n muestra otras utilidades de las redes sociales, como recuperar viejos amigos de la escuela o reunir a aficionados singulares (como un grupo de punto de cruz en Barcelona) o conectar un peque\u00f1o pueblo de Almer\u00eda con el mundo (en Abla, 1.500 habitantes, hay 70 usuarios de Facebook y 40 blogs).<\/p>\n<p>Asimismo, &#8216;Redes sociales, quiero ser tu amigo&#8217; hace hincapi\u00e9 en el cambio radical que ha supuesto una red social como Myspace en el mundo de la m\u00fasica, crisis aparte.<\/p>\n","protected":false},"excerpt":{"rendered":"<p>Un reportaje especial &#8216;Redes sociales, quiero ser tu amigo&#8217;, elaborado por los reporteros de Noticias Cuatro, abordar\u00e1 el jueves 18 de junio el fen\u00f3meno tuenti-facebook que est\u00e1 cambiando la forma de comunicarnos. El reportaje explica en qu\u00e9 consiste una red social recurriendo a los seis grados de separaci\u00f3n que bastan para conectar a una persona [&hellip;]<\/p>\n","protected":false},"author":7,"featured_media":0,"comment_status":"open","ping_status":"closed","sticky":false,"template":"","format":"standard","meta":[],"categories":[9],"tags":[165,317,471],"_links":{"self":[{"href":"https:\/\/blogs.diariosur.es\/soyfriki\/wp-json\/wp\/v2\/posts\/67"}],"collection":[{"href":"https:\/\/blogs.diariosur.es\/soyfriki\/wp-json\/wp\/v2\/posts"}],"about":[{"href":"https:\/\/blogs.diariosur.es\/soyfriki\/wp-json\/wp\/v2\/types\/post"}],"author":[{"embeddable":true,"href":"https:\/\/blogs.diariosur.es\/soyfriki\/wp-json\/wp\/v2\/users\/7"}],"replies":[{"embeddable":true,"href":"https:\/\/blogs.diariosur.es\/soyfriki\/wp-json\/wp\/v2\/comments?post=67"}],"version-history":[{"count":0,"href":"https:\/\/blogs.diariosur.es\/soyfriki\/wp-json\/wp\/v2\/posts\/67\/revisions"}],"wp:attachment":[{"href":"https:\/\/blogs.diariosur.es\/soyfriki\/wp-json\/wp\/v2\/media?parent=67"}],"wp:term":[{"taxonomy":"category","embeddable":true,"href":"https:\/\/blogs.diariosur.es\/soyfriki\/wp-json\/wp\/v2\/categories?post=67"},{"taxonomy":"post_tag","embeddable":true,"href":"https:\/\/blogs.diariosur.es\/soyfriki\/wp-json\/wp\/v2\/tags?post=67"}],"curies":[{"name":"wp","href":"https:\/\/api.w.org\/{rel}","templated":true}]}}