{"id":672,"date":"2012-04-30T21:17:29","date_gmt":"2012-04-30T20:17:29","guid":{"rendered":"http:\/\/blogs.diariosur.es\/soyfriki\/?p=672"},"modified":"2012-04-30T21:17:29","modified_gmt":"2012-04-30T20:17:29","slug":"dos-cursos-de-community-manager-para-este-mes-en-malaga","status":"publish","type":"post","link":"https:\/\/blogs.diariosur.es\/soyfriki\/2012\/04\/30\/dos-cursos-de-community-manager-para-este-mes-en-malaga\/","title":{"rendered":"Dos cursos de Community Manager para este mes en M\u00e1laga"},"content":{"rendered":"<p>Dedicado a aquellos que me andan siempre preguntando por un <strong>curso de Community Manager en M\u00e1laga,<\/strong> decente y barato. Pues bien, este mes de mayo nos vienen 2 a falta de uno. Decentes no lo s\u00e9 (estoy esperando que me inviten para contaros), baratos seg\u00fan se vea. Uno, m\u00e1s cortito sale por 450 euros, y otro por 1.500. No, no es para tom\u00e1rselo a la ligera.<\/p>\n<p>&nbsp;<\/p>\n<h2>Fundaci\u00f3n Valent\u00edn de Madariaga<\/h2>\n<p><img loading=\"lazy\" class=\"alignleft\" src=\"\/\/t1.gstatic.com\/images?q=tbn:ANd9GcQZDuyBoXLEuaqqppjmp6dtp1lIcS4Isc9eOE81CYegWiPN1GkJYQ\" alt=\"\" width=\"262\" height=\"123\" \/>Os cuento que el primero de ellos (no por importante, sino porque lo ten\u00eda primero en mi bandeja de <strong>Outlook<\/strong>) viene\u00a0desde la <strong><a href=\"http:\/\/www.fundacion.madariaga-mp.com\/\" target=\"_blank\" rel=\"external nofollow\">Fundaci\u00f3n Valent\u00edn de Madariaga<\/a><\/strong> que ofrece un curso de<strong> Social Media Management,<\/strong> de 30 horas de duraci\u00f3n. Y, como os dec\u00eda, por <strong>450 euros<\/strong>. Pero\u00a0puede ser totalmente bonificable para trabajadores a trav\u00e9s de la <strong>Fundaci\u00f3n Tripartita.<\/strong><\/p>\n<p>Orientado a profesionales del \u00e1mbito de la <strong>comunicaci\u00f3n<\/strong>, <strong>marketing<\/strong> e <strong>inform\u00e1tica<\/strong>, y p<strong>rofesionales del 2.0<\/strong> en general. \u00a0Este curso se realizar\u00e1 en dos sedes: <strong>Sevilla<\/strong> y <strong>M\u00e1laga<\/strong>. Pese a todo, su inicio no est\u00e1 completamente definido. Y se sabe que es este mes, pero poco m\u00e1s.<\/p>\n<ul>\n<li>En M\u00e1laga, la ponente es<strong> Keka S\u00e1nchez, <a href=\"http:\/\/twitter.com\/@kekasanchez\" rel=\"external nofollow\">@kekasanchez<\/a><\/strong>, consultora de Estrategia de Marketing en Redes Sociales. Ser\u00e1 en el <strong>Centro de Incubaci\u00f3n y Formaci\u00f3n<\/strong> ubicado en C\/ Severo Ochoa, n\u00ba 59, <strong>Parque Tecnol\u00f3gico de Andaluc\u00eda.<\/strong>\u00a0<em>Su horario ser\u00e1 jueves y viernes de 16.00 a 20.00 horas.\u00a0<\/em><\/li>\n<\/ul>\n<ul>\n<li>En Sevilla, el curso estar\u00e1 impartido por <strong>Jos\u00e9 Cantalejo<\/strong>, socio de <strong>Aerco<\/strong> (Asociaci\u00f3n Espa\u00f1ola de Responsables de Comunidad y Profesionales de Social Media) y perteneciente a la empresa <strong>IWAN21<\/strong>. Este curso se impartir\u00e1 en la sede de la <strong>Fundaci\u00f3n<\/strong>, en Avda Mar\u00eda Luisa s\/n. <em>Su horario ser\u00e1 jueves y viernes alternos, de 16.00 a 20.00 horas.<\/em><\/li>\n<\/ul>\n<p><span style=\"text-decoration: underline;\">M\u00e1s informaci\u00f3n en la web\u00a0<a href=\"http:\/\/www.linkedin.com\/redirect?url=http%3A%2F%2Fwww%2Efundacion%2Emadariaga-mp%2Ecom%2F&#038;urlhash=7Auk&#038;_t=mbox_mebc\" rel=\"external nofollow\">http:\/\/www.fundacion.madariaga-mp.com\/<\/a>\u00a0o en <a href=\"mailto:cursos_fvmo@mpcorporacion.com\" target=\"_blank\">cursos_fvmo@mpcorporacion.com.<\/a><\/span><\/p>\n<p>&nbsp;<\/p>\n<h2><\/h2>\n<h2>ICEMD-ESIC\u00a0M\u00e1laga<\/h2>\n<p><img loading=\"lazy\" class=\"alignleft\" src=\"\/\/www.esic.edu\/exedigital\/imagenes\/logo_dex.jpg\" alt=\"\" width=\"322\" height=\"70\" \/>Luego, tenemos el de <strong>\u00a0<a href=\"http:\/\/www.ecrmserver.net\/ecrm\/mensajes\/esic\/1469\/index2.htm\" target=\"_blank\" rel=\"external nofollow\">ICEMD-ESIC\u00a0M\u00e1laga<\/a><\/strong>, que s\u00ed sabemos que comienza el <strong>4 de mayo<\/strong>, con total seguridad. Una formaci\u00f3n hasta el <strong>9\u00a0de junio<\/strong>, <em>los\u00a0viernes de 17.00 a 22.00 y los\u00a0s\u00e1bados de 9.00 a 14.00 horas<\/em>.\u00a0<strong>60 horas<\/strong> lectivas en total por<strong> 1.500 euros en\u00a0<a href=\"http:\/\/www.ecrmserver.net\/ecrm\/mensajes\/esic\/1469\/index2.htm\" target=\"_blank\" rel=\"external nofollow\">ESIC<\/a>,\u00a0<\/strong>Severo Ochoa, 49 \u00a0tambi\u00e9n\u00a0Parque Tecnol\u00f3gico de Andaluc\u00eda. Y tambi\u00e9n b<strong>onificable a trav\u00e9s de la Fundaci\u00f3n Tripartita.<\/strong><\/p>\n<p>El temario son\u00a0<strong>entornos 2.0<\/strong>, <strong>estrategia digital,<\/strong> <strong>el rol del Community Manager,<\/strong> <strong>la reputaci\u00f3n online corporativa<\/strong>, c\u00f3mo expresarte en redes sociales, la <strong>gesti\u00f3n y la monitorizaci\u00f3n<\/strong> para los social media, c\u00f3mo definir tu propia comunidad, <strong>plataformas de publicaci\u00f3n<\/strong>, la gesti\u00f3n de las interacciones,<strong> los aspectos legales b\u00e1sicos<\/strong>&#8230; En definitiva:\u00a0<strong>gesti\u00f3n de cliente e imagen de marca<\/strong>.<\/p>\n<p>Adem\u00e1s, el programa ya define programas base como <strong>hootsuite o<\/strong>\u00a0<strong>tweetdeck <\/strong>que indefectiblemente van a estar en el temario Con gente tan chula como <a href=\"http:\/\/twitter.com\/idavega \" target=\"_blank\" rel=\"external nofollow\">@<\/a><strong><a href=\"http:\/\/twitter.com\/idavega \" target=\"_blank\" rel=\"external nofollow\">idavega <\/a>y\u00a0<a href=\"http:\/\/Twitter.com\/dreig\" target=\"_blank\" rel=\"external nofollow\">@dreig<\/a> <\/strong>en el claustro, entre otros.\u00a0Adem\u00e1s, con <strong>titulaci\u00f3n del\u00a0Curso\u00a0Especializado en Community Management.<\/strong><\/p>\n<p><span style=\"text-decoration: underline;\">M\u00e1s informaci\u00f3n en la web\u00a0<a href=\"http:\/\/www.ecrmserver.net\/ecrm\/mensajes\/esic\/1469\/index2.htm\" rel=\"external nofollow\">http:\/\/www.ecrmserver.net\/ecrm\/mensajes\/esic\/1469\/index2.htm<\/a>\u00a0y\u00a0<a href=\"mailto:info.malaga@esic.es?subject=M%C3%A1s%20informaci%C3%B3n%20CECM\">info.malaga@esic.es<\/a>.\u00a0<\/span><\/p>\n","protected":false},"excerpt":{"rendered":"<p>Dedicado a aquellos que me andan siempre preguntando por un curso de Community Manager en M\u00e1laga, decente y barato. Pues bien, este mes de mayo nos vienen 2 a falta de uno. Decentes no lo s\u00e9 (estoy esperando que me inviten para contaros), baratos seg\u00fan se vea. Uno, m\u00e1s cortito sale por 450 euros, y [&hellip;]<\/p>\n","protected":false},"author":7,"featured_media":0,"comment_status":"open","ping_status":"closed","sticky":false,"template":"","format":"standard","meta":[],"categories":[5,7,8],"tags":[102,113,156,159,281],"_links":{"self":[{"href":"https:\/\/blogs.diariosur.es\/soyfriki\/wp-json\/wp\/v2\/posts\/672"}],"collection":[{"href":"https:\/\/blogs.diariosur.es\/soyfriki\/wp-json\/wp\/v2\/posts"}],"about":[{"href":"https:\/\/blogs.diariosur.es\/soyfriki\/wp-json\/wp\/v2\/types\/post"}],"author":[{"embeddable":true,"href":"https:\/\/blogs.diariosur.es\/soyfriki\/wp-json\/wp\/v2\/users\/7"}],"replies":[{"embeddable":true,"href":"https:\/\/blogs.diariosur.es\/soyfriki\/wp-json\/wp\/v2\/comments?post=672"}],"version-history":[{"count":0,"href":"https:\/\/blogs.diariosur.es\/soyfriki\/wp-json\/wp\/v2\/posts\/672\/revisions"}],"wp:attachment":[{"href":"https:\/\/blogs.diariosur.es\/soyfriki\/wp-json\/wp\/v2\/media?parent=672"}],"wp:term":[{"taxonomy":"category","embeddable":true,"href":"https:\/\/blogs.diariosur.es\/soyfriki\/wp-json\/wp\/v2\/categories?post=672"},{"taxonomy":"post_tag","embeddable":true,"href":"https:\/\/blogs.diariosur.es\/soyfriki\/wp-json\/wp\/v2\/tags?post=672"}],"curies":[{"name":"wp","href":"https:\/\/api.w.org\/{rel}","templated":true}]}}