{"id":69,"date":"2009-06-18T10:47:00","date_gmt":"2009-06-18T10:47:00","guid":{"rendered":"http:\/\/blogs.diariosur.es\/tuenti-facebook\/?p=69"},"modified":"2009-06-18T10:47:00","modified_gmt":"2009-06-18T10:47:00","slug":"diez-anos-microsoft-messenger-con-mejores-historias-de","status":"publish","type":"post","link":"https:\/\/blogs.diariosur.es\/soyfriki\/2009\/06\/18\/diez-anos-microsoft-messenger-con-mejores-historias-de\/","title":{"rendered":"Diez a\u00f1os de Microsoft Messenger con las mejores historias de usuarios"},"content":{"rendered":"<p><IMG style=\"width: 238px; height: 160px;\" class=\"imgdcha\" src=\"\/\/img.wlxrs.com\/a-znpDZm0ixm3DORLnQpWg\/default\/img\/default0.jpg\" id=\"img_0\">Microsoft puede estar feliz luego de que en unos d\u00edas m\u00e1s se celebre el d\u00e9cimo cumplea\u00f1os de su popular sistema de mensajer\u00eda instant\u00e1nea que ya acapara m\u00e1s de 330 millones de Usuarios. El 22 de julio de 1999 un r\u00fastico programa permit\u00eda las conversaciones en l\u00ednea de Microsoft.<\/p>\n<p>Dicho programa, que permit\u00eda conectarse a la red .NET Messenger Service fue un boom en su momento. Para el aniversario el Windows Live Team <A href=\"http:\/\/download.live.com\/\" title=\"http:\/\/download.live.com\/\" id=\"link_0\">invita a los usuarios a que env\u00eden sus historias tras usar Messenger<\/a> .<\/p>\n","protected":false},"excerpt":{"rendered":"<p>Microsoft puede estar feliz luego de que en unos d\u00edas m\u00e1s se celebre el d\u00e9cimo cumplea\u00f1os de su popular sistema de mensajer\u00eda instant\u00e1nea que ya acapara m\u00e1s de 330 millones de Usuarios. El 22 de julio de 1999 un r\u00fastico programa permit\u00eda las conversaciones en l\u00ednea de Microsoft. Dicho programa, que permit\u00eda conectarse a la [&hellip;]<\/p>\n","protected":false},"author":7,"featured_media":0,"comment_status":"open","ping_status":"closed","sticky":false,"template":"","format":"standard","meta":[],"categories":[9],"tags":[300,303],"_links":{"self":[{"href":"https:\/\/blogs.diariosur.es\/soyfriki\/wp-json\/wp\/v2\/posts\/69"}],"collection":[{"href":"https:\/\/blogs.diariosur.es\/soyfriki\/wp-json\/wp\/v2\/posts"}],"about":[{"href":"https:\/\/blogs.diariosur.es\/soyfriki\/wp-json\/wp\/v2\/types\/post"}],"author":[{"embeddable":true,"href":"https:\/\/blogs.diariosur.es\/soyfriki\/wp-json\/wp\/v2\/users\/7"}],"replies":[{"embeddable":true,"href":"https:\/\/blogs.diariosur.es\/soyfriki\/wp-json\/wp\/v2\/comments?post=69"}],"version-history":[{"count":0,"href":"https:\/\/blogs.diariosur.es\/soyfriki\/wp-json\/wp\/v2\/posts\/69\/revisions"}],"wp:attachment":[{"href":"https:\/\/blogs.diariosur.es\/soyfriki\/wp-json\/wp\/v2\/media?parent=69"}],"wp:term":[{"taxonomy":"category","embeddable":true,"href":"https:\/\/blogs.diariosur.es\/soyfriki\/wp-json\/wp\/v2\/categories?post=69"},{"taxonomy":"post_tag","embeddable":true,"href":"https:\/\/blogs.diariosur.es\/soyfriki\/wp-json\/wp\/v2\/tags?post=69"}],"curies":[{"name":"wp","href":"https:\/\/api.w.org\/{rel}","templated":true}]}}