{"id":696,"date":"2012-05-29T12:50:36","date_gmt":"2012-05-29T11:50:36","guid":{"rendered":"http:\/\/blogs.diariosur.es\/soyfriki\/?p=696"},"modified":"2012-05-29T12:50:36","modified_gmt":"2012-05-29T11:50:36","slug":"eatsandtwitts-llega-el-31-a-la-moraga-de-antonio-martin","status":"publish","type":"post","link":"https:\/\/blogs.diariosur.es\/soyfriki\/2012\/05\/29\/eatsandtwitts-llega-el-31-a-la-moraga-de-antonio-martin\/","title":{"rendered":"EatsAndTwitts llega el 31 a La Moraga de Antonio Mart\u00edn"},"content":{"rendered":"<p><span style=\"color: #000000;\">\u00a1Por fin vuelve el <a href=\"https:\/\/blogs.diariosur.es\/soyfriki\/?s=Eats+and+Twitts\"><span style=\"color: #000000;\"><strong>EatsAndTwitts<\/strong><\/span><\/a>! Despu\u00e9s de un intento fallido hace unos meses, <strong>el pr\u00f3ximo 31 de mayo<\/strong> llega a <strong>La Moraga de la Malagueta<\/strong> (s\u00ed, la de <a href=\"http:\/\/twitter.com\/DaniGarcia_ca\" target=\"_blank\" rel=\"external nofollow\"><span style=\"color: #000000;\"><strong>Dani Garc\u00eda<\/strong><\/span><\/a>) este evento gastron\u00f3mico y de networking.<\/span><\/p>\n<p><span style=\"color: #000000;\">Los que hemos pasado por all\u00ed sabemos que el <a href=\"https:\/\/blogs.diariosur.es\/soyfriki\/2012\/05\/29\/eatsandtwitts-llega-el-31-a-la-moraga-de-antonio-martin\/\"><span style=\"color: #000000;\"><strong>EatsAndTwitts<\/strong> <\/span><\/a>es un evento genial para realizar <strong>networking<\/strong> de calidad, <strong>desvirtualizar<\/strong> contactos de la red, intercambiar <strong>tarjetas<\/strong>&#8230; Es decir, la esencia de las <strong>redes sociales<\/strong>.<\/span><\/p>\n<h3><strong><span style=\"color: #000000;\">Las referencias<\/span><\/strong><\/h3>\n<p><span style=\"color: #000000;\">Estas reuniones cumplen ya 3 a\u00f1os en <strong>M\u00e1laga<\/strong> y cuentan participaci\u00f3n de los tuiteros m\u00e1s conocidos y seguidos. Sobran nombres&#8230; Este evento ser\u00e1 el n\u00famero 41 y ha sido realizado en 13 ciudades de toda <strong>Espa\u00f1a<\/strong> como <strong>Madrid<\/strong>, <strong>Barcelona<\/strong>, <strong>Valencia<\/strong>, <strong>Sevilla<\/strong>, <strong>Bilbao<\/strong>, <strong>Pamplona <\/strong>o <strong>Palma de Mallorca<\/strong> entre otras.<\/span><\/p>\n<p><span style=\"color: #000000;\"><a href=\"http:\/\/twitter.com\/antoniodomingo \" target=\"_blank\" rel=\"external nofollow\"><span style=\"color: #000000;\"><strong>Antonio Domingo<\/strong><\/span><\/a>, dedicado m\u00e1s de 20 a\u00f1os al <strong>networking<\/strong> y a <strong>Internet<\/strong> es su fundador. Antonio se dedica a organizar eventos relacionados con entornos de social media. En <strong>M\u00e1laga<\/strong> cuenta con el apoyo de <a href=\"http:\/\/twitter.com\/gemagarrido\" target=\"_blank\" rel=\"external nofollow\"><span style=\"color: #000000;\"><strong>Gema Garrido<\/strong><\/span><\/a>, profesional de larga trayectoria en <strong>turismo<\/strong>. Dos excepcionales referencias.<\/span><\/p>\n<div id=\"attachment_698\" style=\"width: 240px\" class=\"wp-caption alignleft\"><span style=\"color: #000000;\"><a href=\"\/soyfriki\/wp-content\/uploads\/sites\/14\/2012\/05\/foto1.jpg\"><span style=\"color: #000000;\"><img aria-describedby=\"caption-attachment-698\" loading=\"lazy\" class=\"size-full wp-image-698   \" title=\"Eats and Twitts en Malaga\" src=\"\/soyfriki\/wp-content\/uploads\/sites\/14\/2012\/05\/foto1.jpg\" alt=\"El \u00faltimo Eats and Twitts en Malaga\" width=\"230\" height=\"173\" srcset=\"https:\/\/static-blogs.diariosur.es\/wp-content\/uploads\/sites\/14\/2012\/05\/foto1.jpg 800w, https:\/\/static-blogs.diariosur.es\/wp-content\/uploads\/sites\/14\/2012\/05\/foto1-300x225.jpg 300w, https:\/\/static-blogs.diariosur.es\/wp-content\/uploads\/sites\/14\/2012\/05\/foto1-768x576.jpg 768w\" sizes=\"(max-width: 230px) 100vw, 230px\" \/><\/span><\/a><\/span><p id=\"caption-attachment-698\" class=\"wp-caption-text\">Eats and Twitts en Malaga<\/p><\/div>\n<h3><span style=\"color: #000000;\"><a href=\"https:\/\/blogs.diariosur.es\/soyfriki\/2010\/11\/23\/eats-twitts-y-alcalde-sorpresa\/\" target=\"_blank\"><span style=\"color: #000000;\">EatsAndTwitts<\/span><\/a><\/span><\/h3>\n<p>&nbsp;<\/p>\n<ul>\n<li><span style=\"color: #000000;\"><strong>D\u00f3nde\u00a0\u00a0 \u00a0<\/strong><em><a href=\"http:\/\/maps.google.es\/maps?q=la+moraga+antonio+martin&#038;hl=es&#038;sll=37.266437,-4.415587&#038;sspn=0.014327,0.01929&#038;t=m&#038;z=16&#038;iwloc=A\" target=\"_blank\" rel=\"external nofollow\"><span style=\"color: #000000;\">La Moraga Antonio Mart\u00edn. C\/ Malagueta, 4. M\u00e1laga<\/span><\/a><\/em><\/span><\/li>\n<li><span style=\"color: #000000;\"><strong>Cu\u00e1ndo\u00a0\u00a0 \u00a0<\/strong><em>Jueves 31 de mayo de 2012<\/em><\/span><\/li>\n<li><span style=\"color: #000000;\"><strong>Hora\u00a0\u00a0 \u00a0<\/strong><em>A partir de las 14:00 hrs.<\/em><\/span><\/li>\n<li><span style=\"color: #000000;\"><strong>Precio\u00a0\u00a0 \u00a0<\/strong><em>22,00 \u20ac<\/em><\/span><\/li>\n<li><span style=\"color: #000000;\"><strong>Compra tu entrada\u00a0<\/strong>\u00a0 <em><a href=\"http:\/\/www.ticketea.com\/entradas-eatsandtwitts-malaga  \" target=\"_blank\" rel=\"external nofollow\"><span style=\"color: #000000;\">http:\/\/www.ticketea.com\/entradas-eatsandtwitts-malaga \u00a0<\/span><\/a><\/em><\/span><\/li>\n<\/ul>\n","protected":false},"excerpt":{"rendered":"<p>\u00a1Por fin vuelve el EatsAndTwitts! Despu\u00e9s de un intento fallido hace unos meses, el pr\u00f3ximo 31 de mayo llega a La Moraga de la Malagueta (s\u00ed, la de Dani Garc\u00eda) este evento gastron\u00f3mico y de networking. Los que hemos pasado por all\u00ed sabemos que el EatsAndTwitts es un evento genial para realizar networking de calidad, [&hellip;]<\/p>\n","protected":false},"author":7,"featured_media":697,"comment_status":"open","ping_status":"closed","sticky":false,"template":"","format":"standard","meta":[],"categories":[5,7,10],"tags":[56,63,138,162,280,281,320,347,388,408,483,492],"_links":{"self":[{"href":"https:\/\/blogs.diariosur.es\/soyfriki\/wp-json\/wp\/v2\/posts\/696"}],"collection":[{"href":"https:\/\/blogs.diariosur.es\/soyfriki\/wp-json\/wp\/v2\/posts"}],"about":[{"href":"https:\/\/blogs.diariosur.es\/soyfriki\/wp-json\/wp\/v2\/types\/post"}],"author":[{"embeddable":true,"href":"https:\/\/blogs.diariosur.es\/soyfriki\/wp-json\/wp\/v2\/users\/7"}],"replies":[{"embeddable":true,"href":"https:\/\/blogs.diariosur.es\/soyfriki\/wp-json\/wp\/v2\/comments?post=696"}],"version-history":[{"count":0,"href":"https:\/\/blogs.diariosur.es\/soyfriki\/wp-json\/wp\/v2\/posts\/696\/revisions"}],"wp:featuredmedia":[{"embeddable":true,"href":"https:\/\/blogs.diariosur.es\/soyfriki\/wp-json\/wp\/v2\/media\/697"}],"wp:attachment":[{"href":"https:\/\/blogs.diariosur.es\/soyfriki\/wp-json\/wp\/v2\/media?parent=696"}],"wp:term":[{"taxonomy":"category","embeddable":true,"href":"https:\/\/blogs.diariosur.es\/soyfriki\/wp-json\/wp\/v2\/categories?post=696"},{"taxonomy":"post_tag","embeddable":true,"href":"https:\/\/blogs.diariosur.es\/soyfriki\/wp-json\/wp\/v2\/tags?post=696"}],"curies":[{"name":"wp","href":"https:\/\/api.w.org\/{rel}","templated":true}]}}