{"id":700,"date":"2012-05-31T20:15:58","date_gmt":"2012-05-31T19:15:58","guid":{"rendered":"http:\/\/blogs.diariosur.es\/soyfriki\/?p=700"},"modified":"2012-05-31T20:15:58","modified_gmt":"2012-05-31T19:15:58","slug":"plandegira-debuta-en-el-primavera-sound","status":"publish","type":"post","link":"https:\/\/blogs.diariosur.es\/soyfriki\/2012\/05\/31\/plandegira-debuta-en-el-primavera-sound\/","title":{"rendered":"plandeGira debuta en el Primavera Sound"},"content":{"rendered":"<p><img loading=\"lazy\" class=\"alignleft size-full wp-image-701\" title=\"pdg_positivo[1]\" src=\"\/soyfriki\/wp-content\/uploads\/sites\/14\/2012\/05\/pdg_positivo1.jpg\" alt=\"\" width=\"284\" height=\"284\" srcset=\"https:\/\/static-blogs.diariosur.es\/wp-content\/uploads\/sites\/14\/2012\/05\/pdg_positivo1.jpg 284w, https:\/\/static-blogs.diariosur.es\/wp-content\/uploads\/sites\/14\/2012\/05\/pdg_positivo1-150x150.jpg 150w\" sizes=\"(max-width: 284px) 100vw, 284px\" \/><\/p>\n<p><span style=\"color: #000000;\">Los <a href=\"http:\/\/plandegira.com\" rel=\"external nofollow\"><span style=\"color: #000000;\"><strong>plandeGira<\/strong> <\/span><\/a>llegan al<strong> Primavera Sound<\/strong>. A tocar no, pero casi&#8230; <strong>plandeGira<\/strong> es una herramienta para la gesti\u00f3n de giras musicales. Una la web que permite a los <strong>artistas<\/strong> y <strong>promotores<\/strong> la contrataci\u00f3n de salas y transporte desde la <strong>plataforma online<\/strong>. Pues es 100% de <strong>M\u00e1laga<\/strong> y se presentar\u00e1 oficialmente en el\u00a0<strong><a title=\"Presentaci\u00f3n PDG Primavera PRO\" href=\"http:\/\/pro.primaverasound.com\/event\/view\/id\/58\" target=\"_blank\" data-bitly-type=\"bitly_hover_card\" rel=\"external nofollow\"><span style=\"color: #000000;\">Primavera Sound PRO<\/span><\/a><\/strong>, este 1 de junio\u00a0a las\u00a015.00 horas.\u00a0<\/span><\/p>\n<p><span style=\"color: #000000;\"><strong>Suerte lo primero&#8230; <\/strong><\/span><\/p>\n<p><span style=\"color: #000000;\"><strong>Alejandro G\u00f3mez, Javier Moral, J. Luis Fern\u00e1ndez<\/strong> son los ide\u00f3logos de esta herramienta. Con la peque\u00f1a <strong>Mar\u00eda Godoy<\/strong>\u00a0(m\u00e1s conocida como <strong>Mary Red<\/strong>)de escudera. Un proyectazo para que <strong>artistas y promotores<\/strong> contraten directamente la salas. <\/span><\/p>\n<p><span style=\"color: #000000;\">Los perfiles de las <strong>bandas<\/strong> son autogestionados con <strong>fotos<\/strong>, <strong>listas<\/strong> de reproducci\u00f3n y cualquier informaci\u00f3n relacionada. Las <strong>salas<\/strong> participan activamente gestionando <strong>tarifas<\/strong> y sus <strong>espacios<\/strong>, <strong>vendiendo entradas<\/strong>, etc.\u00a0<strong>plandeGira<\/strong> se integra con\u00a0las<strong> redes sociales<\/strong> y pero sobre todo con plataformas como\u00a0<strong><a href=\"www.spotify.com\"><span style=\"color: #000000;\">Spotify<\/span><\/a><\/strong>,<strong> <a href=\"http:\/\/Last.fm\" rel=\"external nofollow\"><span style=\"color: #000000;\">Last.fm<\/span><\/a><\/strong> o <strong><a href=\"http:\/\/soundcloud.com\" rel=\"external nofollow\"><span style=\"color: #000000;\">Sound Cloud<\/span><\/a><\/strong>.<\/span><\/p>\n<p><span style=\"color: #000000;\">El proyecto cuenta con el apoyo de diferentes <strong>Asociaciones de Salas de Conciertos<\/strong>, as\u00ed como <strong>bandas y sellos<\/strong> que han ayudado a construir una herramienta. De hecho,<strong>\u00a0Santi Ara\u00fajo<\/strong>\u00a0del grupo\u00a0<strong>La Familia<\/strong>\u00a0y\u00a0<strong>Manuel Torres<\/strong>, socio de la<strong>\u00a0sala Par\u00eds 15<\/strong>, apadrinan el bautizo festivalero.\u00a0Los se\u00f1ores de <strong>Primavera Sound Pro<\/strong> ya la definen como &#8220;el <a href=\"http:\/\/tripadvisor.com\" rel=\"external nofollow\"><span style=\"color: #000000;\"><strong>TripAdvisor<\/strong> <\/span><\/a>de la m\u00fasica en directo&#8221;<\/span>.<\/p>\n<p style=\"text-align: center;\"><a href=\"\/soyfriki\/wp-content\/uploads\/sites\/14\/2012\/05\/plandegira1.jpg\"><img loading=\"lazy\" class=\"size-full wp-image-702 aligncenter\" title=\"plandegira[1]\" src=\"\/soyfriki\/wp-content\/uploads\/sites\/14\/2012\/05\/plandegira1.jpg\" alt=\"\" width=\"585\" height=\"374\" srcset=\"https:\/\/static-blogs.diariosur.es\/wp-content\/uploads\/sites\/14\/2012\/05\/plandegira1.jpg 650w, https:\/\/static-blogs.diariosur.es\/wp-content\/uploads\/sites\/14\/2012\/05\/plandegira1-300x192.jpg 300w\" sizes=\"(max-width: 585px) 100vw, 585px\" \/><\/a><\/p>\n","protected":false},"excerpt":{"rendered":"<p>Los plandeGira llegan al Primavera Sound. A tocar no, pero casi&#8230; plandeGira es una herramienta para la gesti\u00f3n de giras musicales. Una la web que permite a los artistas y promotores la contrataci\u00f3n de salas y transporte desde la plataforma online. Pues es 100% de M\u00e1laga y se presentar\u00e1 oficialmente en el\u00a0Primavera Sound PRO, este [&hellip;]<\/p>\n","protected":false},"author":7,"featured_media":0,"comment_status":"open","ping_status":"closed","sticky":false,"template":"","format":"standard","meta":[],"categories":[5,8],"tags":[],"_links":{"self":[{"href":"https:\/\/blogs.diariosur.es\/soyfriki\/wp-json\/wp\/v2\/posts\/700"}],"collection":[{"href":"https:\/\/blogs.diariosur.es\/soyfriki\/wp-json\/wp\/v2\/posts"}],"about":[{"href":"https:\/\/blogs.diariosur.es\/soyfriki\/wp-json\/wp\/v2\/types\/post"}],"author":[{"embeddable":true,"href":"https:\/\/blogs.diariosur.es\/soyfriki\/wp-json\/wp\/v2\/users\/7"}],"replies":[{"embeddable":true,"href":"https:\/\/blogs.diariosur.es\/soyfriki\/wp-json\/wp\/v2\/comments?post=700"}],"version-history":[{"count":0,"href":"https:\/\/blogs.diariosur.es\/soyfriki\/wp-json\/wp\/v2\/posts\/700\/revisions"}],"wp:attachment":[{"href":"https:\/\/blogs.diariosur.es\/soyfriki\/wp-json\/wp\/v2\/media?parent=700"}],"wp:term":[{"taxonomy":"category","embeddable":true,"href":"https:\/\/blogs.diariosur.es\/soyfriki\/wp-json\/wp\/v2\/categories?post=700"},{"taxonomy":"post_tag","embeddable":true,"href":"https:\/\/blogs.diariosur.es\/soyfriki\/wp-json\/wp\/v2\/tags?post=700"}],"curies":[{"name":"wp","href":"https:\/\/api.w.org\/{rel}","templated":true}]}}