{"id":707,"date":"2012-06-24T23:35:52","date_gmt":"2012-06-24T22:35:52","guid":{"rendered":"http:\/\/blogs.diariosur.es\/soyfriki\/?p=707"},"modified":"2012-06-24T23:35:52","modified_gmt":"2012-06-24T22:35:52","slug":"buscas-trabajo-cafejobs-debuta-en-malaga","status":"publish","type":"post","link":"https:\/\/blogs.diariosur.es\/soyfriki\/2012\/06\/24\/buscas-trabajo-cafejobs-debuta-en-malaga\/","title":{"rendered":"\u00bfBuscas trabajo? Caf\u00e9&#038;Jobs debuta en M\u00e1laga"},"content":{"rendered":"<div id=\"attachment_710\" style=\"width: 285px\" class=\"wp-caption alignleft\"><a href=\"\/soyfriki\/wp-content\/uploads\/sites\/14\/2012\/06\/cafejobs1.jpg\"><img aria-describedby=\"caption-attachment-710\" loading=\"lazy\" class=\"size-full wp-image-710\" title=\"cafe&#038;jobs\" src=\"\/soyfriki\/wp-content\/uploads\/sites\/14\/2012\/06\/cafejobs1.jpg\" alt=\"\" width=\"275\" height=\"183\" \/><\/a><p id=\"caption-attachment-710\" class=\"wp-caption-text\">Cafe&Jobs por www.24-200.com en Flickr.com<\/p><\/div>\n<p><strong>Eats&#038;Tuits<\/strong>, <strong>Tapas&#038;Tweets<\/strong>&#8230; Y ahora <span style=\"text-decoration: underline;\"><strong>Caf\u00e9&#038;Jobs<\/strong><\/span>. S\u00ed, son muchos y por esa denominaci\u00f3n parecen todos iguales. Pero no. Este encuentro que llega ma\u00f1ana, <strong>Caf\u00e9&#038;Jobs<\/strong>, es una reuni\u00f3n para darse a conocer a profesionales de<strong> Recursos Humanos<\/strong> que buscan cubrir puestos vacantes en los procesos de selecci\u00f3n que tienen abiertos. Y eso, con un caf\u00e9 de por medio.<\/p>\n<p>Pues eso, que este lunes se celebra el primer <strong><span style=\"text-decoration: underline;\">Caf\u00e9&#038;Jobs en M\u00e1laga, a las 18 horas en Restaurante Alea<\/span><\/strong> y, por desgracia para los que no est\u00e1n apuntados, con plazas completas. Dicen los que lo organizan que con <strong>Caf\u00e9&#038;Jobs<\/strong> buscar trabajo es m\u00e1s sencillo, porque \u201cel entrevistador es un compa\u00f1ero de mesa que conoce directamente a un posible candidato para sus procesos de selecci\u00f3n\u201d.<\/p>\n<p>En <strong>Espa\u00f1a Caf\u00e9&#038;Jobs<\/strong> llevan m\u00e1s de <strong>5.000 entrevistas<\/strong> de trabajo realizadas en tres ciudades y <strong>40 puestos de trabajo asignados<\/strong>. Y luego <strong>Barcelona<\/strong>, <strong>Madrid<\/strong> y finalmente en <strong>Valencia<\/strong>. \u00a1Ah,!y si te interesa asistir como empresa seleccionadora a\u00a0<strong>Caf\u00e9&#038;Jobs<\/strong>, tambi\u00e9n puedes hacerlo. Sin duda, los que m\u00e1s interesa en estos tiempos.<\/p>\n<p><span style=\"text-decoration: underline;\"><strong><a href=\"http:\/\/cafeandjobs.com\/\" target=\"_blank\" rel=\"external nofollow\">M\u00e1s informaci\u00f3n de\u00a0Caf\u00e9&#038;Jobs en M\u00e1laga<\/a><\/strong><\/span><\/p>\n<p>&nbsp;<\/p>\n","protected":false},"excerpt":{"rendered":"<p>Eats&#038;Tuits, Tapas&#038;Tweets&#8230; Y ahora Caf\u00e9&#038;Jobs. S\u00ed, son muchos y por esa denominaci\u00f3n parecen todos iguales. Pero no. Este encuentro que llega ma\u00f1ana, Caf\u00e9&#038;Jobs, es una reuni\u00f3n para darse a conocer a profesionales de Recursos Humanos que buscan cubrir puestos vacantes en los procesos de selecci\u00f3n que tienen abiertos. Y eso, con un caf\u00e9 de por [&hellip;]<\/p>\n","protected":false},"author":7,"featured_media":0,"comment_status":"open","ping_status":"closed","sticky":false,"template":"","format":"standard","meta":[],"categories":[5,7,8],"tags":[56,76,138,146,150,280,281,440,463,492],"_links":{"self":[{"href":"https:\/\/blogs.diariosur.es\/soyfriki\/wp-json\/wp\/v2\/posts\/707"}],"collection":[{"href":"https:\/\/blogs.diariosur.es\/soyfriki\/wp-json\/wp\/v2\/posts"}],"about":[{"href":"https:\/\/blogs.diariosur.es\/soyfriki\/wp-json\/wp\/v2\/types\/post"}],"author":[{"embeddable":true,"href":"https:\/\/blogs.diariosur.es\/soyfriki\/wp-json\/wp\/v2\/users\/7"}],"replies":[{"embeddable":true,"href":"https:\/\/blogs.diariosur.es\/soyfriki\/wp-json\/wp\/v2\/comments?post=707"}],"version-history":[{"count":0,"href":"https:\/\/blogs.diariosur.es\/soyfriki\/wp-json\/wp\/v2\/posts\/707\/revisions"}],"wp:attachment":[{"href":"https:\/\/blogs.diariosur.es\/soyfriki\/wp-json\/wp\/v2\/media?parent=707"}],"wp:term":[{"taxonomy":"category","embeddable":true,"href":"https:\/\/blogs.diariosur.es\/soyfriki\/wp-json\/wp\/v2\/categories?post=707"},{"taxonomy":"post_tag","embeddable":true,"href":"https:\/\/blogs.diariosur.es\/soyfriki\/wp-json\/wp\/v2\/tags?post=707"}],"curies":[{"name":"wp","href":"https:\/\/api.w.org\/{rel}","templated":true}]}}