{"id":71,"date":"2009-06-19T12:22:00","date_gmt":"2009-06-19T12:22:00","guid":{"rendered":"http:\/\/blogs.diariosur.es\/tuenti-facebook\/?p=71"},"modified":"2009-06-19T12:22:00","modified_gmt":"2009-06-19T12:22:00","slug":"tu-ex-novio-te-puede-hacer-cuenta-paralela-facebook","status":"publish","type":"post","link":"https:\/\/blogs.diariosur.es\/soyfriki\/2009\/06\/19\/tu-ex-novio-te-puede-hacer-cuenta-paralela-facebook\/","title":{"rendered":"Tu ex novio te puede hacer una cuenta paralela en Facebook"},"content":{"rendered":"<p><IMG class=\"imgdcha\" src=\"\/\/www.diariosur.es\/ocio\/noticias\/Media\/200903\/05\/facebook-nueva-pagina--253x190.jpg\" id=\"img_0\">Rob\u00f3 fotos del Facebook de su ex e hizo una cuenta paralela. Con el nuevo perfil, amenaz\u00f3 a contactos de la mujer y realiz\u00f3 insinuaciones er\u00f3ticas de tinte l\u00e9sbico. Podr\u00eda afrontar 4 a\u00f1os de c\u00e1rcel<\/p>\n<p>Seg\u00fan informa <A href=\"http:\/\/www.infobae.com\/contenidos\/455457-101275-0-Le-crean-una-cuenta-Facebook-y-descubren-que-fue-su-ex-novio\" title=\"http:\/\/www.infobae.com\/contenidos\/455457-101275-0-Le-crean-una-cuenta-Facebook-y-descubren-que-fue-su-ex-novio\" id=\"link_0\">infobae.com<\/a>, una mujer denunci\u00f3 que <A href=\"http:\/\/www.diariosur.es\/20090128\/mas-actualidad\/tecnologia\/recomiendan-admitir-amigos-nuestros-200901281728.html\" title=\"http:\/\/www.diariosur.es\/20090128\/mas-actualidad\/tecnologia\/recomiendan-admitir-amigos-nuestros-200901281728.html\" id=\"link_1\">robaron datos y fotos de su Facebook<\/a>  para crear una cuenta paralela y perjudicar su honor y su trabajo, por lo que la Justicia rastre\u00f3 el ordenador del ex novio.<\/p>\n<p>Le ocurri\u00f3 a Gabriela Astorga, de 35 a\u00f1os, madre de dos hijos de 14 y 15 a\u00f1os y empleada de banco, quien denunci\u00f3 el robo de datos ante la fiscal\u00eda. El fiscal dio parte a Delitos Inform\u00e1ticos, que identific\u00f3 al autor: un ex novio de la mujer.<\/p>\n<p>Seg\u00fan la denuncia, el robo de datos y \u00e1lbumes de fotos de su Facebook fue detectado por la mujer en marzo, cuando personas que estaban entre sus contactos comenzaron a reclamarle por mensajes con acusaciones, amenazas o insinuaciones er\u00f3ticas de tinte l\u00e9sbico. Adem\u00e1s, quien hab\u00eda clonado su cuenta la adhiri\u00f3 a grupos de personas interesadas en temas pornogr\u00e1ficos y tambi\u00e9n a grupos de empleados de su banco, por lo que este perfil tergiversado qued\u00f3 en conocimiento de 300 personas.<\/p>\n<p>El hombre acusado, cuya identidad no fue proporcionada, qued\u00f3 imputado del delito de violaci\u00f3n de secreto y privacidad y supresi\u00f3n de identidad, que prev\u00e9n una pena de entre 6 meses y 4 a\u00f1os de prisi\u00f3n, detall\u00f3 una fuente judicial.<\/p>\n","protected":false},"excerpt":{"rendered":"<p>Rob\u00f3 fotos del Facebook de su ex e hizo una cuenta paralela. Con el nuevo perfil, amenaz\u00f3 a contactos de la mujer y realiz\u00f3 insinuaciones er\u00f3ticas de tinte l\u00e9sbico. Podr\u00eda afrontar 4 a\u00f1os de c\u00e1rcel Seg\u00fan informa infobae.com, una mujer denunci\u00f3 que robaron datos y fotos de su Facebook para crear una cuenta paralela y [&hellip;]<\/p>\n","protected":false},"author":7,"featured_media":0,"comment_status":"open","ping_status":"closed","sticky":false,"template":"","format":"standard","meta":[],"categories":[9],"tags":[165],"_links":{"self":[{"href":"https:\/\/blogs.diariosur.es\/soyfriki\/wp-json\/wp\/v2\/posts\/71"}],"collection":[{"href":"https:\/\/blogs.diariosur.es\/soyfriki\/wp-json\/wp\/v2\/posts"}],"about":[{"href":"https:\/\/blogs.diariosur.es\/soyfriki\/wp-json\/wp\/v2\/types\/post"}],"author":[{"embeddable":true,"href":"https:\/\/blogs.diariosur.es\/soyfriki\/wp-json\/wp\/v2\/users\/7"}],"replies":[{"embeddable":true,"href":"https:\/\/blogs.diariosur.es\/soyfriki\/wp-json\/wp\/v2\/comments?post=71"}],"version-history":[{"count":0,"href":"https:\/\/blogs.diariosur.es\/soyfriki\/wp-json\/wp\/v2\/posts\/71\/revisions"}],"wp:attachment":[{"href":"https:\/\/blogs.diariosur.es\/soyfriki\/wp-json\/wp\/v2\/media?parent=71"}],"wp:term":[{"taxonomy":"category","embeddable":true,"href":"https:\/\/blogs.diariosur.es\/soyfriki\/wp-json\/wp\/v2\/categories?post=71"},{"taxonomy":"post_tag","embeddable":true,"href":"https:\/\/blogs.diariosur.es\/soyfriki\/wp-json\/wp\/v2\/tags?post=71"}],"curies":[{"name":"wp","href":"https:\/\/api.w.org\/{rel}","templated":true}]}}