{"id":719,"date":"2012-09-20T11:15:37","date_gmt":"2012-09-20T10:15:37","guid":{"rendered":"http:\/\/blogs.diariosur.es\/soyfriki\/?p=719"},"modified":"2012-09-20T11:15:37","modified_gmt":"2012-09-20T10:15:37","slug":"30-dias-de-encuentros-en-malaga-empezamos-por-actitud-social-media","status":"publish","type":"post","link":"https:\/\/blogs.diariosur.es\/soyfriki\/2012\/09\/20\/30-dias-de-encuentros-en-malaga-empezamos-por-actitud-social-media\/","title":{"rendered":"30 d\u00edas de encuentros en M\u00e1laga: empezamos por Actitud Social Media"},"content":{"rendered":"<p>No hace ni medio a\u00f1o (el 21 de marzo) mes que se celebr\u00f3 el <strong><a href=\"https:\/\/blogs.diariosur.es\/soyfriki\/2012\/03\/12\/actitud-social-social-media-en-la-uma-el-proximo-21-de-marzo\/\" target=\"_blank\">Primer Encuentro Actitud Social Media<\/a><\/strong>, organizado por el malague\u00f1o Andy21. Un congreso que comenz\u00f3 humildemente en la <strong>Facultad de Ciencias de la Comunicaci\u00f3n<\/strong>, y que ahora\u00a0llega en su <a href=\"http:\/\/www.diariosur.es\/20120920\/local\/malaga\/actitud-social-presente-visto-201209201036.html\" target=\"_blank\" rel=\"external nofollow\">segunda edici\u00f3n al <strong>Auditorio de la Diputaci\u00f3n Provincial<\/strong><\/a>. \u00a0Ma\u00f1ana viernes 21. Multiplica las horas (porque durar\u00e1 todo el d\u00eda) y el aforo. De hecho, no intentes comprar <strong>las entradas porque ya est\u00e1n agotadas.<\/strong><\/p>\n<p>Un encuentro dirigido a\u00a0e<strong>mprendedores,\u00a0empresarios\u00a0y\u00a0estudiantes<\/strong>\u00a0y que hablar\u00e1 sobre las posibilidades de <strong>Internet para los negocios<\/strong>. Eso que tanto nos gusta decir: presente y futuro&#8230; Pues eso. Pero sobre todo networking.<\/p>\n<p>Un congreso que comienza a las 9 horas y que traer\u00e1 a gente como Nestor Romero (<strong>Prismaidea<\/strong>), Vicente Montiel (<strong>Tabarca<\/strong>), Alfonso Alc\u00e1ntara (<strong>@Yoriento<\/strong>), Delia Carballo (<strong>@SoyDelia<\/strong>), Amalio Rey y Nacho Mu\u00f1oz (<strong>eMOTools<\/strong>), Pedro Garc\u00eda (<strong>Accenture<\/strong>) y Antonio Cabello (<strong>Pura Envidia<\/strong>)&#8230; Y m\u00e1s, con temas como r<strong>eputaci\u00f3n online, SEO, SEM, wordpress, apps, foursquare, branding<\/strong>. Un no parar hasta las 8 de la tarde. <a href=\"http:\/\/www.diariosur.es\/20120920\/local\/malaga\/actitud-social-presente-visto-201209201036.html\" target=\"_blank\" rel=\"external nofollow\">Lee un adelanto del evento <strong>Actitud Social Media<\/strong> que publicamos hoy&#8230;<\/a><\/p>\n<p><strong>Marketing Online<\/strong> y <strong>comunicaci\u00f3n 2.0<\/strong>\u00a0con atractivas actividades de <strong>networking<\/strong> y\u00a0<strong>wifi<\/strong> para los asistentes. Ese es el mejor resumen que puedo hacer&#8230; Como todos, cada uno tendr\u00e1 sus preferencias. Pero en 30 d\u00edas vamos a estar cargaditos de eventos, porque la semana que viene llega un <strong><a href=\"http:\/\/tapasandtweets.wordpress.com\/\" target=\"_blank\" rel=\"external nofollow\">Tapas&#038;Tweets<\/a> muy musical al Jamming de Torremolinos (27 de septiembre)<\/strong> y en nada, vuelve a Diputaci\u00f3n otro eventazo con gente como <strong>Isasaweis, Juan Merodio, Oscar del Santo o Isra Garc\u00eda, <a href=\"http:\/\/100socialmedia.com\/\" target=\"_blank\" rel=\"external nofollow\">Emprender en Redes Sociales<\/a>\u00a0(19 de octubre).<\/strong><\/p>\n<p>Y un mensaje para los que no os hay\u00e1is enterado. La charla convocada <strong>este viernes a las 20 horas en Fnac M\u00e1laga, Social News<\/strong> (con un servidor), ha quedado <strong>aplazada de momento<\/strong>. Que no suspendida. \u00a1Pero nos vemos en\u00a0<strong>Actitud Social Media!<\/strong><\/p>\n<p>&nbsp;<\/p>\n","protected":false},"excerpt":{"rendered":"<p>No hace ni medio a\u00f1o (el 21 de marzo) mes que se celebr\u00f3 el Primer Encuentro Actitud Social Media, organizado por el malague\u00f1o Andy21. Un congreso que comenz\u00f3 humildemente en la Facultad de Ciencias de la Comunicaci\u00f3n, y que ahora\u00a0llega en su segunda edici\u00f3n al Auditorio de la Diputaci\u00f3n Provincial. \u00a0Ma\u00f1ana viernes 21. Multiplica las [&hellip;]<\/p>\n","protected":false},"author":7,"featured_media":721,"comment_status":"open","ping_status":"closed","sticky":false,"template":"","format":"standard","meta":[],"categories":[5,7],"tags":[46,131,162,180,281,404,406,607],"_links":{"self":[{"href":"https:\/\/blogs.diariosur.es\/soyfriki\/wp-json\/wp\/v2\/posts\/719"}],"collection":[{"href":"https:\/\/blogs.diariosur.es\/soyfriki\/wp-json\/wp\/v2\/posts"}],"about":[{"href":"https:\/\/blogs.diariosur.es\/soyfriki\/wp-json\/wp\/v2\/types\/post"}],"author":[{"embeddable":true,"href":"https:\/\/blogs.diariosur.es\/soyfriki\/wp-json\/wp\/v2\/users\/7"}],"replies":[{"embeddable":true,"href":"https:\/\/blogs.diariosur.es\/soyfriki\/wp-json\/wp\/v2\/comments?post=719"}],"version-history":[{"count":0,"href":"https:\/\/blogs.diariosur.es\/soyfriki\/wp-json\/wp\/v2\/posts\/719\/revisions"}],"wp:featuredmedia":[{"embeddable":true,"href":"https:\/\/blogs.diariosur.es\/soyfriki\/wp-json\/wp\/v2\/media\/721"}],"wp:attachment":[{"href":"https:\/\/blogs.diariosur.es\/soyfriki\/wp-json\/wp\/v2\/media?parent=719"}],"wp:term":[{"taxonomy":"category","embeddable":true,"href":"https:\/\/blogs.diariosur.es\/soyfriki\/wp-json\/wp\/v2\/categories?post=719"},{"taxonomy":"post_tag","embeddable":true,"href":"https:\/\/blogs.diariosur.es\/soyfriki\/wp-json\/wp\/v2\/tags?post=719"}],"curies":[{"name":"wp","href":"https:\/\/api.w.org\/{rel}","templated":true}]}}