{"id":725,"date":"2012-09-25T09:54:15","date_gmt":"2012-09-25T08:54:15","guid":{"rendered":"http:\/\/blogs.diariosur.es\/soyfriki\/?p=725"},"modified":"2012-09-25T09:54:15","modified_gmt":"2012-09-25T08:54:15","slug":"guia-oculta-tus-mensajes-privados-tras-el-fallo-de-seguridad-de-facebook","status":"publish","type":"post","link":"https:\/\/blogs.diariosur.es\/soyfriki\/2012\/09\/25\/guia-oculta-tus-mensajes-privados-tras-el-fallo-de-seguridad-de-facebook\/","title":{"rendered":"Gu\u00eda: oculta tus mensajes privados tras el fallo de seguridad de Facebook"},"content":{"rendered":"<p>El diario franc\u00e9s <strong>Metro<\/strong> dio la voz de alarma: <a title=\"Un fallo de seguridad de Facebook deja al descubierto mensajes privados\" href=\"http:\/\/www.diariosur.es\/20120924\/mas-actualidad\/sociedad\/fallo-seguridad-facebook-deja-201209242116.html\" target=\"_blank\" rel=\"external nofollow\"><strong>Facebook<\/strong> estaba publicando en el <strong>timeline<\/strong> y de forma abierta <strong>mensajes privados<\/strong> de sus usuarios<\/a>. Y, como tampoco nos \u00edbamos a tirar a la piscina,\u00a0quer\u00eda comprobar que esto era as\u00ed al cien por cien.<\/p>\n<p>Al menos a mi y algunos de mis amigos \u00a1\u00a1nos ha sucedido!! Pero atenci\u00f3n a una particularidad: no aparece nada escrito por el due\u00f1o de la cuenta,\u00a0<strong>s\u00f3lo contestaciones<\/strong>\u00a0al <strong>mensaje privado o chat<\/strong> de <strong>Facebook<\/strong>.<\/p>\n<p>Dec\u00edan que hab\u00eda ocurrido con los <strong>mensajes de 2007, 2008 y 2009<\/strong>. Pero tambi\u00e9n est\u00e1 sucediendo con los m\u00e1s actuales. Por tanto,\u00a0<strong>echa un vistazo entrando en tu<\/strong> <strong>perfil<\/strong> y sigue estos sencillos pasos para eliminarlos.<\/p>\n<p>&nbsp;<\/p>\n<p>\u2022\u00a0Ve a tu <strong>biograf\u00eda<\/strong>, entrando desde tu <strong>perfil<\/strong>, arriba a la derecha.<\/p>\n<p><a href=\"\/soyfriki\/wp-content\/uploads\/sites\/14\/2012\/09\/facebook1.jpg\"><img loading=\"lazy\" class=\"aligncenter size-full wp-image-726\" title=\"facebook1\" src=\"\/soyfriki\/wp-content\/uploads\/sites\/14\/2012\/09\/facebook1.jpg\" alt=\"\" width=\"590\" height=\"150\" srcset=\"https:\/\/static-blogs.diariosur.es\/wp-content\/uploads\/sites\/14\/2012\/09\/facebook1.jpg 590w, https:\/\/static-blogs.diariosur.es\/wp-content\/uploads\/sites\/14\/2012\/09\/facebook1-300x76.jpg 300w\" sizes=\"(max-width: 590px) 100vw, 590px\" \/><\/a><br \/>\n\u2022\u00a0Pincha, arriba a la derecha, junto a la<strong> foto de portada<\/strong>, en el <strong>a\u00f1o<\/strong> que quieras visualizar.<\/p>\n<p><a href=\"\/soyfriki\/wp-content\/uploads\/sites\/14\/2012\/09\/facebook2.jpg\"><img loading=\"lazy\" class=\"aligncenter size-full wp-image-727\" title=\"facebook2\" src=\"\/soyfriki\/wp-content\/uploads\/sites\/14\/2012\/09\/facebook2.jpg\" alt=\"\" width=\"590\" height=\"150\" srcset=\"https:\/\/static-blogs.diariosur.es\/wp-content\/uploads\/sites\/14\/2012\/09\/facebook2.jpg 590w, https:\/\/static-blogs.diariosur.es\/wp-content\/uploads\/sites\/14\/2012\/09\/facebook2-300x76.jpg 300w\" sizes=\"(max-width: 590px) 100vw, 590px\" \/><\/a><br \/>\n\u2022\u00a0Ahora se te despliegan todas las <strong>publicaciones<\/strong> de aquel a\u00f1o. Lo que vosotros y otros han hecho p\u00fablico en vuestro <strong>muro<\/strong>. Es de lo que nos hemos dado cuenta: \u00a1muchos de los mensajes que aparecen provienen de los <strong>privados<\/strong>!<\/p>\n<p><a href=\"\/soyfriki\/wp-content\/uploads\/sites\/14\/2012\/09\/facebook31.jpg\"><img loading=\"lazy\" class=\"aligncenter size-full wp-image-729\" title=\"facebook3\" src=\"\/soyfriki\/wp-content\/uploads\/sites\/14\/2012\/09\/facebook31.jpg\" alt=\"\" width=\"590\" height=\"150\" srcset=\"https:\/\/static-blogs.diariosur.es\/wp-content\/uploads\/sites\/14\/2012\/09\/facebook31.jpg 590w, https:\/\/static-blogs.diariosur.es\/wp-content\/uploads\/sites\/14\/2012\/09\/facebook31-300x76.jpg 300w\" sizes=\"(max-width: 590px) 100vw, 590px\" \/><\/a><br \/>\n\u2022 \u00a0Pulsa el <strong>l\u00e1piz<\/strong> que despliega las opciones de los comentarios de vuestros amigos y pincha en<strong> \u2018Ocultar de la biograf\u00eda\u2019<\/strong>. Los mensajes los podr\u00e1s recuperar desde las <strong>opciones de privacidad<\/strong>.<\/p>\n<p><a href=\"\/soyfriki\/wp-content\/uploads\/sites\/14\/2012\/09\/facebook4.jpg\"><img loading=\"lazy\" class=\"aligncenter size-full wp-image-730\" title=\"facebook4\" src=\"\/soyfriki\/wp-content\/uploads\/sites\/14\/2012\/09\/facebook4.jpg\" alt=\"\" width=\"590\" height=\"150\" srcset=\"https:\/\/static-blogs.diariosur.es\/wp-content\/uploads\/sites\/14\/2012\/09\/facebook4.jpg 590w, https:\/\/static-blogs.diariosur.es\/wp-content\/uploads\/sites\/14\/2012\/09\/facebook4-300x76.jpg 300w\" sizes=\"(max-width: 590px) 100vw, 590px\" \/><\/a><\/p>\n","protected":false},"excerpt":{"rendered":"<p>El diario franc\u00e9s Metro dio la voz de alarma: Facebook estaba publicando en el timeline y de forma abierta mensajes privados de sus usuarios. Y, como tampoco nos \u00edbamos a tirar a la piscina,\u00a0quer\u00eda comprobar que esto era as\u00ed al cien por cien. Al menos a mi y algunos de mis amigos \u00a1\u00a1nos ha sucedido!! [&hellip;]<\/p>\n","protected":false},"author":7,"featured_media":0,"comment_status":"open","ping_status":"closed","sticky":false,"template":"","format":"standard","meta":[],"categories":[14,8],"tags":[],"_links":{"self":[{"href":"https:\/\/blogs.diariosur.es\/soyfriki\/wp-json\/wp\/v2\/posts\/725"}],"collection":[{"href":"https:\/\/blogs.diariosur.es\/soyfriki\/wp-json\/wp\/v2\/posts"}],"about":[{"href":"https:\/\/blogs.diariosur.es\/soyfriki\/wp-json\/wp\/v2\/types\/post"}],"author":[{"embeddable":true,"href":"https:\/\/blogs.diariosur.es\/soyfriki\/wp-json\/wp\/v2\/users\/7"}],"replies":[{"embeddable":true,"href":"https:\/\/blogs.diariosur.es\/soyfriki\/wp-json\/wp\/v2\/comments?post=725"}],"version-history":[{"count":0,"href":"https:\/\/blogs.diariosur.es\/soyfriki\/wp-json\/wp\/v2\/posts\/725\/revisions"}],"wp:attachment":[{"href":"https:\/\/blogs.diariosur.es\/soyfriki\/wp-json\/wp\/v2\/media?parent=725"}],"wp:term":[{"taxonomy":"category","embeddable":true,"href":"https:\/\/blogs.diariosur.es\/soyfriki\/wp-json\/wp\/v2\/categories?post=725"},{"taxonomy":"post_tag","embeddable":true,"href":"https:\/\/blogs.diariosur.es\/soyfriki\/wp-json\/wp\/v2\/tags?post=725"}],"curies":[{"name":"wp","href":"https:\/\/api.w.org\/{rel}","templated":true}]}}