{"id":732,"date":"2012-09-26T18:12:24","date_gmt":"2012-09-26T17:12:24","guid":{"rendered":"http:\/\/blogs.diariosur.es\/soyfriki\/?p=732"},"modified":"2012-09-26T18:12:24","modified_gmt":"2012-09-26T17:12:24","slug":"walnuters-inaugura-su-sede-en-malaga-con-un-tapastweets-en-la-manga","status":"publish","type":"post","link":"https:\/\/blogs.diariosur.es\/soyfriki\/2012\/09\/26\/walnuters-inaugura-su-sede-en-malaga-con-un-tapastweets-en-la-manga\/","title":{"rendered":"Walnuters inaugura su sede en M\u00e1laga con un Tapas&#038;Tweets en la manga"},"content":{"rendered":"<p><a href=\"\/soyfriki\/wp-content\/uploads\/sites\/14\/2012\/09\/v2_313x203_thumb_1305_fgh1.jpg\"><img loading=\"lazy\" class=\"alignleft size-medium wp-image-733\" title=\"v2_313x203_thumb_1305_fgh[1]\" src=\"\/soyfriki\/wp-content\/uploads\/sites\/14\/2012\/09\/v2_313x203_thumb_1305_fgh1.jpg\" alt=\"\" width=\"300\" height=\"194\" srcset=\"https:\/\/static-blogs.diariosur.es\/wp-content\/uploads\/sites\/14\/2012\/09\/v2_313x203_thumb_1305_fgh1.jpg 313w, https:\/\/static-blogs.diariosur.es\/wp-content\/uploads\/sites\/14\/2012\/09\/v2_313x203_thumb_1305_fgh1-300x195.jpg 300w\" sizes=\"(max-width: 300px) 100vw, 300px\" \/><\/a>Ma\u00f1ana jueves 27 es d\u00eda de estreno. Primero, porque se estrena en la ciudad el <strong>Tapas&#038;Tweets<\/strong> que tan arraigado est\u00e1 por <strong>Sevilla<\/strong>, <strong>Zaragoza<\/strong>, <strong>C\u00f3rdoba<\/strong>&#8230; Pues los organizadores escogen <strong>Torremolinos<\/strong>, concretamente el <strong>Jammin Live<\/strong>, para desarrollar un charla entorno al\u00a0<strong>social media y la m\u00fasica<\/strong>.<\/p>\n<p>En principio acudir\u00eda mi compa\u00f1era\u00a0<strong>Regina Sotorr\u00edo<\/strong>, redactora de cultura; pero finalmente estar\u00e9 yo, que de redes entiendo algo y de m\u00fasica un poco menos. En la misma mesa,\u00a0<strong>Gonzalo Malakao<\/strong>, director de <strong>Malakao.es<\/strong>; y\u00a0<strong>Nacho Rockdriguez<\/strong>, responsable de comunicaci\u00f3n del <strong>Teatro Alameda<\/strong>.<\/p>\n<ul>\n<li><strong>La cita es a las 19.30 del jueves 27, en Jammin Live Bar (Torremolinos) y tuiteamos con #TandT desde all\u00ed, para los que no pod\u00e1is venir.<\/strong><\/li>\n<\/ul>\n<div>Adem\u00e1s, por la ma\u00f1ana, los organizadores de este\u00a0<strong>Tapas&#038;Tweets<\/strong>, que son el motor de\u00a0<strong>Walnuters<\/strong>\u00a0en <strong>M\u00e1laga<\/strong>, inauguran de forma oficial su sede en el edificio de Prom\u00e1laga. Son\u00a0<strong>Alejandro Blocdeesbozos<\/strong>,\u00a0<strong>Laura Chica<\/strong>,\u00a0<strong>Pablo Mir<\/strong>\u00a0y\u00a0<strong>Carlos Pizcos\u00a0<\/strong>y os esperan all\u00ed desde las 12 con charlas de<strong> social media, comunicaci\u00f3n o m\u00e1rketing<\/strong>.<\/div>\n","protected":false},"excerpt":{"rendered":"<p>Ma\u00f1ana jueves 27 es d\u00eda de estreno. Primero, porque se estrena en la ciudad el Tapas&#038;Tweets que tan arraigado est\u00e1 por Sevilla, Zaragoza, C\u00f3rdoba&#8230; Pues los organizadores escogen Torremolinos, concretamente el Jammin Live, para desarrollar un charla entorno al\u00a0social media y la m\u00fasica. En principio acudir\u00eda mi compa\u00f1era\u00a0Regina Sotorr\u00edo, redactora de cultura; pero finalmente estar\u00e9 [&hellip;]<\/p>\n","protected":false},"author":7,"featured_media":0,"comment_status":"open","ping_status":"closed","sticky":false,"template":"","format":"standard","meta":[],"categories":[5,7],"tags":[159,281,608,439,509],"_links":{"self":[{"href":"https:\/\/blogs.diariosur.es\/soyfriki\/wp-json\/wp\/v2\/posts\/732"}],"collection":[{"href":"https:\/\/blogs.diariosur.es\/soyfriki\/wp-json\/wp\/v2\/posts"}],"about":[{"href":"https:\/\/blogs.diariosur.es\/soyfriki\/wp-json\/wp\/v2\/types\/post"}],"author":[{"embeddable":true,"href":"https:\/\/blogs.diariosur.es\/soyfriki\/wp-json\/wp\/v2\/users\/7"}],"replies":[{"embeddable":true,"href":"https:\/\/blogs.diariosur.es\/soyfriki\/wp-json\/wp\/v2\/comments?post=732"}],"version-history":[{"count":0,"href":"https:\/\/blogs.diariosur.es\/soyfriki\/wp-json\/wp\/v2\/posts\/732\/revisions"}],"wp:attachment":[{"href":"https:\/\/blogs.diariosur.es\/soyfriki\/wp-json\/wp\/v2\/media?parent=732"}],"wp:term":[{"taxonomy":"category","embeddable":true,"href":"https:\/\/blogs.diariosur.es\/soyfriki\/wp-json\/wp\/v2\/categories?post=732"},{"taxonomy":"post_tag","embeddable":true,"href":"https:\/\/blogs.diariosur.es\/soyfriki\/wp-json\/wp\/v2\/tags?post=732"}],"curies":[{"name":"wp","href":"https:\/\/api.w.org\/{rel}","templated":true}]}}