{"id":742,"date":"2012-10-31T12:56:26","date_gmt":"2012-10-31T11:56:26","guid":{"rendered":"http:\/\/blogs.diariosur.es\/soyfriki\/?p=742"},"modified":"2012-10-31T12:56:26","modified_gmt":"2012-10-31T11:56:26","slug":"ebe-2012-llega-este-fin-de-semana-a-sevilla-comparte-tu-experiencia","status":"publish","type":"post","link":"https:\/\/blogs.diariosur.es\/soyfriki\/2012\/10\/31\/ebe-2012-llega-este-fin-de-semana-a-sevilla-comparte-tu-experiencia\/","title":{"rendered":"EBE 2012 llega este fin de semana a Sevilla &#8211; &#039;Comparte tu experiencia&#039;"},"content":{"rendered":"<p><a href=\"\/soyfriki\/wp-content\/uploads\/sites\/14\/2012\/10\/cabecera-web-ebe121.jpg\"><img loading=\"lazy\" class=\"aligncenter\" title=\"cabecera-web-ebe12[1]\" src=\"\/soyfriki\/wp-content\/uploads\/sites\/14\/2012\/10\/cabecera-web-ebe121-e1351684472761.jpg\" alt=\"\" width=\"590\" height=\"137\" \/><\/a><\/p>\n<p>Vuelve <strong>EBE<\/strong>. Lo que viene siendo sin acr\u00f3nimos <strong>Evento Blog Espa\u00f1a<\/strong>, con sede en <strong>Sevilla<\/strong>. Pues este fin de semana, del <strong>2, 3 y 4 de noviembre<\/strong>, cumple su s\u00e9ptima en el\u00a0<strong>Centro de Convenciones del Hotel Barcel\u00f3 Renacimiento\u00a0de Sevilla<\/strong>. El lema de este a\u00f1o es <strong>&#8216;Comparte tu experiencia&#8217;<\/strong>. \u00bfPod\u00edamos esperar otra cosa trat\u00e1ndose de redes sociales e internet?<\/p>\n<p>Se espera la asistencia de alrededor de <strong>2.000 personas<\/strong>, m\u00e1s las que se unan a la retransmisi\u00f3n que se har\u00e1 del evento por <strong>streaming<\/strong>. Una amplia programaci\u00f3n con m\u00e1s de <strong>50 ponentes nacionales e internacionales<\/strong>, adem\u00e1s de muchos referentes en el mundo de la <strong>web social y blogueros<\/strong> de influencia entre el p\u00fablico.<\/p>\n<p><span style=\"text-decoration: underline;\"><strong>Apunta los nombres propios del evento:<\/strong><\/span><\/p>\n<ul>\n<li>Personajes de referencia en el mundo de la web social como <strong>Alexandre Huot<\/strong>, Responsable de Redes Sociales del <strong>Comit\u00e9 Ol\u00edmpico<\/strong> durante las pasadas ediciones de las <strong>Olimpiadas en Reino Unido<\/strong> o la presidenta de la <strong>Fundaci\u00f3n Mozilla, Mitchell Baker<\/strong>.<\/li>\n<li>\u00a0J\u00f3venes emprendedores como <strong>Pau Garc\u00eda Mil\u00e1,<\/strong> empresario desde los 17 a\u00f1os, <strong>Premio Pr\u00edncipe de Asturias<\/strong> que ofrecer\u00e1 la conferencia inaugural o <strong>Pep G\u00f3mez<\/strong> con 19 a\u00f1os fundador de <strong>Feverup<\/strong>.<\/li>\n<li>Referentes de la fotograf\u00eda en las redes sociales, como\u00a0 <strong>Oleg Gustol, CEO de 500px<\/strong>\u00a0que ha creado la comunidad de fot\u00f3grafos m\u00e1s grande del mundo y uno de los espa\u00f1oles con m\u00e1s seguidores en <strong>Instagram<\/strong>, <strong>Gabriel Samper<\/strong>.<\/li>\n<li>Mujeres que destacan en un mundo de la web social como <strong>Manuela Battaglini<\/strong>, presidenta de <strong>AERCO<\/strong> y <strong>Clara \u00c1vila<\/strong>, consultora sobre social media y colaboradora en medios de comunicaci\u00f3n.<\/li>\n<li>Blogueros de referencia nacional como <strong>Wicho<\/strong> (Microsiervos), Emilio M\u00e1rquez (Networking Activo) o <strong>Mauro Fuentes<\/strong> (Basat Ogilvy)<\/li>\n<li>Y destacados tambi\u00e9n, <strong>Francisco Polo<\/strong> (fundador de Actuable), <strong>Ignacio Escolar<\/strong> (Periodista, director de eldiario.es) o \u00a0<strong>Mark Tran<\/strong>, periodista del diario <strong>The Guardian<\/strong>, hablando del proyecto <strong>The Guardian Global Development<\/strong>.<\/li>\n<\/ul>\n<p>La organizaci\u00f3n ha segmentado este a\u00f1o los contenidos m\u00e1s a\u00fan para cubrir las preferencias de todos los participantes.<strong> #EBE12<\/strong>, apostando por una programaci\u00f3n paralela en cinco espacios en los que se alternar\u00e1n grandes <strong>ponencias<\/strong>, <strong>charlas tem\u00e1ticas<\/strong>, <strong>encuentros<\/strong>, <strong>talleres<\/strong>, dos novedades de este a\u00f1o una zona de <strong>networking<\/strong> llamada <strong>Zona Talento<\/strong> y una sala audiovisual con programaci\u00f3n propia. La s\u00e9ptima edici\u00f3n del evento pondr\u00e1 el foco en temas como: <strong>dise\u00f1o<\/strong>, productividad, organizaci\u00f3n, <strong>tendencias<\/strong>, moda, <strong>periodismo<\/strong>, <strong>tecnolog\u00edas<\/strong>, la nueva econom\u00eda de las aplicaciones, compras y <strong>pagos con m\u00f3viles<\/strong>, nuevas<strong> redes sociales<\/strong> con nuevas funcionalidades, <strong>social media<\/strong>, novedosas formas de <strong>marketing en internet<\/strong>, y otras f\u00f3rmulas de producci\u00f3n cultural y educaci\u00f3n etc.<\/p>\n<p><strong>Twitter<\/strong> volver\u00e1 a ser unos de los puntos fuertes de <strong>EBE<\/strong>, que apostar\u00e1 por permanecen como el evento por excelencia de este canal. Los tweets de la etiqueta <strong>#EBE11<\/strong> tuvieron, durante los tres d\u00edas de su celebraci\u00f3n, 55.392.713 impresiones. Este a\u00f1o <strong>#EBE12<\/strong> espera superarlo.<\/p>\n<p>Informaci\u00f3n \u00fatil:<\/p>\n<ul>\n<li><a href=\"http:\/\/eventoblog.com\/info\/\" rel=\"external nofollow\">Qu\u00e9 es EBE<\/a><\/li>\n<li><a href=\"http:\/\/eventoblog.com\/\" rel=\"external nofollow\">Blog<\/a><\/li>\n<li><a href=\"http:\/\/eventoblog.com\/programa-ebe12\/\" rel=\"external nofollow\">Programaci\u00f3n completa con horarios<\/a><\/li>\n<li><a href=\"http:\/\/eventoblog.com\/organizacion\/\" rel=\"external nofollow\">Informaci\u00f3n de la organizaci\u00f3n<\/a><\/li>\n<li><a href=\"http:\/\/eventoblog.com\/wp-content\/uploads\/Novedades-EBE12.pdf\" rel=\"external nofollow\">Resumen (descarga el pdf)<\/a><\/li>\n<\/ul>\n<div><\/div>\n","protected":false},"excerpt":{"rendered":"<p>Vuelve EBE. Lo que viene siendo sin acr\u00f3nimos Evento Blog Espa\u00f1a, con sede en Sevilla. Pues este fin de semana, del 2, 3 y 4 de noviembre, cumple su s\u00e9ptima en el\u00a0Centro de Convenciones del Hotel Barcel\u00f3 Renacimiento\u00a0de Sevilla. El lema de este a\u00f1o es &#8216;Comparte tu experiencia&#8217;. \u00bfPod\u00edamos esperar otra cosa trat\u00e1ndose de redes [&hellip;]<\/p>\n","protected":false},"author":7,"featured_media":0,"comment_status":"open","ping_status":"closed","sticky":false,"template":"","format":"standard","meta":[],"categories":[13,5],"tags":[66,86,132,140,160,244,292,320,354,363,609,446],"_links":{"self":[{"href":"https:\/\/blogs.diariosur.es\/soyfriki\/wp-json\/wp\/v2\/posts\/742"}],"collection":[{"href":"https:\/\/blogs.diariosur.es\/soyfriki\/wp-json\/wp\/v2\/posts"}],"about":[{"href":"https:\/\/blogs.diariosur.es\/soyfriki\/wp-json\/wp\/v2\/types\/post"}],"author":[{"embeddable":true,"href":"https:\/\/blogs.diariosur.es\/soyfriki\/wp-json\/wp\/v2\/users\/7"}],"replies":[{"embeddable":true,"href":"https:\/\/blogs.diariosur.es\/soyfriki\/wp-json\/wp\/v2\/comments?post=742"}],"version-history":[{"count":0,"href":"https:\/\/blogs.diariosur.es\/soyfriki\/wp-json\/wp\/v2\/posts\/742\/revisions"}],"wp:attachment":[{"href":"https:\/\/blogs.diariosur.es\/soyfriki\/wp-json\/wp\/v2\/media?parent=742"}],"wp:term":[{"taxonomy":"category","embeddable":true,"href":"https:\/\/blogs.diariosur.es\/soyfriki\/wp-json\/wp\/v2\/categories?post=742"},{"taxonomy":"post_tag","embeddable":true,"href":"https:\/\/blogs.diariosur.es\/soyfriki\/wp-json\/wp\/v2\/tags?post=742"}],"curies":[{"name":"wp","href":"https:\/\/api.w.org\/{rel}","templated":true}]}}