{"id":746,"date":"2012-11-04T21:49:50","date_gmt":"2012-11-04T20:49:50","guid":{"rendered":"http:\/\/blogs.diariosur.es\/soyfriki\/?p=746"},"modified":"2012-11-04T21:49:50","modified_gmt":"2012-11-04T20:49:50","slug":"eventoblog-ebe12-en-cifras","status":"publish","type":"post","link":"https:\/\/blogs.diariosur.es\/soyfriki\/2012\/11\/04\/eventoblog-ebe12-en-cifras\/","title":{"rendered":"Evento Blog 2012 cierra sus puertas &#124; EBE 12, en cifras"},"content":{"rendered":"<div id=\"attachment_748\" style=\"width: 650px\" class=\"wp-caption aligncenter\"><a href=\"\/soyfriki\/wp-content\/uploads\/sites\/14\/2012\/11\/ebe-2012.jpg\"><img aria-describedby=\"caption-attachment-748\" loading=\"lazy\" class=\"size-full wp-image-748 \" title=\"Los 2.000 asistentes a Evento Blog 2012. Foto de familia. Fuente: EBE\" src=\"\/soyfriki\/wp-content\/uploads\/sites\/14\/2012\/11\/8153578339_a2bf7d97a0_z1.jpg\" alt=\"Los 2.000 asistentes a Evento Blog 2012. Foto de familia. Fuente: EBE\" width=\"640\" height=\"136\" srcset=\"https:\/\/static-blogs.diariosur.es\/wp-content\/uploads\/sites\/14\/2012\/11\/8153578339_a2bf7d97a0_z1.jpg 640w, https:\/\/static-blogs.diariosur.es\/wp-content\/uploads\/sites\/14\/2012\/11\/8153578339_a2bf7d97a0_z1-300x64.jpg 300w\" sizes=\"(max-width: 640px) 100vw, 640px\" \/><\/a><p id=\"caption-attachment-748\" class=\"wp-caption-text\">Los 2.000 asistentes a Evento Blog 2012. Foto de familia. Fuente: EBE<\/p><\/div>\n<p style=\"text-align: left;\"><strong>EBE<\/strong>, que son las siglas de <strong>Evento Blog Espa\u00f1a<\/strong>, <a href=\"http:\/\/www.diariosur.es\/v\/20121102\/cultura\/evento-blog-2012-abre-20121102.html\" target=\"_blank\" rel=\"external nofollow\">ha congregado en <strong>Sevilla<\/strong> a m\u00e1s de 2.000 personas<\/a> y se ha consolidado este 2012 como la gran cita de <strong>la web social en Espa\u00f1a y Europa<\/strong>. Han sido\u00a072 horas de viernes a domingo <a href=\"http:\/\/www.diariosur.es\/20121103\/mas-actualidad\/tecnologia\/social-media-poltica-agenda-201211031956.html\" target=\"_blank\" rel=\"external nofollow\">en <strong>charlas y conferencias<\/strong><\/a>, concretamente <strong>con m\u00e1s de 75 sesiones.<\/strong><\/p>\n<p style=\"text-align: left;\">Uno de los fundadores y organizadores del <strong>evento<\/strong>, <strong>Luis Rull,<\/strong> afirmaba en la clausura: \u201cSe han escuchado <a href=\"http:\/\/www.diariosur.es\/20121102\/mas-actualidad\/tecnologia\/2012-comienza-proyectos-social-201211021708.html\" target=\"_blank\" rel=\"external nofollow\">grandes ideas en EBE<\/a>, pero tambi\u00e9n se han hecho realidad muchas otras. La propia organizaci\u00f3n de <strong>EBE12<\/strong> ha querido ofrecer cosas nuevas y ha conseguido interesar a la pluralidad de asistentes de <strong>EBE<\/strong>\u201d.<\/p>\n<p style=\"text-align: left;\">De hecho, seg\u00fan la organizaci\u00f3n <a href=\"http:\/\/www.diariosur.es\/v\/20121103\/sociedad\/frikies-eberos-20121103.html\" target=\"_blank\" rel=\"external nofollow\">el<strong> <\/strong>perfil del asistente a EBE <\/a>sigue siendo el apasionado de la <strong>tecnolog\u00eda<\/strong>, y <a href=\"https:\/\/blogs.diariosur.es\/soyfriki\/2012\/10\/31\/ebe-2012-llega-este-fin-de-semana-a-sevilla-comparte-tu-experiencia\/\" target=\"_blank\">crece el n\u00famero de los que vienen por primera vez a Evento Blog Espa\u00f1a<\/a>.<\/p>\n<p style=\"text-align: left;\"><strong>Twitter<\/strong> ha sido uno de los puntos fuertes de <strong>EBE<\/strong>. El <strong>hashtag <a href=\"https:\/\/twitter.com\/search?q=%23ebe12&#038;src=hash\" rel=\"external nofollow\">#EBE12<\/a><\/strong> ha tenido 92.788.191 impresiones desde el lunes 29 al \u00faltimo d\u00eda de EBE (<em>Pirendo<\/em>) y el <strong>streaming de EBE<\/strong> ha recibido en torno a 60.000 reproducciones. Como\u00a0cada a\u00f1o, los asistentes han tomado el pulso al sector de I<strong>nternet<\/strong> y <strong>tecnolog\u00edas<\/strong> relacionadas con la Red y han conocido a las personas que siguen a trav\u00e9s de las <strong>redes sociales<\/strong> y leen sus <strong>blogs<\/strong>.<\/p>\n<p style=\"text-align: left;\">El \u00faltimo en subir al escenario ha sido <strong>Jos\u00e9 A. P\u00e9rez, de <a href=\"https:\/\/es.twitter.com\/mimesacojea\" rel=\"external nofollow\">@mimesacojea<\/a><\/strong>, que\u00a0con su conferencia\u00a0\u201cDerecho a la ofensa\u201d anim\u00f3 a los asistentes a contar su realidad a trav\u00e9s de las redes sociales, a no caer en la autocensura y a contrastar lo que aparece en los <strong>medios de comunicaci\u00f3n<\/strong>.<\/p>\n<p style=\"text-align: left;\"><strong>EBE<\/strong> no termina aqu\u00ed.\u00a0Tras este fin de semana sigue activo en <strong><a href=\"http:\/\/www.eventoblog.com\" target=\"_blank\" rel=\"external nofollow\">www.eventoblog.com<\/a><\/strong> donde se colgar\u00e1n todos los <strong>v\u00eddeos<\/strong> de las <strong>ponencias y charlas<\/strong> de los d\u00edas <strong>2, 3 y 4 de noviembre<\/strong>. Y hasta <strong>EBE 13<\/strong>, si la Red quiere&#8230;<\/p>\n","protected":false},"excerpt":{"rendered":"<p>EBE, que son las siglas de Evento Blog Espa\u00f1a, ha congregado en Sevilla a m\u00e1s de 2.000 personas y se ha consolidado este 2012 como la gran cita de la web social en Espa\u00f1a y Europa. Han sido\u00a072 horas de viernes a domingo en charlas y conferencias, concretamente con m\u00e1s de 75 sesiones. Uno de [&hellip;]<\/p>\n","protected":false},"author":7,"featured_media":0,"comment_status":"open","ping_status":"closed","sticky":false,"template":"","format":"standard","meta":[],"categories":[13,5,8],"tags":[66,140,159,160,388,408,610,483],"_links":{"self":[{"href":"https:\/\/blogs.diariosur.es\/soyfriki\/wp-json\/wp\/v2\/posts\/746"}],"collection":[{"href":"https:\/\/blogs.diariosur.es\/soyfriki\/wp-json\/wp\/v2\/posts"}],"about":[{"href":"https:\/\/blogs.diariosur.es\/soyfriki\/wp-json\/wp\/v2\/types\/post"}],"author":[{"embeddable":true,"href":"https:\/\/blogs.diariosur.es\/soyfriki\/wp-json\/wp\/v2\/users\/7"}],"replies":[{"embeddable":true,"href":"https:\/\/blogs.diariosur.es\/soyfriki\/wp-json\/wp\/v2\/comments?post=746"}],"version-history":[{"count":0,"href":"https:\/\/blogs.diariosur.es\/soyfriki\/wp-json\/wp\/v2\/posts\/746\/revisions"}],"wp:attachment":[{"href":"https:\/\/blogs.diariosur.es\/soyfriki\/wp-json\/wp\/v2\/media?parent=746"}],"wp:term":[{"taxonomy":"category","embeddable":true,"href":"https:\/\/blogs.diariosur.es\/soyfriki\/wp-json\/wp\/v2\/categories?post=746"},{"taxonomy":"post_tag","embeddable":true,"href":"https:\/\/blogs.diariosur.es\/soyfriki\/wp-json\/wp\/v2\/tags?post=746"}],"curies":[{"name":"wp","href":"https:\/\/api.w.org\/{rel}","templated":true}]}}