{"id":750,"date":"2012-11-15T00:51:41","date_gmt":"2012-11-14T23:51:41","guid":{"rendered":"http:\/\/blogs.diariosur.es\/soyfriki\/?p=750"},"modified":"2012-11-15T00:51:41","modified_gmt":"2012-11-14T23:51:41","slug":"el-paradigma-del-opencor-de-torremolinos","status":"publish","type":"post","link":"https:\/\/blogs.diariosur.es\/soyfriki\/2012\/11\/15\/el-paradigma-del-opencor-de-torremolinos\/","title":{"rendered":"El Paradigma del Opencor de Torremolinos"},"content":{"rendered":"<p>Esta es una historia ejemplar. Una especie de f\u00e1bula, que va saltando de <strong>retuit<\/strong> en <strong>retuit<\/strong> y que nos viene a recordar a los <strong>periodistas<\/strong> eso tan viejo de <strong>confirmar<\/strong> los hechos antes de publicar una <strong>noticia<\/strong>. \u00a1Aunque se trate de <strong>Twitter<\/strong>! Por favor Este <strong>14-N<\/strong> ha sido un d\u00eda de trabajo ejemplar en la <strong><a href=\"http:\/\/www.sur.es\" target=\"_blank\" rel=\"external nofollow\">redacci\u00f3n de SUR<\/a><\/strong>, pero tambi\u00e9n con prisas y agobios. Desde la cuenta <strong><a href=\"http:\/\/www.twitter.com\/@Diario_SUR\" target=\"_blank\" rel=\"external nofollow\">@Diario_SUR<\/a><\/strong> hemos <strong>tuiteado<\/strong> y <strong>retuiteado fotos<\/strong> de los usuarios en la <strong>huelga en M\u00e1laga<\/strong>, con la manifestaci\u00f3n, con los piquetes&#8230; Hasta que lleg\u00f3 a mis manos la fotograf\u00eda de <strong><a href=\"http:\/\/www.twitter.com\/@AlfredoTrull\" target=\"_blank\" rel=\"external nofollow\">@AlfredoTrull <\/a><\/strong>o, lo que yo llamo, &#8216;El Paradigma del Opencor de Torremolinos&#8217;.<\/p>\n<p>&nbsp;<\/p>\n<blockquote class=\"twitter-tweet tw-align-center\" lang=\"es\"><p>La foto de @<a href=\"https:\/\/twitter.com\/alfredotrull\" rel=\"external nofollow\">alfredotrull<\/a> es brutal. Los piquetes \u00abinformando\u00bb en <a href=\"https:\/\/twitter.com\/search\/%23Opencor\" rel=\"external nofollow\">#Opencor<\/a> <a href=\"https:\/\/twitter.com\/search\/%23Torremolinos\" rel=\"external nofollow\">#Torremolinos<\/a> <a title=\"http:\/\/twitter.com\/AlfredoTrull\/status\/268694510907834368\/photo\/1\" href=\"http:\/\/t.co\/nsETgq30\" rel=\"external nofollow\">twitter.com\/AlfredoTrull\/s\u2026<\/a> <a href=\"https:\/\/twitter.com\/search\/%23huelga\" rel=\"external nofollow\">#huelga<\/a> <a href=\"https:\/\/twitter.com\/search\/%2314n\" rel=\"external nofollow\">#14n<\/a> <a href=\"https:\/\/twitter.com\/search\/%23malaga\" rel=\"external nofollow\">#malaga<\/a><\/p>\n<p>\u2014 \u00c1ngel de los R\u00edos (@AngeldelosRios) <a href=\"https:\/\/twitter.com\/AngeldelosRios\/status\/268705560206127104\" data-datetime=\"2012-11-14T13:22:52+00:00\" rel=\"external nofollow\">noviembre 14, 2012<\/a><\/p><\/blockquote>\n<p>&nbsp;<\/p>\n<div style=\"width: 240px\" class=\"wp-caption alignright\"><img loading=\"lazy\" class=\"   \" title=\"El supuesto Opencor de Torremolinos\" src=\"https:\/\/pbs.twimg.com\/media\/A7qmNF2CIAAa-9t.jpg\" alt=\"\" width=\"230\" height=\"307\" \/><p class=\"wp-caption-text\">El supuesto Opencor de Torremolinos<\/p><\/div>\n<p>S\u00ed, una <strong>foto<\/strong> de destrozos brutales en <strong>un &#8216;Opencor de Torremolinos&#8217;<\/strong>, que adem\u00e1s adjuntaba una valios\u00edsima informaci\u00f3n: <em>&#8220;menuda paliza le han dado al guarda de seguridad&#8221;.<\/em> Y nosotros, vacilamos sobre si tuitearlo o no con la <strong>cuenta oficial de SUR<\/strong>. Peliagudo, s\u00ed. Un Opencor en el que no se ve m\u00e1s que un pasillo destrozado y se observa una calle al fondo, de vete t\u00fa a saber d\u00f3nde. Y prefiero, preferimos, hacer <strong>RT<\/strong> desde mi cuenta personal.<strong> \u00a1Y me llevo 26 RT!<\/strong> Y cada uno de esos 26, una media de 10 \u00f3 20. Algunos, como <strong><a href=\"http:\/\/twitter.com\/@Salvador_Raya\" target=\"_blank\" rel=\"external nofollow\">@Salvador_Raya<\/a><\/strong> arrancaban <strong>240 RT<\/strong>. Y as\u00ed una cadena que convert\u00eda a @AlfredoRull y su foto en <strong>trending topic andaluz<\/strong>, en este <strong>14-N<\/strong>, en cuesti\u00f3n de minutos.<\/p>\n<p>\u00a1Vaya! La <strong>noticia<\/strong> est\u00e1 aqu\u00ed, en nuestro <strong>timeline<\/strong>. destrozo de <strong>supermercado<\/strong>\u00a0conocido y <strong>paliza<\/strong> al vigilante. \u00bfPor qu\u00e9 no llamamos a fuentes de la cadena? Un compa\u00f1ero de los que cubr\u00edan (de forma excepcional) la <strong>huelga<\/strong>, levanta el tel\u00e9fono. Le cambia la cara. &#8220;<em>\u00a1Oye! \u00bfSabes que ya no hay Opencor en Torremolinos?&#8221;<\/em>. Bien, gol por toda la escuadra. Y <strong><a href=\"http:\/\/www.twitter.com\/@AlfredoTrull\" target=\"_blank\" rel=\"external nofollow\">@AlfredoTrull<\/a>\u00a0<\/strong>ya hab\u00eda rectificado, pero su tuit ya corr\u00eda como la p\u00f3lvora.<em> (*)<\/em><\/p>\n<p>&nbsp;<\/p>\n<blockquote class=\"twitter-tweet tw-align-center\" lang=\"es\"><p>He de decirq me confirman q la foto es de otro sitio q desconozco por eso la he borrado, la persona q me la mando me lo ha confirmado<\/p>\n<p>\u2014 Capit\u00e1n Trull (@AlfredoTrull) <a href=\"https:\/\/twitter.com\/AlfredoTrull\/status\/268722633321881601\" data-datetime=\"2012-11-14T14:30:43+00:00\" rel=\"external nofollow\">noviembre 14, 2012<\/a><\/p><\/blockquote>\n<p>&nbsp;<\/p>\n<p>La intenci\u00f3n de <strong><a href=\"http:\/\/www.twitter.com\/@AlfredoTrull\" target=\"_blank\" rel=\"external nofollow\">@AlfredoTrull<\/a>\u00a0<\/strong>y de los que le retuitearon (entre los que me incluyo) era tan buena como la de cualquiera. Pero sirva este <strong>&#8216;Paradigma del Opencor de Torremolinos&#8217;\u00a0<\/strong>como ejemplo para aquellos que piensan que despu\u00e9s de <strong>Twitter<\/strong> no hay nada, que se acab\u00f3 el <strong>periodismo<\/strong>, que aqu\u00ed los profesionales ya no valen&#8230; Sirva <strong>&#8216;El Paradigma del Opencor\u00a0de Torremolinos&#8217;<\/strong> para aclarar que todav\u00eda se necesita a un periodista, al menos para decir que <strong>en Torremolinos no hay Opencor<\/strong>. Y aqu\u00ed va mi arrepentimiento (tambi\u00e9n) hecho tuit.<\/p>\n<blockquote class=\"twitter-tweet tw-align-center\" lang=\"es\"><p>Periodista antes que fraile, rectifica @<a href=\"https:\/\/twitter.com\/alfredotrull\" rel=\"external nofollow\">alfredotrull<\/a> y rectifico RT. La foto no era del <a href=\"https:\/\/twitter.com\/search\/%23Opencor\" rel=\"external nofollow\">#Opencor<\/a> de <a href=\"https:\/\/twitter.com\/search\/%23Torremolinos\" rel=\"external nofollow\">#Torremolinos<\/a>, sino de <a href=\"https:\/\/twitter.com\/search\/%23BCN\" rel=\"external nofollow\">#BCN<\/a> :-\\<\/p>\n<p>\u2014 \u00c1ngel de los R\u00edos (@AngeldelosRios) <a href=\"https:\/\/twitter.com\/AngeldelosRios\/status\/268739278048227328\" data-datetime=\"2012-11-14T15:36:51+00:00\" rel=\"external nofollow\">noviembre 14, 2012<\/a><\/p><\/blockquote>\n<p>&nbsp;<\/p>\n<p><em>(*) Y dicho todo esto, me informan en los comentarios que queda al menos 1 Opencor -de dos que hubo- en la localidad. Y as\u00ed reza en la web\u00a0<a href=\"http:\/\/www.opencor.es\/opencor\/cargarAplicacionCentro.do?identificador=126\" rel=\"nofollow external\">http:\/\/www.opencor.es\/opencor\/&#8230;<\/a>. Pero el hecho que nos ocupa es que ni la foto es de Torremolinos, ni hubo paliza alguna. :(<\/em><\/p>\n","protected":false},"excerpt":{"rendered":"<p>Esta es una historia ejemplar. Una especie de f\u00e1bula, que va saltando de retuit en retuit y que nos viene a recordar a los periodistas eso tan viejo de confirmar los hechos antes de publicar una noticia. \u00a1Aunque se trate de Twitter! Por favor Este 14-N ha sido un d\u00eda de trabajo ejemplar en la [&hellip;]<\/p>\n","protected":false},"author":7,"featured_media":0,"comment_status":"open","ping_status":"closed","sticky":false,"template":"","format":"standard","meta":[],"categories":[8],"tags":[327,354,483],"_links":{"self":[{"href":"https:\/\/blogs.diariosur.es\/soyfriki\/wp-json\/wp\/v2\/posts\/750"}],"collection":[{"href":"https:\/\/blogs.diariosur.es\/soyfriki\/wp-json\/wp\/v2\/posts"}],"about":[{"href":"https:\/\/blogs.diariosur.es\/soyfriki\/wp-json\/wp\/v2\/types\/post"}],"author":[{"embeddable":true,"href":"https:\/\/blogs.diariosur.es\/soyfriki\/wp-json\/wp\/v2\/users\/7"}],"replies":[{"embeddable":true,"href":"https:\/\/blogs.diariosur.es\/soyfriki\/wp-json\/wp\/v2\/comments?post=750"}],"version-history":[{"count":0,"href":"https:\/\/blogs.diariosur.es\/soyfriki\/wp-json\/wp\/v2\/posts\/750\/revisions"}],"wp:attachment":[{"href":"https:\/\/blogs.diariosur.es\/soyfriki\/wp-json\/wp\/v2\/media?parent=750"}],"wp:term":[{"taxonomy":"category","embeddable":true,"href":"https:\/\/blogs.diariosur.es\/soyfriki\/wp-json\/wp\/v2\/categories?post=750"},{"taxonomy":"post_tag","embeddable":true,"href":"https:\/\/blogs.diariosur.es\/soyfriki\/wp-json\/wp\/v2\/tags?post=750"}],"curies":[{"name":"wp","href":"https:\/\/api.w.org\/{rel}","templated":true}]}}