{"id":752,"date":"2012-11-17T18:04:17","date_gmt":"2012-11-17T17:04:17","guid":{"rendered":"http:\/\/blogs.diariosur.es\/soyfriki\/?p=752"},"modified":"2012-11-17T18:04:17","modified_gmt":"2012-11-17T17:04:17","slug":"el-tio-de-la-canoa-de-las-inundaciones-en-malaga-la-nueva-nina-de-la-curva","status":"publish","type":"post","link":"https:\/\/blogs.diariosur.es\/soyfriki\/2012\/11\/17\/el-tio-de-la-canoa-de-las-inundaciones-en-malaga-la-nueva-nina-de-la-curva\/","title":{"rendered":"El t\u00edo de la canoa de las inundaciones en M\u00e1laga: \u00bfla nueva ni\u00f1a de la curva?"},"content":{"rendered":"<p>Ya lo he sentenciado a la mitificaci\u00f3n: &#8216;el t\u00edo de la canoa&#8217; es la nueva ni\u00f1a de la curva. Nadie sabe de d\u00f3nde sali\u00f3, ni por qu\u00e9 se aventur\u00f3 en mitad de una alerta roja por un paseo mart\u00edtimo. Pero &#8216;el t\u00edo de de la canoa&#8217; cogi\u00f3 la susodicha y se lanz\u00f3 a Pedregalejo, al mismo paseo, a navegar. Porque corr\u00edan r\u00edos de agua por las calles. Y lo fotografiaron, y su imagen pas\u00f3 de Twitter a Twitter, y de ah\u00ed a Facebook y luego al Whatsapp. Y se ha convertido en alguien casi tan famoso para los tuiteros como la propia #alertaMLG.<\/p>\n<p>Claro, ha sido trending topic, al menos en M\u00e1laga. Pero&#8230; \u00bfTodo esto es cierto?<\/p>\n<p>Esta es la primera foto y que es la que m\u00e1s se ha difundido por Twitter. Al parecer, colgada inicialmente por\u00a0<a href=\"http:\/\/twicsy.com\/u\/Rubenmlg\" rel=\"external nofollow\">@Rubenmlg<\/a>: &#8220;Hombre en canoa por el paseo mar\u00edtimo!\u00a0<a href=\"http:\/\/twicsy.com\/tag\/%23alertaMLG\" rel=\"external nofollow\">#alertaMLG<\/a>\u00a0<a href=\"http:\/\/twicsy.com\/tag\/%23Malaga\" rel=\"external nofollow\">#Malaga<\/a>&#8221;<\/p>\n<p><img src=\"\/\/p.twimg.com\/A75gUNpCEAADSB2.jpg:large\" alt=\"\" \/><\/p>\n<p>Y yo, como siempre con estas cosas, incr\u00e9dulo, hasta que veo esta segunda imagen, desde otro \u00e1ngulo y que representa al mismo &#8216;t\u00edo de la canoa&#8217;. La cuelga\u00a0<a href=\"http:\/\/twicsy.com\/u\/fer_gonzalez78\" rel=\"external nofollow\">@fer_gonzalez78<\/a>: &#8220;Ponemos rostro al t\u00edo de la canoa. Paseo Mar\u00edtimo&#8221;<\/p>\n<p><img loading=\"lazy\" src=\"\/\/p.twimg.com\/A75vpluCQAAJLPQ.jpg:large\" alt=\"\" width=\"600\" height=\"400\" \/><\/p>\n<p>Hay pruebas s\u00f3lidas de que es el mismo &#8216;t\u00edo de la canoa&#8217; y que muestran que es real.<\/p>\n<ul>\n<li>Aparece desde 2 \u00e1ngulos distintos, pero en el mismo sitio, y en una postura natural.<\/li>\n<li>Si reparamos en la canoa, es la misma&#8230; Aunque esto no es suficiente.<\/li>\n<li>M\u00e1s: la ropa es la misma. Sudadera, \u00a1atenci\u00f3n a su capucha blanca que coincide! El color de los remos y los pantalones oscuros.<\/li>\n<li>Pero si te detienes en la segunda foto, \u00a1te das cuenta de que no va preparado para hacer pirag\u00fcismo! Lleva botas de agua&#8230; \u00bfEstar\u00e1 realmente sufriendo unas inundaciones?<\/li>\n<\/ul>\n<p>Puede que me hayan enga\u00f1ado, o que me haya enga\u00f1ado yo a mi mismo pensando que &#8216;el t\u00edo de la canoa&#8217; existe. Otra cosa ser\u00e1 descubrir su identidad -prometo investigar-.<\/p>\n<p>Pero por lo pronto, ya tengo claro que &#8216;el t\u00edo de la canoa&#8217; es la nueva &#8216;ni\u00f1a de la curva&#8217;. Made in M\u00e1laga. Cada vez que lo veas aparecer, sabr\u00e1s que va a caer la de Dios es Cristo.<\/p>\n<p>Y no es el \u00fanico, all\u00ed donde halla una calle inundada, habr\u00e1 &#8216;un t\u00edo -malague\u00f1o- de la canoa&#8217;, para decirte algo as\u00ed como: &#8220;en esta calle me ahogu\u00e9 yo&#8221;. As\u00ed, desde carreter\u00eda han mandado no una sino varias fotos del segundo t\u00edo de la canoa&#8230;\u00a0<cite><a href=\"http:\/\/twicsy.com\/u\/JulitoPro\" rel=\"external nofollow\">@JulitoPro<\/a>:<\/cite>\u00a0&#8220;Siguen apareciendo en las redes gente por Malaga en canoa.. Los malague\u00f1os somos unicos jajaja este va por carreteria&#8221;<\/p>\n<p><img loading=\"lazy\" src=\"\/\/p.twimg.com\/A76UpMUCEAAcmCZ.jpg:large\" alt=\"\" width=\"600\" height=\"400\" \/><\/p>\n<p>Y, como en el caso de Pedregalejo, \u00a1hay varias tomas del mismo tipo! S\u00f3lo ve a buscarlas.<\/p>\n<p>Nosotros en SUR, hemos encontrado a los nuestros propios. \u00a1A dos! Iban en pirag\u00fcaa por el campus de Teatinos, en la UMA. Y de estos, s\u00ed que damos fe&#8230;<\/p>\n<p><img loading=\"lazy\" src=\"https:\/\/fbcdn-sphotos-f-a.akamaihd.net\/hphotos-ak-ash3\/31008_10151088662902251_1646828343_n.jpg\" alt=\"\" width=\"600\" height=\"350\" \/><\/p>\n<p>PD. Si conoc\u00e9is al &#8216;t\u00edo de la canoa&#8217;, pasadme su tel\u00e9fono ;)<\/p>\n<p>&nbsp;<\/p>\n","protected":false},"excerpt":{"rendered":"<p>Ya lo he sentenciado a la mitificaci\u00f3n: &#8216;el t\u00edo de la canoa&#8217; es la nueva ni\u00f1a de la curva. Nadie sabe de d\u00f3nde sali\u00f3, ni por qu\u00e9 se aventur\u00f3 en mitad de una alerta roja por un paseo mart\u00edtimo. Pero &#8216;el t\u00edo de de la canoa&#8217; cogi\u00f3 la susodicha y se lanz\u00f3 a Pedregalejo, al [&hellip;]<\/p>\n","protected":false},"author":7,"featured_media":0,"comment_status":"open","ping_status":"closed","sticky":false,"template":"","format":"standard","meta":[],"categories":[8],"tags":[],"_links":{"self":[{"href":"https:\/\/blogs.diariosur.es\/soyfriki\/wp-json\/wp\/v2\/posts\/752"}],"collection":[{"href":"https:\/\/blogs.diariosur.es\/soyfriki\/wp-json\/wp\/v2\/posts"}],"about":[{"href":"https:\/\/blogs.diariosur.es\/soyfriki\/wp-json\/wp\/v2\/types\/post"}],"author":[{"embeddable":true,"href":"https:\/\/blogs.diariosur.es\/soyfriki\/wp-json\/wp\/v2\/users\/7"}],"replies":[{"embeddable":true,"href":"https:\/\/blogs.diariosur.es\/soyfriki\/wp-json\/wp\/v2\/comments?post=752"}],"version-history":[{"count":0,"href":"https:\/\/blogs.diariosur.es\/soyfriki\/wp-json\/wp\/v2\/posts\/752\/revisions"}],"wp:attachment":[{"href":"https:\/\/blogs.diariosur.es\/soyfriki\/wp-json\/wp\/v2\/media?parent=752"}],"wp:term":[{"taxonomy":"category","embeddable":true,"href":"https:\/\/blogs.diariosur.es\/soyfriki\/wp-json\/wp\/v2\/categories?post=752"},{"taxonomy":"post_tag","embeddable":true,"href":"https:\/\/blogs.diariosur.es\/soyfriki\/wp-json\/wp\/v2\/tags?post=752"}],"curies":[{"name":"wp","href":"https:\/\/api.w.org\/{rel}","templated":true}]}}