{"id":759,"date":"2012-11-24T22:47:14","date_gmt":"2012-11-24T21:47:14","guid":{"rendered":"http:\/\/blogs.diariosur.es\/soyfriki\/?p=759"},"modified":"2012-11-24T22:47:14","modified_gmt":"2012-11-24T21:47:14","slug":"social-news-en-social-friday-este-viernes-en-fnac-malaga-hablamos","status":"publish","type":"post","link":"https:\/\/blogs.diariosur.es\/soyfriki\/2012\/11\/24\/social-news-en-social-friday-este-viernes-en-fnac-malaga-hablamos\/","title":{"rendered":"Social News en Social Friday. Este viernes en Fnac M\u00e1laga. \u00bfHablamos?"},"content":{"rendered":"<p><a href=\"https:\/\/fbcdn-profile-a.akamaihd.net\/hprofile-ak-snc6\/203606_167944666684892_1242524487_n.jpg\" rel=\"external nofollow\"><img loading=\"lazy\" class=\"alignright\" src=\"https:\/\/fbcdn-profile-a.akamaihd.net\/hprofile-ak-snc6\/203606_167944666684892_1242524487_n.jpg\" alt=\"\" width=\"180\" height=\"157\" \/><\/a>Bueno, parece que la fecha ha llegado. No es el fin del mundo, no es un Bar\u00e7a-Madrid. <strong>\u00a1Es mi Social Friday <strong>(<strong>#socialfriday)<\/strong><\/strong>!<\/strong> Ten\u00eda ganas de subirme a la tarima de este evento que una vez al mes se celebra en <strong>Fnac M\u00e1laga<\/strong>, sobre todo despu\u00e9s de que tuvimos que anular el anterior por algunos contratiempos. Es un evento en\u00a0el que el <strong>Social Media<\/strong> es el protagonista y, en mi caso, he elegido su relaci\u00f3n con la <strong>informaci\u00f3n<\/strong> y los <strong>Medios de Comunicaci\u00f3n<\/strong>.<\/p>\n<p>Por eso, el pr\u00f3ximo <strong>viernes 30 de noviembre<\/strong> a las <strong>20 horas<\/strong> hablaremos de <strong>&#8216;Social News&#8217; (<strong>#socialnews)<\/strong>.<\/strong> \u00bfQu\u00e9 bien tra\u00eddo no? Pero nada de power points infernales. Tampoco soy conferenciante profesional. \u00bfPor qu\u00e9 no hacer algo distinto? Al menos soy experto en lo m\u00edo -o eso dicen. \u00bfY t\u00fa qu\u00e9 quieres que te cuente? Ya que vamos a hablar -eso pretendo- de c\u00f3mo las <strong>redes sociales<\/strong> est\u00e1n <strong>cambiando la din\u00e1micas de trabajo en las redacciones<\/strong>, \u00bfpor qu\u00e9 no cambiar las de una charla?<\/p>\n<p>As\u00ed que, desde ahora, os dejo v\u00eda libre para que pregunt\u00e9is lo que quer\u00e1is -siempre que no sea de <strong>pol\u00edtica<\/strong>, <strong>f\u00fatbol<\/strong> y <strong>religi\u00f3n<\/strong>&#8211; y en base a eso construiremos la charla. \u00bfOs parece? Quiero con esto demostrar que sin nuestros lectores, sin la audiencia, los medios no somos nada nada. Generamos <strong>informaci\u00f3n<\/strong> por y para ellos, como siempre. Pero ahora, tambi\u00e9n con ellos. Y, si vas a ser <strong>mi audiencia<\/strong>, qu\u00e9 menos que tengas una <strong>charla a la carta<\/strong>.\u00a0Por lo menos, para que no te decepcione.<\/p>\n<p><strong>As\u00ed, si quieres dejar tu pregunta o sugerencia, usaremos 3 v\u00edas:<\/strong><\/p>\n<p><strong>1. Twitter.<\/strong> Deja lo que quieras usando la etiqueta\u00a0<strong>#socialnews\u00a0<strong>#socialfriday\u00a0<\/strong><\/strong>juntas, para separar el grano de la paja. A m\u00ed me tienes en<strong> <a href=\"http:\/\/twitter.com\/angeldelosrios\" target=\"_blank\" rel=\"external nofollow\">@angedelosrios<\/a><\/strong><\/p>\n<p><strong>2. Facebook.<\/strong> Entra en el <strong>evento<\/strong>, y s\u00edmplemente <strong>escribe<\/strong> lo que quieras.\u00a0<a href=\"https:\/\/www.facebook.com\/events\/167944666684892\/\" target=\"_blank\" rel=\"external nofollow\">https:\/\/www.facebook.com\/events\/167944666684892\/<\/a><\/p>\n<p><strong>3. En este blog.<\/strong> Ya que est\u00e1s, \u00bfverdad? Pues dejas abajo tu comentario.<\/p>\n<p>A ver c\u00f3mo sale el experimento. \u00a1Nos vemos el viernes! Al final de la charla, firmar\u00e9 mi nuevo disco y cantar\u00e9 3 canciones.<\/p>\n","protected":false},"excerpt":{"rendered":"<p>Bueno, parece que la fecha ha llegado. No es el fin del mundo, no es un Bar\u00e7a-Madrid. \u00a1Es mi Social Friday (#socialfriday)! Ten\u00eda ganas de subirme a la tarima de este evento que una vez al mes se celebra en Fnac M\u00e1laga, sobre todo despu\u00e9s de que tuvimos que anular el anterior por algunos contratiempos. [&hellip;]<\/p>\n","protected":false},"author":7,"featured_media":0,"comment_status":"open","ping_status":"closed","sticky":false,"template":"","format":"standard","meta":[],"categories":[5,7,8],"tags":[],"_links":{"self":[{"href":"https:\/\/blogs.diariosur.es\/soyfriki\/wp-json\/wp\/v2\/posts\/759"}],"collection":[{"href":"https:\/\/blogs.diariosur.es\/soyfriki\/wp-json\/wp\/v2\/posts"}],"about":[{"href":"https:\/\/blogs.diariosur.es\/soyfriki\/wp-json\/wp\/v2\/types\/post"}],"author":[{"embeddable":true,"href":"https:\/\/blogs.diariosur.es\/soyfriki\/wp-json\/wp\/v2\/users\/7"}],"replies":[{"embeddable":true,"href":"https:\/\/blogs.diariosur.es\/soyfriki\/wp-json\/wp\/v2\/comments?post=759"}],"version-history":[{"count":0,"href":"https:\/\/blogs.diariosur.es\/soyfriki\/wp-json\/wp\/v2\/posts\/759\/revisions"}],"wp:attachment":[{"href":"https:\/\/blogs.diariosur.es\/soyfriki\/wp-json\/wp\/v2\/media?parent=759"}],"wp:term":[{"taxonomy":"category","embeddable":true,"href":"https:\/\/blogs.diariosur.es\/soyfriki\/wp-json\/wp\/v2\/categories?post=759"},{"taxonomy":"post_tag","embeddable":true,"href":"https:\/\/blogs.diariosur.es\/soyfriki\/wp-json\/wp\/v2\/tags?post=759"}],"curies":[{"name":"wp","href":"https:\/\/api.w.org\/{rel}","templated":true}]}}