{"id":761,"date":"2012-12-05T21:40:25","date_gmt":"2012-12-05T20:40:25","guid":{"rendered":"http:\/\/blogs.diariosur.es\/soyfriki\/?p=761"},"modified":"2012-12-05T21:40:25","modified_gmt":"2012-12-05T20:40:25","slug":"gustavo-entrala-el-community-manager-del-papa-benedicto","status":"publish","type":"post","link":"https:\/\/blogs.diariosur.es\/soyfriki\/2012\/12\/05\/gustavo-entrala-el-community-manager-del-papa-benedicto\/","title":{"rendered":"Gustavo Entrala, el community manager del Papa Benedicto"},"content":{"rendered":"<p><a href=\"\/soyfriki\/wp-content\/uploads\/sites\/14\/2012\/12\/79936431.jpg\"><img loading=\"lazy\" class=\"alignright  wp-image-763\" title=\"7993643[1]\" src=\"\/soyfriki\/wp-content\/uploads\/sites\/14\/2012\/12\/79936431.jpg\" alt=\"\" width=\"120\" height=\"120\" \/><\/a>Hemos hablado mucho estos d\u00edas de <strong><a href=\"http:\/\/twitter.com\/@Pontifex\" rel=\"external nofollow\">@Pontifex<\/a><\/strong>, lo que viene siendo la figura tuitera del <strong>Papa Benedicto XVI<\/strong>. Y del que podr\u00eda ser su <strong>community manager<\/strong>, que si ten\u00eda el cielo ganado y todas esas cosas. Y ahora resulta que hace meses mi compa\u00f1era <strong><a href=\"http:\/\/twitter.com\/erequena\" target=\"_blank\" rel=\"external nofollow\">Ester Requena<\/a><\/strong>, cual profeta, ya habl\u00f3 con \u00e9l antes de que el <strong>Vaticano<\/strong> liara todo esto.<\/p>\n<p>Es el <a href=\"http:\/\/twitter.com\/gentrala\" target=\"_blank\" rel=\"external nofollow\">publicista <strong>Gustavo Entrala<\/strong><\/a>, quien <strong>lanz\u00f3 a Benedicto XVI a Twitter<\/strong>.\u00a0Escribi\u00f3 a la Santa Sede ofreciendo los servicios de su empresa para abrirles una ventana a las redes sociales y ahora es <strong>&#8216;el tuitero del Papa&#8217;<\/strong>.<\/p>\n<p>Gracias, por cierto, a <strong>Ester<\/strong> por este pedazo de documento gr\u00e1fico. <strong>\u00a1El Papa con su iPad!<\/strong><\/p>\n<div id=\"attachment_762\" style=\"width: 410px\" class=\"wp-caption aligncenter\"><a href=\"\/soyfriki\/wp-content\/uploads\/sites\/14\/2012\/12\/gustavo-entrala-papa.jpg\"><img aria-describedby=\"caption-attachment-762\" loading=\"lazy\" class=\"size-full wp-image-762 \" title=\"Gustavo Entrala con el Papa tuiteando\" src=\"\/soyfriki\/wp-content\/uploads\/sites\/14\/2012\/12\/gustavo-entrala-papa.jpg\" alt=\"Gustavo Entrala con el Papa tuiteando\" width=\"400\" height=\"300\" srcset=\"https:\/\/static-blogs.diariosur.es\/wp-content\/uploads\/sites\/14\/2012\/12\/gustavo-entrala-papa.jpg 400w, https:\/\/static-blogs.diariosur.es\/wp-content\/uploads\/sites\/14\/2012\/12\/gustavo-entrala-papa-300x225.jpg 300w\" sizes=\"(max-width: 400px) 100vw, 400px\" \/><\/a><p id=\"caption-attachment-762\" class=\"wp-caption-text\">Gustavo Entrala con el Papa tuiteando<\/p><\/div>\n<p>Una <a href=\"http:\/\/t.co\/0mnjHuIT\" target=\"_blank\" rel=\"external nofollow\"><strong>entrevista<\/strong> sin desperdicio que pod\u00e9is <strong>leer completa aqu\u00ed<\/strong><\/a>, pero de la que os dejo perlas como estas:<\/p>\n<p><strong>&#8211; Dicen que no hay manera de que Benedicto XVI se haga una cuenta personal en Twitter&#8230;\u00a0<\/strong><br \/>\n&#8211; Le convenceremos. A este Papa le va m\u00e1s Twitter que dar un discurso. Es <strong>el Papa de Twitter<\/strong>.\u00a0El Papa quiere escribir \u00e9l personalmente.<\/p>\n<p><strong>&#8211; \u00bfY va con el tel\u00e9fono m\u00f3vil haciendo fotos?\u00a0<\/strong><br \/>\n&#8211; Estaba esperando a que saliera el <strong>iPhone<\/strong> blanco (risas). Y ya que ha salido, imagino que lo tendr\u00e1 (carcajadas).<\/p>\n<p><strong>&#8211; Experto en digitalizar marcas, \u00bfla Iglesia es una buena marca?\u00a0<\/strong><br \/>\n&#8211; La de la Iglesia Cat\u00f3lica est\u00e1 viejecilla. Le conviene una renovaci\u00f3n. Hay tres marcas buenas en el mundo que, adem\u00e1s, son blancas: la <strong>Iglesia<\/strong>, la <strong>Casa Blanca<\/strong> y el <strong>Real Madrid<\/strong>. Con las tres querr\u00eda trabajar cualquier publicista.<\/p>\n","protected":false},"excerpt":{"rendered":"<p>Hemos hablado mucho estos d\u00edas de @Pontifex, lo que viene siendo la figura tuitera del Papa Benedicto XVI. Y del que podr\u00eda ser su community manager, que si ten\u00eda el cielo ganado y todas esas cosas. Y ahora resulta que hace meses mi compa\u00f1era Ester Requena, cual profeta, ya habl\u00f3 con \u00e9l antes de que [&hellip;]<\/p>\n","protected":false},"author":7,"featured_media":0,"comment_status":"open","ping_status":"closed","sticky":false,"template":"","format":"standard","meta":[],"categories":[11],"tags":[152,247,249,483],"_links":{"self":[{"href":"https:\/\/blogs.diariosur.es\/soyfriki\/wp-json\/wp\/v2\/posts\/761"}],"collection":[{"href":"https:\/\/blogs.diariosur.es\/soyfriki\/wp-json\/wp\/v2\/posts"}],"about":[{"href":"https:\/\/blogs.diariosur.es\/soyfriki\/wp-json\/wp\/v2\/types\/post"}],"author":[{"embeddable":true,"href":"https:\/\/blogs.diariosur.es\/soyfriki\/wp-json\/wp\/v2\/users\/7"}],"replies":[{"embeddable":true,"href":"https:\/\/blogs.diariosur.es\/soyfriki\/wp-json\/wp\/v2\/comments?post=761"}],"version-history":[{"count":0,"href":"https:\/\/blogs.diariosur.es\/soyfriki\/wp-json\/wp\/v2\/posts\/761\/revisions"}],"wp:attachment":[{"href":"https:\/\/blogs.diariosur.es\/soyfriki\/wp-json\/wp\/v2\/media?parent=761"}],"wp:term":[{"taxonomy":"category","embeddable":true,"href":"https:\/\/blogs.diariosur.es\/soyfriki\/wp-json\/wp\/v2\/categories?post=761"},{"taxonomy":"post_tag","embeddable":true,"href":"https:\/\/blogs.diariosur.es\/soyfriki\/wp-json\/wp\/v2\/tags?post=761"}],"curies":[{"name":"wp","href":"https:\/\/api.w.org\/{rel}","templated":true}]}}