{"id":765,"date":"2012-12-06T14:21:56","date_gmt":"2012-12-06T13:21:56","guid":{"rendered":"http:\/\/blogs.diariosur.es\/soyfriki\/?p=765"},"modified":"2012-12-06T14:21:56","modified_gmt":"2012-12-06T13:21:56","slug":"vota-a-barbara-tifita-para-ser-la-mayor-fan-de-final-fantasy","status":"publish","type":"post","link":"https:\/\/blogs.diariosur.es\/soyfriki\/2012\/12\/06\/vota-a-barbara-tifita-para-ser-la-mayor-fan-de-final-fantasy\/","title":{"rendered":"Vota a B\u00e1rbara (Tifita) para ser la mayor fan de &#039;Final Fantasy&#039;"},"content":{"rendered":"<p>Es la recta final, quedan 2 d\u00edas para cerrar la votaci\u00f3n.\u00a0Malague\u00f1a, pianista, maestra, fisioterapeuta,\u00a0<strong>B\u00e1rbara Hern\u00e1ndez<\/strong> de <strong>28 a\u00f1o<\/strong>s compite para ser<strong> la mayor fan mundial de &#8216;Final Fantasy&#8217;<\/strong>. Una saga que ha vendido 45 millones de copias y que celebra su 25 aniversario con esta competici\u00f3n.<\/p>\n<p><strong><em>\u00bfLe echamos una mano?<\/em><\/strong><\/p>\n<p><img loading=\"lazy\" class=\"size-full wp-image-766 aligncenter\" title=\"Barbara Hernandez Final Fantasy Tifita Malaga\" src=\"\/soyfriki\/wp-content\/uploads\/sites\/14\/2012\/12\/1354121815_565009_1354122456_noticia_normal1.jpg\" alt=\"Barbara Hernandez Final Fantasy Tifita Malaga\" width=\"560\" height=\"372\" srcset=\"https:\/\/static-blogs.diariosur.es\/wp-content\/uploads\/sites\/14\/2012\/12\/1354121815_565009_1354122456_noticia_normal1.jpg 560w, https:\/\/static-blogs.diariosur.es\/wp-content\/uploads\/sites\/14\/2012\/12\/1354121815_565009_1354122456_noticia_normal1-300x199.jpg 300w\" sizes=\"(max-width: 560px) 100vw, 560px\" \/><\/p>\n<p>Hasta el <strong>7 de diciembre<\/strong> est\u00e1 abierta una votaci\u00f3n en\u00a0<a href=\"http:\/\/superfan.ff25th-anniversary.com\/\" target=\"_blank\" rel=\"external nofollow\">la final de un concurso para que los aficionados a &#8216;Final Fantasy&#8217; escogen al mejor fan de la saga<\/a>.\u00a0A veces primera, a veces segunda en la votaci\u00f3n, la cosa est\u00e1 re\u00f1ida entre ella, un <strong>franc\u00e9s<\/strong> y un <strong>alem\u00e1n<\/strong>.\u00a0B\u00e1rbara participa con el nombre <strong>Tifita<\/strong> en el concurso.<\/p>\n<p><a title=\"Vota aqu\u00ed\" href=\"http:\/\/superfan.ff25th-anniversary.com\/es\/super-fans\" target=\"_blank\" rel=\"external nofollow\"><img loading=\"lazy\" class=\"aligncenter size-full wp-image-767\" title=\"boton_votar[1]\" src=\"\/soyfriki\/wp-content\/uploads\/sites\/14\/2012\/12\/boton_votar1.gif\" alt=\"\" width=\"200\" height=\"113\" \/><\/a><\/p>\n<p>Ya habl\u00e9 con ella la semana pasada y me cont\u00f3 lo apasionada que es por los videojuegos y la m\u00fasica. Y por todo lo que se propone. Lo demuestra en su <a href=\"http:\/\/finalsworld.com\/\" target=\"_blank\" rel=\"external nofollow\">blog &#8216;<strong>Final&#8217;s Worls&#8217;<\/strong><\/a>\u00a0y\u00a0en su canal de\u00a0<a href=\"http:\/\/youtube.com\/ridia84\" target=\"_blank\" rel=\"external nofollow\">v\u00eddeos de <strong>Youtube<\/strong><\/a>.<\/p>\n<p>La pasi\u00f3n de <strong>Tifita<\/strong> empez\u00f3 con 13 a\u00f1os. \u00abUn d\u00eda de 1997 vi a mi hermano jugando al <strong>&#8216;Final Fantasy VII&#8217;<\/strong> en el PC, y no pude parar de jugar hasta termin\u00e1rmelo\u00bb, me dec\u00eda el otro d\u00eda en una entrevista a SUR.\u00a0como buena pianista, necesitaba ponerle una banda sonora a su historia: la de <strong>&#8216;Final Fantasy&#8217;<\/strong>. Un d\u00eda se le ocurri\u00f3 grabarse tocando el piano. \u00abCon el tiempo compr\u00e9 un micr\u00f3fono mejor y empec\u00e9 a utilizar varias voces\u00bb.\u00a0Y luego vinieron gaita asturiana, ocarina, flautas y hasta percusi\u00f3n. Y, adem\u00e1s, est\u00e1 aprendiendo a tocar la guitarra y el viol\u00edn.<\/p>\n<p><object width=\"560\" height=\"315\" classid=\"clsid:d27cdb6e-ae6d-11cf-96b8-444553540000\" codebase=\"http:\/\/download.macromedia.com\/pub\/shockwave\/cabs\/flash\/swflash.cab#version=6,0,40,0\"><param name=\"allowFullScreen\" value=\"true\" \/><param name=\"allowscriptaccess\" value=\"always\" \/><param name=\"src\" value=\"http:\/\/www.youtube.com\/v\/AkJ--E0r35Q?version=3&#038;hl=es_ES&#038;rel=0\" \/><param name=\"allowfullscreen\" value=\"true\" \/><embed width=\"560\" height=\"315\" type=\"application\/x-shockwave-flash\" src=\"\/\/www.youtube.com\/v\/AkJ--E0r35Q?version=3&#038;hl=es_ES&#038;rel=0\" allowFullScreen=\"true\" allowscriptaccess=\"always\" allowfullscreen=\"true\" \/><\/object><\/p>\n<div id=\"noticia-pestanas\">\n<div id=\"ccronica\">\n<div>\n<div id=\"story-texto\">\n<div>De lunes a viernes, da clases de primaria a sus chavales en un colegio de la costa granadina. Cuando sale, se pone el disfraz de superhero\u00edna.\u00a0Pronto <strong>Tifita<\/strong> ser\u00e1 famosa, al menos entre los aficionados a los <strong>videojuegos<\/strong>. \u00abCreo que ning\u00fan alumno me ha reconocido en los v\u00eddeos, \u00a1ni falta que hace!\u00bb, me dec\u00eda.<\/div>\n<\/div>\n<div><\/div>\n<div>\u00c9chale una mano en la votaci\u00f3n porque, si gana,\u00a0aparecer\u00e1 en los <strong>t\u00edtulos de cr\u00e9dito<\/strong> del pr\u00f3ximo <strong>&#8216;Final Fantasy&#8217;<\/strong> y se llevar\u00e1<strong> 2 entradas VIP<\/strong> para un concierto en Par\u00eds donde podr\u00e1 conocer a <strong>Nobuo Uematsu<\/strong>, compositor de muchos de los temas musicales del videojuego.<\/div>\n<\/div>\n<\/div>\n<\/div>\n","protected":false},"excerpt":{"rendered":"<p>Es la recta final, quedan 2 d\u00edas para cerrar la votaci\u00f3n.\u00a0Malague\u00f1a, pianista, maestra, fisioterapeuta,\u00a0B\u00e1rbara Hern\u00e1ndez de 28 a\u00f1os compite para ser la mayor fan mundial de &#8216;Final Fantasy&#8217;. Una saga que ha vendido 45 millones de copias y que celebra su 25 aniversario con esta competici\u00f3n. \u00bfLe echamos una mano? Hasta el 7 de diciembre [&hellip;]<\/p>\n","protected":false},"author":7,"featured_media":0,"comment_status":"open","ping_status":"closed","sticky":false,"template":"","format":"standard","meta":[],"categories":[7,8],"tags":[174,281,452,498,529],"_links":{"self":[{"href":"https:\/\/blogs.diariosur.es\/soyfriki\/wp-json\/wp\/v2\/posts\/765"}],"collection":[{"href":"https:\/\/blogs.diariosur.es\/soyfriki\/wp-json\/wp\/v2\/posts"}],"about":[{"href":"https:\/\/blogs.diariosur.es\/soyfriki\/wp-json\/wp\/v2\/types\/post"}],"author":[{"embeddable":true,"href":"https:\/\/blogs.diariosur.es\/soyfriki\/wp-json\/wp\/v2\/users\/7"}],"replies":[{"embeddable":true,"href":"https:\/\/blogs.diariosur.es\/soyfriki\/wp-json\/wp\/v2\/comments?post=765"}],"version-history":[{"count":0,"href":"https:\/\/blogs.diariosur.es\/soyfriki\/wp-json\/wp\/v2\/posts\/765\/revisions"}],"wp:attachment":[{"href":"https:\/\/blogs.diariosur.es\/soyfriki\/wp-json\/wp\/v2\/media?parent=765"}],"wp:term":[{"taxonomy":"category","embeddable":true,"href":"https:\/\/blogs.diariosur.es\/soyfriki\/wp-json\/wp\/v2\/categories?post=765"},{"taxonomy":"post_tag","embeddable":true,"href":"https:\/\/blogs.diariosur.es\/soyfriki\/wp-json\/wp\/v2\/tags?post=765"}],"curies":[{"name":"wp","href":"https:\/\/api.w.org\/{rel}","templated":true}]}}