{"id":771,"date":"2013-01-14T20:53:59","date_gmt":"2013-01-14T19:53:59","guid":{"rendered":"http:\/\/blogs.diariosur.es\/soyfriki\/?p=771"},"modified":"2013-01-14T20:53:59","modified_gmt":"2013-01-14T19:53:59","slug":"simposio-de-posicionamiento-seo-sem-en-malaga","status":"publish","type":"post","link":"https:\/\/blogs.diariosur.es\/soyfriki\/2013\/01\/14\/simposio-de-posicionamiento-seo-sem-en-malaga\/","title":{"rendered":"Simposio de Posicionamiento SEO-SEM en M\u00e1laga"},"content":{"rendered":"<p>El <strong>Centro de Formaci\u00f3n en Comunicaciones y Tecnolog\u00edas de la Informaci\u00f3n de M\u00e1laga<\/strong>\u00a0(<strong>FORMAN<\/strong>)\u00a0organiza un Simposio de Posicionamiento SEO-SEM con\u00a0profesionales relevantes en materia de optimizaci\u00f3n web.\u00a0<span style=\"font-size: 13px; line-height: 19px;\"><strong>Estrategias<\/strong>, <strong>herramientas<\/strong>,\u00a0<strong>consejos<\/strong>, investigaciones y experiencias los <\/span><span style=\"font-size: 13px; line-height: 19px;\">d\u00edas 10 y 11 de abril<\/span><span style=\"font-size: 13px; line-height: 19px;\">, en <\/span><span style=\"font-size: 13px; line-height: 19px;\">horario de ma\u00f1ana y tarde.<\/span><\/p>\n<p>El evento est\u00e1 destinado a profesionales del mundo del <strong>Marketing y Comunicaci\u00f3n online<\/strong>:\u00a0<strong>Community Managers<\/strong>, T\u00e9cnicos\/Responsables\/Directores de <strong>Marketing<\/strong> y <strong>Comunicaci\u00f3n<\/strong>, <strong>Bloggers<\/strong>,\u00a0 expertos en <strong>Posicionamiento Web<\/strong>, <strong>Dise\u00f1adores Web<\/strong> y <strong>Webmasters<\/strong>.<\/p>\n<p><span style=\"font-size: 13px; line-height: 19px;\">El <strong>Simposio de Posicionamiento SEO-SEM<\/strong><\/span><span style=\"font-size: 13px; line-height: 19px;\">\u00a0tiene<\/span><span style=\"font-size: 13px; line-height: 19px;\">\u00a0inscripci\u00f3n es gratuita para los asistentes. <\/span><\/p>\n<ul>\n<li><span style=\"font-size: 13px; line-height: 19px;\">Toda la informaci\u00f3n del evento &#8211;>\u00a0<\/span><a style=\"font-size: 13px; line-height: 19px;\" href=\"http:\/\/www.seosemmalaga.com\/\" rel=\"external nofollow\">www.seosemmalaga.com<\/a><\/li>\n<li><span style=\"font-size: 13px; line-height: 19px;\">Inscripci\u00f3n en la web &#8211;>\u00a0<\/span><a style=\"font-size: 13px; line-height: 19px;\" href=\"http:\/\/www.seosemmalaga.com\/\" rel=\"external nofollow\">www.seosemmalaga.com<\/a><\/li>\n<\/ul>\n<p>&nbsp;<\/p>\n","protected":false},"excerpt":{"rendered":"<p>El Centro de Formaci\u00f3n en Comunicaciones y Tecnolog\u00edas de la Informaci\u00f3n de M\u00e1laga\u00a0(FORMAN)\u00a0organiza un Simposio de Posicionamiento SEO-SEM con\u00a0profesionales relevantes en materia de optimizaci\u00f3n web.\u00a0Estrategias, herramientas,\u00a0consejos, investigaciones y experiencias los d\u00edas 10 y 11 de abril, en horario de ma\u00f1ana y tarde. El evento est\u00e1 destinado a profesionales del mundo del Marketing y Comunicaci\u00f3n online:\u00a0Community [&hellip;]<\/p>\n","protected":false},"author":7,"featured_media":0,"comment_status":"open","ping_status":"closed","sticky":false,"template":"","format":"standard","meta":[],"categories":[9],"tags":[67,222,293,404,406],"_links":{"self":[{"href":"https:\/\/blogs.diariosur.es\/soyfriki\/wp-json\/wp\/v2\/posts\/771"}],"collection":[{"href":"https:\/\/blogs.diariosur.es\/soyfriki\/wp-json\/wp\/v2\/posts"}],"about":[{"href":"https:\/\/blogs.diariosur.es\/soyfriki\/wp-json\/wp\/v2\/types\/post"}],"author":[{"embeddable":true,"href":"https:\/\/blogs.diariosur.es\/soyfriki\/wp-json\/wp\/v2\/users\/7"}],"replies":[{"embeddable":true,"href":"https:\/\/blogs.diariosur.es\/soyfriki\/wp-json\/wp\/v2\/comments?post=771"}],"version-history":[{"count":0,"href":"https:\/\/blogs.diariosur.es\/soyfriki\/wp-json\/wp\/v2\/posts\/771\/revisions"}],"wp:attachment":[{"href":"https:\/\/blogs.diariosur.es\/soyfriki\/wp-json\/wp\/v2\/media?parent=771"}],"wp:term":[{"taxonomy":"category","embeddable":true,"href":"https:\/\/blogs.diariosur.es\/soyfriki\/wp-json\/wp\/v2\/categories?post=771"},{"taxonomy":"post_tag","embeddable":true,"href":"https:\/\/blogs.diariosur.es\/soyfriki\/wp-json\/wp\/v2\/tags?post=771"}],"curies":[{"name":"wp","href":"https:\/\/api.w.org\/{rel}","templated":true}]}}