{"id":777,"date":"2013-01-17T12:26:23","date_gmt":"2013-01-17T11:26:23","guid":{"rendered":"http:\/\/blogs.diariosur.es\/soyfriki\/?p=777"},"modified":"2013-01-17T12:26:23","modified_gmt":"2013-01-17T11:26:23","slug":"facebook-perdio-usuarios-activos-en-diciembre","status":"publish","type":"post","link":"https:\/\/blogs.diariosur.es\/soyfriki\/2013\/01\/17\/facebook-perdio-usuarios-activos-en-diciembre\/","title":{"rendered":"Facebook perdi\u00f3 usuarios activos en diciembre"},"content":{"rendered":"<p><a href=\"http:\/\/facebook.com\/diariosur\" target=\"_blank\" rel=\"external nofollow\"><strong><a href=\"\/soyfriki\/wp-content\/uploads\/sites\/14\/2013\/01\/facebook1.jpg\"><img loading=\"lazy\" class=\"alignright size-full wp-image-778\" title=\"Expertos se cuestionan el \u00e9xito de la red social Facebook, tras perder usuarios activos en diciembre\" src=\"\/soyfriki\/wp-content\/uploads\/sites\/14\/2013\/01\/facebook1.jpg\" alt=\"Expertos se cuestionan el \u00e9xito de la red social Facebook, tras perder usuarios activos en diciembre\" width=\"404\" height=\"303\" srcset=\"https:\/\/static-blogs.diariosur.es\/wp-content\/uploads\/sites\/14\/2013\/01\/facebook1.jpg 404w, https:\/\/static-blogs.diariosur.es\/wp-content\/uploads\/sites\/14\/2013\/01\/facebook1-300x225.jpg 300w\" sizes=\"(max-width: 404px) 100vw, 404px\" \/><\/a>Facebook<\/strong> <\/a>ya no da m\u00e1s de s\u00ed, o eso piensan los expertos a ra\u00edz de la \u00faltima encuesta sobre la red social.\u00a0Es cierto que cuenta con <strong>1.000 millones de usuarios<\/strong> en todo el mundo pero empieza a perder<strong> usuarios activos<\/strong> en algunas regiones.<\/p>\n<p>Comprobar la actividad de tus amigos en el <strong>perfil del usuario<\/strong> es lo primero que la mayor\u00eda hace a primera hora de la ma\u00f1ana, o a \u00faltima hora de la noche. M\u00e1s a\u00fan, desde que es posible hacerlo desde el m\u00f3vil.\u00a0La red fundada por <strong>Mark Zuckerberg<\/strong> en 2004, consigui\u00f3 su cifra r\u00e9cord de usuarios el pasado<strong> mes de octubre<\/strong>.<\/p>\n<p>Sin embargo\u00a0un nuevo estudio revela que <strong>Facebook<\/strong> ha empezado a perder usuarios activos.\u00a0Dos de los pa\u00edses en que cuentan con mayor penetraci\u00f3n en <strong>Facebook<\/strong>,\u00a0<strong>Estados Unidos<\/strong> y <strong>Reino Unido<\/strong>, son los principales afectados por la ca\u00edda.\u00a0Seg\u00fan un estudio de <strong><a title=\"social bakers\" href=\"http:\/\/www.socialbakers.com\/\" target=\"_blank\" rel=\"external nofollow\">SocialBakers<\/a><\/strong>, <strong>EEUU<\/strong> perdi\u00f3 1,4 millones de usuarios activos a principios de <strong>diciembre<\/strong> y 600.000 en <strong>Reino Unido<\/strong>.<\/p>\n<p>\u00bfHa tocado techo? Pues seg\u00fan los expertos, con un 54 por ciento de <strong>cuota de mercado<\/strong> en <strong>EEUU<\/strong> (cerca de 167 millones de usuarios) y un 53 por ciento en <strong>Reino Unido<\/strong> (cerca de 33 millones de usuarios), este freno es un cuesti\u00f3n de l\u00f3gica. Pese a todo, el equipo de \u00a0<strong>Zuckerberg<\/strong> justifica la bajada por\u00a0\u00a0periodos vacacionales, como la <strong>Navidad<\/strong>, adem\u00e1s de que muchos usuarios se dan de baja cierto tiempo y meses m\u00e1s tarde vuelven.<\/p>\n<p style=\"text-align: right;\"><em><strong><a title=\"\u00bfHa tocado techo Facebook? | EUROPA PRESS\" href=\"http:\/\/www.diariosur.es\/rc\/20130117\/tecnologia\/tocado-techo-facebook-201301171131.html\" target=\"_blank\" rel=\"external nofollow\">Fuente EUROPA PRESS<\/a><\/strong><\/em><\/p>\n","protected":false},"excerpt":{"rendered":"<p>Facebook ya no da m\u00e1s de s\u00ed, o eso piensan los expertos a ra\u00edz de la \u00faltima encuesta sobre la red social.\u00a0Es cierto que cuenta con 1.000 millones de usuarios en todo el mundo pero empieza a perder usuarios activos en algunas regiones. Comprobar la actividad de tus amigos en el perfil del usuario es [&hellip;]<\/p>\n","protected":false},"author":7,"featured_media":0,"comment_status":"open","ping_status":"closed","sticky":false,"template":"","format":"standard","meta":[],"categories":[14,8],"tags":[158,165],"_links":{"self":[{"href":"https:\/\/blogs.diariosur.es\/soyfriki\/wp-json\/wp\/v2\/posts\/777"}],"collection":[{"href":"https:\/\/blogs.diariosur.es\/soyfriki\/wp-json\/wp\/v2\/posts"}],"about":[{"href":"https:\/\/blogs.diariosur.es\/soyfriki\/wp-json\/wp\/v2\/types\/post"}],"author":[{"embeddable":true,"href":"https:\/\/blogs.diariosur.es\/soyfriki\/wp-json\/wp\/v2\/users\/7"}],"replies":[{"embeddable":true,"href":"https:\/\/blogs.diariosur.es\/soyfriki\/wp-json\/wp\/v2\/comments?post=777"}],"version-history":[{"count":0,"href":"https:\/\/blogs.diariosur.es\/soyfriki\/wp-json\/wp\/v2\/posts\/777\/revisions"}],"wp:attachment":[{"href":"https:\/\/blogs.diariosur.es\/soyfriki\/wp-json\/wp\/v2\/media?parent=777"}],"wp:term":[{"taxonomy":"category","embeddable":true,"href":"https:\/\/blogs.diariosur.es\/soyfriki\/wp-json\/wp\/v2\/categories?post=777"},{"taxonomy":"post_tag","embeddable":true,"href":"https:\/\/blogs.diariosur.es\/soyfriki\/wp-json\/wp\/v2\/tags?post=777"}],"curies":[{"name":"wp","href":"https:\/\/api.w.org\/{rel}","templated":true}]}}