{"id":787,"date":"2013-01-28T23:38:37","date_gmt":"2013-01-28T22:38:37","guid":{"rendered":"http:\/\/blogs.diariosur.es\/soyfriki\/?p=787"},"modified":"2013-01-28T23:38:37","modified_gmt":"2013-01-28T22:38:37","slug":"el-fundador-de-panoramio-lanza-su-nuevo-proyecto-presspeople","status":"publish","type":"post","link":"https:\/\/blogs.diariosur.es\/soyfriki\/2013\/01\/28\/el-fundador-de-panoramio-lanza-su-nuevo-proyecto-presspeople\/","title":{"rendered":"El fundador de Panoramio lanza su nuevo proyecto: PressPeople"},"content":{"rendered":"<p><a href=\"\/soyfriki\/wp-content\/uploads\/sites\/14\/2013\/01\/thumb1.jpg\"><img loading=\"lazy\" class=\"alignright size-medium wp-image-788\" title=\"Joaqu\u00edn Cuenca y Pablo Linde, PressPeople\" src=\"\/soyfriki\/wp-content\/uploads\/sites\/14\/2013\/01\/thumb1.jpg\" alt=\"Cuenca y Linde.\" width=\"300\" height=\"195\" srcset=\"https:\/\/static-blogs.diariosur.es\/wp-content\/uploads\/sites\/14\/2013\/01\/thumb1.jpg 720w, https:\/\/static-blogs.diariosur.es\/wp-content\/uploads\/sites\/14\/2013\/01\/thumb1-300x195.jpg 300w\" sizes=\"(max-width: 300px) 100vw, 300px\" \/><\/a>De unir las mentes pensantes del fundador de <strong><a href=\"www.panoramio.com\/\" target=\"_blank\">Panoramio<\/a>\u00a0(<\/strong>adquirida por<strong> <a href=\"http:\/\/google.es\" target=\"_blank\" rel=\"external nofollow\">Google<\/a>)\u00a0<\/strong>y la de un periodista que lo tiene claro, solo puede salir algo bueno. Y eso aparenta ser <strong><a href=\"http:\/\/www.presspeople.com\" target=\"_blank\" rel=\"external nofollow\">PressPeople<\/a><\/strong>, el nuevo proyecto de<strong> <a href=\"http:\/\/www.diariosur.es\/v\/20101004\/malaga\/joaquin-cuenca-fundador-panoramio-20101004.html\" target=\"_blank\" rel=\"external nofollow\">Joaqu\u00edn Cuenca<\/a> (Panoramio)<\/strong> y <strong><a href=\"http:\/\/pablolinde.com\/\" target=\"_blank\" rel=\"external nofollow\">Pablo Linde<\/a> (ex <a href=\"http:\/\/elpais.es\" target=\"_blank\" rel=\"external nofollow\">El Pa\u00eds <\/a>y <a href=\"www.malagahoy.es\" target=\"_blank\">M\u00e1laga Hoy<\/a>)<\/strong>. Una web que nace con el objetivo de &#8220;convertirse en el mayor repositorio mundial de fuentes de informaci\u00f3n y notas de prensa&#8221;, afirman.<\/p>\n<p>El prestigioso blog tecnol\u00f3gico <strong><a href=\"http:\/\/genbeta.com\" target=\"_blank\" rel=\"external nofollow\">Genbeta <\/a><\/strong>ya ha distinguido a la web como una de las mejores iniciativas online de Espa\u00f1a y Latinoam\u00e9rica. <strong>PressPeople<\/strong> lleva m\u00e1s de un a\u00f1o en fase de pruebas y cuenta en su base de datos con casi <strong>13.000 fuentes de informaci\u00f3n<\/strong> de todo tipo instituciones p\u00fablicas, privadas, empresas, clubes, asociaciones, ONG&#8230;; m\u00e1s de <strong>un mill\u00f3n de notas de prensa<\/strong> publicadas, y m\u00e1s de <strong>1.500 periodistas<\/strong> registrados.<\/p>\n<p><strong>PressPeople<\/strong> pretende ser, por un lado una base de datos para consultar fuentes ordenadas por categor\u00eda y lugar, para dar r\u00e1pidamente con los contactos de prensa de cualquier organismo, y por otro un nuevo sistema de relaci\u00f3n entre <strong>gabinetes de prensa, y periodistas<\/strong>, que sustituya al correo electr\u00f3nico.\u00a0<span style=\"font-size: 13px;\">En <strong>PressPeople<\/strong> el usuario puede suscribirse a las fuentes que le interesan y estar al d\u00eda de todos sus comunicados en su p\u00e1gina de inicio o bien recibir un correo electr\u00f3nico a modo de alerta.<\/span><\/p>\n<p><iframe loading=\"lazy\" src=\"\/\/player.vimeo.com\/video\/35049749\" frameborder=\"0\" width=\"590\" height=\"340\"><\/iframe><\/p>\n<p><a href=\"http:\/\/vimeo.com\/35049749\" rel=\"external nofollow\">As\u00ed funciona PressPeople<\/a> from <a href=\"http:\/\/vimeo.com\/user7399320\" rel=\"external nofollow\">PressPeople<\/a> on <a href=\"http:\/\/vimeo.com\" rel=\"external nofollow\">Vimeo<\/a>.<\/p>\n<p><span style=\"font-size: 13px;\">\u201c<strong>PressPeople<\/strong> es una forma de democratizar el acceso a esta informaci\u00f3n. Hasta ahora, muchas <strong>notas de prensa<\/strong> se mandaban por mail y se quedaban en los correos de los periodistas. Yo lo llamo la \u2018materia oscura\u2019 de las <strong>noticias<\/strong>. Nosotros publicamos autom\u00e1ticamente todas, facilitando que el ciudadano pueda comprobar las fuentes de las que nace una noticia.\u201d, a\u00f1ade<strong> Joaqu\u00edn Cuenca<\/strong>.<\/span><\/p>\n<p>La p\u00e1gina publica m\u00e1s de <strong>2.000 notas de prensa diarias<\/strong>, que pueden ser consultadas a modo de <strong>hemeroteca<\/strong>. En principio, la web opera principalmente con fuentes espa\u00f1olas, pero tiene una clara vocaci\u00f3n internacional. <strong>PressPeople<\/strong> pretende en un futuro ofrecer servicios de valor a\u00f1adido tanto a <strong>periodistas<\/strong> como a <strong>gabinetes<\/strong> y <strong>agencias de comunicaci\u00f3n<\/strong>.<\/p>\n","protected":false},"excerpt":{"rendered":"<p>De unir las mentes pensantes del fundador de Panoramio\u00a0(adquirida por Google)\u00a0y la de un periodista que lo tiene claro, solo puede salir algo bueno. Y eso aparenta ser PressPeople, el nuevo proyecto de Joaqu\u00edn Cuenca (Panoramio) y Pablo Linde (ex El Pa\u00eds y M\u00e1laga Hoy). Una web que nace con el objetivo de &#8220;convertirse en [&hellip;]<\/p>\n","protected":false},"author":7,"featured_media":0,"comment_status":"open","ping_status":"closed","sticky":false,"template":"","format":"standard","meta":[],"categories":[8],"tags":[202,348,354,611],"_links":{"self":[{"href":"https:\/\/blogs.diariosur.es\/soyfriki\/wp-json\/wp\/v2\/posts\/787"}],"collection":[{"href":"https:\/\/blogs.diariosur.es\/soyfriki\/wp-json\/wp\/v2\/posts"}],"about":[{"href":"https:\/\/blogs.diariosur.es\/soyfriki\/wp-json\/wp\/v2\/types\/post"}],"author":[{"embeddable":true,"href":"https:\/\/blogs.diariosur.es\/soyfriki\/wp-json\/wp\/v2\/users\/7"}],"replies":[{"embeddable":true,"href":"https:\/\/blogs.diariosur.es\/soyfriki\/wp-json\/wp\/v2\/comments?post=787"}],"version-history":[{"count":0,"href":"https:\/\/blogs.diariosur.es\/soyfriki\/wp-json\/wp\/v2\/posts\/787\/revisions"}],"wp:attachment":[{"href":"https:\/\/blogs.diariosur.es\/soyfriki\/wp-json\/wp\/v2\/media?parent=787"}],"wp:term":[{"taxonomy":"category","embeddable":true,"href":"https:\/\/blogs.diariosur.es\/soyfriki\/wp-json\/wp\/v2\/categories?post=787"},{"taxonomy":"post_tag","embeddable":true,"href":"https:\/\/blogs.diariosur.es\/soyfriki\/wp-json\/wp\/v2\/tags?post=787"}],"curies":[{"name":"wp","href":"https:\/\/api.w.org\/{rel}","templated":true}]}}