{"id":819,"date":"2013-03-20T21:16:34","date_gmt":"2013-03-20T20:16:34","guid":{"rendered":"http:\/\/blogs.diariosur.es\/soyfriki\/?p=819"},"modified":"2013-03-20T21:16:34","modified_gmt":"2013-03-20T20:16:34","slug":"marketing-2-0-y-networking-este-jueves-y-viernes-en-actitud-social-iii","status":"publish","type":"post","link":"https:\/\/blogs.diariosur.es\/soyfriki\/2013\/03\/20\/marketing-2-0-y-networking-este-jueves-y-viernes-en-actitud-social-iii\/","title":{"rendered":"Marketing 2.0 y networking este jueves y viernes en Actitud Social (III)"},"content":{"rendered":"<p>&nbsp;<\/p>\n<p style=\"text-align: center;\"><a href=\"\/soyfriki\/wp-content\/uploads\/sites\/14\/2013\/03\/publico-actitud-social11.jpg\"><img loading=\"lazy\" class=\"aligncenter  wp-image-821\" title=\"publico-actitud-social[1]\" src=\"\/soyfriki\/wp-content\/uploads\/sites\/14\/2013\/03\/publico-actitud-social11.jpg\" alt=\"\" width=\"605\" height=\"251\" srcset=\"https:\/\/static-blogs.diariosur.es\/wp-content\/uploads\/sites\/14\/2013\/03\/publico-actitud-social11.jpg 960w, https:\/\/static-blogs.diariosur.es\/wp-content\/uploads\/sites\/14\/2013\/03\/publico-actitud-social11-300x124.jpg 300w, https:\/\/static-blogs.diariosur.es\/wp-content\/uploads\/sites\/14\/2013\/03\/publico-actitud-social11-768x318.jpg 768w\" sizes=\"(max-width: 605px) 100vw, 605px\" \/><\/a><\/p>\n<p>Ya son tres\u00a0las jornadas de\u00a0<strong><a href=\"http:\/\/www.actitudsocial.com\/\" rel=\"external nofollow\">Actitud Social<\/a><\/strong> que se celebran en M\u00e1laga. Se ha convertido en una cita habitual cada seis meses, y cada vez mejora en contenidos y n\u00famero de participantes. Comenz\u00f3 por la Facultad de Ciencias de la Comunicaci\u00f3n de la <strong>UMA<\/strong>, ya va por el auditorio de la <strong>Diputaci\u00f3n de M\u00e1laga<\/strong> y dura 2 jornadas.<\/p>\n<p>Como siempre, hay tres objetivos: formar, facilitar el networking y dar visibilidad a ponente y empresas. Para ello ya hay una veintena de ponentes entre los que destacan nombres como el de<strong> Juan Diego Polo<\/strong>, <strong>Ram\u00f3n Ram\u00f3n<\/strong> o <strong>Fernando Mu\u00f1oz<\/strong>. Una serie de conferencias y mesas redondas que abordan muy diversos \u00e1mbitos: <strong>SEO<\/strong>, <strong>SEM<\/strong>, <strong>geolocalizaci\u00f3n<\/strong>, <strong>Social Media<\/strong>\u2026<\/p>\n<p><span style=\"text-decoration: underline;\"><strong>JUEVES, 21 DE MARZO DE 2013\u00a0(bloque 1)<\/strong><\/span><\/p>\n<p><strong>15:00<br \/>\n<\/strong>Apertura de puertas y acreditaciones<\/p>\n<p><strong>16:00-16:45<br \/>\n<\/strong>Ponencia inaugural<br \/>\n<a href=\"http:\/\/www.actitudsocial.com\/as3\/juan-diego-polo-ponente-confirmado\" rel=\"external nofollow\">La receta para vivir de un blog<\/a><\/p>\n<p><a href=\"http:\/\/www.actitudsocial.com\/user\/juandiegopolo\" rel=\"external nofollow\">Juan Diego Polo<\/a>,\u00a0Fundador de &#8220;Wwwhat&#8217;s new&#8221;<\/p>\n<p><strong>16:45-17:00<br \/>\n<\/strong><a href=\"http:\/\/www.actitudsocial.com\/as3\/dinamicas-de-juegos-y-networking\">Din\u00e1mica de juegos y networking<br \/>\n<\/a><a href=\"http:\/\/www.actitudsocial.com\/user\/andy21\" rel=\"external nofollow\">Andy Garc\u00eda<\/a>,\u00a0Organizador del Congreso #ActitudSocial<\/p>\n<p><strong>17:00-17:30<br \/>\n<\/strong><a href=\"http:\/\/www.actitudsocial.com\/as3\/higinio-iglesias-ponente-confirmado\">El tel\u00e9fono ha muerto<br \/>\n<\/a><a href=\"http:\/\/www.actitudsocial.com\/user\/higinioiglesias\" rel=\"external nofollow\">Higinio Iglesias<\/a>,\u00a0Consejero delegado de Segurauto<\/p>\n<p><strong><a href=\"\/soyfriki\/wp-content\/uploads\/sites\/14\/2013\/03\/sr-munoz1.jpg\"><img loading=\"lazy\" class=\"alignright size-medium wp-image-822\" title=\"sr-munoz[1]\" src=\"\/soyfriki\/wp-content\/uploads\/sites\/14\/2013\/03\/sr-munoz1.jpg\" alt=\"\" width=\"300\" height=\"150\" srcset=\"https:\/\/static-blogs.diariosur.es\/wp-content\/uploads\/sites\/14\/2013\/03\/sr-munoz1.jpg 340w, https:\/\/static-blogs.diariosur.es\/wp-content\/uploads\/sites\/14\/2013\/03\/sr-munoz1-300x150.jpg 300w\" sizes=\"(max-width: 300px) 100vw, 300px\" \/><\/a>18:00-18:30<br \/>\n<\/strong><a href=\"http:\/\/www.actitudsocial.com\/as3\/fernando-munoz-ponente-confirmado\">\u00bfEst\u00e1 Google matando el long tail?<br \/>\n<\/a><a href=\"http:\/\/www.actitudsocial.com\/user\/senormunoz\" rel=\"external nofollow\">Fernando Mu\u00f1oz<\/a>,\u00a0SEO en Se\u00f1or Mu\u00f1oz Consultores<\/p>\n<p><strong>18:30-19:00<br \/>\n<\/strong><a href=\"http:\/\/www.actitudsocial.com\/as3\/diana-hidalgo-ponente-confirmado\">Fidelizaci\u00f3n de clientes por medio de WhatsApp<br \/>\n<\/a><a href=\"http:\/\/www.actitudsocial.com\/user\/arteness\" rel=\"external nofollow\">Diana Hidalgo<\/a>,\u00a0Directora de Arteness<\/p>\n<p><strong>19:00-19:30<br \/>\n<\/strong><a href=\"http:\/\/www.actitudsocial.com\/as3\/maria-sanchez-gonzalez-ponente-confirmado\">Los MOOCs o Massive Online Open Courses<br \/>\n<\/a><a href=\"http:\/\/www.actitudsocial.com\/user\/cibermarikiya\" rel=\"external nofollow\">Mar\u00eda S\u00e1nchez Gonz\u00e1lez<\/a>,\u00a0Doctora en Periodismo<\/p>\n<p><strong>19:30-21:30<br \/>\n<\/strong><a href=\"http:\/\/www.actitudsocial.com\/as3\/fiesta-de-networking-7o-aniversario-de-twitter\" rel=\"external nofollow\">Fiesta de Networking, 7\u00ba aniversario de Twitter<\/a><\/p>\n<p>&nbsp;<\/p>\n<p><span style=\"text-decoration: underline;\"><strong>VIERNES, 22 DE MARZO DE 2013<\/strong><\/span><\/p>\n<p><strong>09:30-11:00<br \/>\n<\/strong><a href=\"http:\/\/www.actitudsocial.com\/as3\/mesa-redonda-de-community-managers-de-malaga\">Mesa redonda de community managers<br \/>\n<\/a><a href=\"http:\/\/www.actitudsocial.com\/user\/pcalerog\" rel=\"external nofollow\">Pablo Calero<\/a>\u00a0@DiputacionMLG,\u00a0<a href=\"http:\/\/www.actitudsocial.com\/user\/lakshmiaguirre\" rel=\"external nofollow\">Lakshmi Aguirre<\/a>\u00a0@Malaga,<br \/>\n<a href=\"http:\/\/www.actitudsocial.com\/user\/evacastillo\" rel=\"external nofollow\">Eva Castillo<\/a>\u00a0@MalagaCF,\u00a0<a href=\"http:\/\/www.actitudsocial.com\/user\/mariahidalgo\" rel=\"external nofollow\">Mar\u00eda Hidalgo<\/a>\u00a0@unicajaCB,<br \/>\n<a href=\"http:\/\/www.actitudsocial.com\/user\/adelosrios\" rel=\"external nofollow\">A. de los Rios<\/a>\u00a0@Diario_SUR,\u00a0<a href=\"http:\/\/www.actitudsocial.com\/user\/francispaniagua\" rel=\"external nofollow\">Francis Paniagua<\/a>\u00a0Moderador<\/p>\n<p>11:30-12:00<br \/>\n<a href=\"http:\/\/www.actitudsocial.com\/as3\/paloma-gomez-ponente-confirmado\">Gamifica tu empresa y mejora resultados ;)<br \/>\n<\/a><a href=\"http:\/\/www.actitudsocial.com\/user\/limalimon\" rel=\"external nofollow\">Paloma G\u00f3mez<\/a>,\u00a0Directora de Lima-Lim\u00f3n Creativos<\/p>\n<p><strong><a href=\"\/soyfriki\/wp-content\/uploads\/sites\/14\/2013\/03\/8097350740_a39605c077_b1.jpg\"><img loading=\"lazy\" class=\"alignright size-medium wp-image-823\" title=\"8097350740_a39605c077_b[1]\" src=\"\/soyfriki\/wp-content\/uploads\/sites\/14\/2013\/03\/8097350740_a39605c077_b1.jpg\" alt=\"\" width=\"300\" height=\"200\" srcset=\"https:\/\/static-blogs.diariosur.es\/wp-content\/uploads\/sites\/14\/2013\/03\/8097350740_a39605c077_b1.jpg 340w, https:\/\/static-blogs.diariosur.es\/wp-content\/uploads\/sites\/14\/2013\/03\/8097350740_a39605c077_b1-300x200.jpg 300w\" sizes=\"(max-width: 300px) 100vw, 300px\" \/><\/a>12:00-12:30<br \/>\n<\/strong><a href=\"http:\/\/www.actitudsocial.com\/as3\/amalio-rey-ponente-confirmado\">Twitterman\u00edas: 12 pr\u00e1cticas tuiteras bajo ex\u00e1men<br \/>\n<\/a><a href=\"http:\/\/www.actitudsocial.com\/user\/arey\" rel=\"external nofollow\">Amalio Rey<\/a>,\u00a0Fundador de eMOTools S.L.<\/p>\n<p><strong>12:30-13:00<br \/>\n<\/strong><a href=\"http:\/\/www.actitudsocial.com\/as3\/jose-ruiz-pardo-ponente-confirmado\">SEO mental y Neuromarketing<br \/>\n<\/a><a href=\"http:\/\/www.actitudsocial.com\/user\/joseruizpardo\" rel=\"external nofollow\">Jose Ruiz Pardo<\/a>,\u00a0Director en Goli Neuromarketing<\/p>\n<p><strong>13:00-13:30<br \/>\n<\/strong><a href=\"http:\/\/www.actitudsocial.com\/as3\/antonio-del-aguila-ponente-confirmado\">Emprender en Internet, desde creaci\u00f3n hasta social media<br \/>\n<\/a><a href=\"http:\/\/www.actitudsocial.com\/user\/ibermena\" rel=\"external nofollow\">Antonio del Aguila<\/a>,\u00a0Gerente de Ibermena<\/p>\n<p><strong>16:00-16:30<br \/>\n<\/strong><a href=\"http:\/\/www.actitudsocial.com\/as3\/israel-marmol-kostov-ponente-confirmado\">\u00a1Hagamos negocio en redes sociales! No vendamos humo<br \/>\n<\/a><a href=\"http:\/\/www.actitudsocial.com\/user\/briboneros\" rel=\"external nofollow\">Israel M\u00e1rmol Kostov<\/a>,\u00a0Economista<\/p>\n<p><strong>16:30-17:00<br \/>\n<\/strong><a href=\"http:\/\/www.actitudsocial.com\/as3\/paneque-asesores-ponentes-confirmados\">\u00bfQuieres emprender? claves para constituir tu empresa<br \/>\n<\/a><a href=\"http:\/\/www.actitudsocial.com\/user\/paneque\" rel=\"external nofollow\">Manuel Paneque<\/a>, Psicopedagogo &#038;\u00a0<a href=\"http:\/\/www.actitudsocial.com\/user\/juanmanuelreina\" rel=\"external nofollow\">Juan Manuel Reina<\/a>, Economista<\/p>\n<p><strong>17:00-17:45<br \/>\n<\/strong>Ponencia especial<br \/>\n<a href=\"http:\/\/www.actitudsocial.com\/as3\/eduardo-pradanos-ponente-confirmado\">#SocialTV, tuiteando el prime time<br \/>\n<\/a><a href=\"http:\/\/www.actitudsocial.com\/user\/eduardopradanos\" rel=\"external nofollow\">Eduardo Pr\u00e1danos<\/a>,\u00a0Licenciado en Periodismo<\/p>\n<p><strong>18:15-18:45<br \/>\n<\/strong><a href=\"http:\/\/www.actitudsocial.com\/as3\/jose-antonio-ruiz-cantero-ponente-confirmado\">Hacking en tu Web<br \/>\n<\/a><a href=\"http:\/\/www.actitudsocial.com\/user\/ruizcantero\" rel=\"external nofollow\">Jose A. Ruiz Cantero<\/a>,\u00a0Ing. T. Inform\u00e1tica de Sistemas<\/p>\n<p><strong>18:45-19:15<br \/>\n<\/strong><a href=\"http:\/\/www.actitudsocial.com\/as3\/ramon-ramon-ponente-confirmado\">Conocimiento libre, movilizaci\u00f3n ciudadana y \u00e9tica Hacker<br \/>\n<\/a><a href=\"http:\/\/www.actitudsocial.com\/user\/ramonramon\" rel=\"external nofollow\">Ram\u00f3n Ram\u00f3n<\/a>,\u00a0Fundador de Iniciativa Focus<\/p>\n<p><strong>19:15-19:45<br \/>\n<\/strong><a href=\"http:\/\/www.actitudsocial.com\/as3\/ana-ortiz-almagro-ponente-confirmado\">El lado vlogger de Youtube<br \/>\n<\/a><a href=\"http:\/\/www.actitudsocial.com\/user\/anitabtwice\" rel=\"external nofollow\">Ana Ortiz Almagro<\/a>,\u00a0Video YouTube Blogguer<\/p>\n<p><strong>19:45-20:15<br \/>\n<\/strong>Ponencia final<br \/>\n<a href=\"http:\/\/www.actitudsocial.com\/as3\/pedro-garcia-navarro-ponente-confirmado\">C\u00f3mo sobrevivir a una entrevista de trabajo 2.0<br \/>\n<\/a><a href=\"http:\/\/www.actitudsocial.com\/user\/pedrogarcia\" rel=\"external nofollow\">Pedro Garc\u00eda Navarro<\/a>,\u00a0Director en Coritel-Accenture<\/p>\n<p>Me apasionan<strong> Se\u00f1or Mu\u00f1oz<\/strong> y su disecci\u00f3n del<strong> \u2018long tail\u2019<\/strong>, con una charla sobre c\u00f3mo, con qu\u00e9 y cu\u00e1les son esos movimientos por parte de los buscadores. Tambi\u00e9n <strong>Juan Diego Polo<\/strong> y su receta para vivir de un <strong>blog<\/strong>, made in Wwwhat&#8217;s new. <strong>Amalio Rey<\/strong>, que seguro que levanta ampollas con una docena de h\u00e1bitos tuiteros que a \u00e9l le incordian como. Y \u2013no es porque est\u00e9 yo- pero no os perd\u00e1is la mesa redonda de <strong>Community Managers<\/strong> donde os ense\u00f1ar\u00e1n las tripas de las estrategias sociales del <strong>Ayuntamiento<\/strong>, el <strong>M\u00e1laga CF<\/strong>, el <strong>Unicaja<\/strong>, <strong>SUR<\/strong>\u2026<\/p>\n<p><strong>Actitud Social<\/strong> abre sus puertas este jueves a las 15 horas, pero todav\u00eda est\u00e1s a tiempo de formalizar tu inscripci\u00f3n <a href=\"http:\/\/www.actitudsocial.com\/inscripcion\" rel=\"external nofollow\">http:\/\/www.actitudsocial.com\/inscripcion<\/a><\/p>\n","protected":false},"excerpt":{"rendered":"<p>&nbsp; Ya son tres\u00a0las jornadas de\u00a0Actitud Social que se celebran en M\u00e1laga. Se ha convertido en una cita habitual cada seis meses, y cada vez mejora en contenidos y n\u00famero de participantes. Comenz\u00f3 por la Facultad de Ciencias de la Comunicaci\u00f3n de la UMA, ya va por el auditorio de la Diputaci\u00f3n de M\u00e1laga y [&hellip;]<\/p>\n","protected":false},"author":7,"featured_media":0,"comment_status":"open","ping_status":"closed","sticky":false,"template":"","format":"standard","meta":[],"categories":[5,7,11],"tags":[159,196,281,404,406,612,483],"_links":{"self":[{"href":"https:\/\/blogs.diariosur.es\/soyfriki\/wp-json\/wp\/v2\/posts\/819"}],"collection":[{"href":"https:\/\/blogs.diariosur.es\/soyfriki\/wp-json\/wp\/v2\/posts"}],"about":[{"href":"https:\/\/blogs.diariosur.es\/soyfriki\/wp-json\/wp\/v2\/types\/post"}],"author":[{"embeddable":true,"href":"https:\/\/blogs.diariosur.es\/soyfriki\/wp-json\/wp\/v2\/users\/7"}],"replies":[{"embeddable":true,"href":"https:\/\/blogs.diariosur.es\/soyfriki\/wp-json\/wp\/v2\/comments?post=819"}],"version-history":[{"count":0,"href":"https:\/\/blogs.diariosur.es\/soyfriki\/wp-json\/wp\/v2\/posts\/819\/revisions"}],"wp:attachment":[{"href":"https:\/\/blogs.diariosur.es\/soyfriki\/wp-json\/wp\/v2\/media?parent=819"}],"wp:term":[{"taxonomy":"category","embeddable":true,"href":"https:\/\/blogs.diariosur.es\/soyfriki\/wp-json\/wp\/v2\/categories?post=819"},{"taxonomy":"post_tag","embeddable":true,"href":"https:\/\/blogs.diariosur.es\/soyfriki\/wp-json\/wp\/v2\/tags?post=819"}],"curies":[{"name":"wp","href":"https:\/\/api.w.org\/{rel}","templated":true}]}}