{"id":838,"date":"2013-04-22T20:43:15","date_gmt":"2013-04-22T18:43:15","guid":{"rendered":"http:\/\/blogs.diariosur.es\/soyfriki\/?p=838"},"modified":"2013-04-22T20:43:15","modified_gmt":"2013-04-22T18:43:15","slug":"postureofestival-dia-3-la-portada-que-mato-a-mam","status":"publish","type":"post","link":"https:\/\/blogs.diariosur.es\/soyfriki\/2013\/04\/22\/postureofestival-dia-3-la-portada-que-mato-a-mam\/","title":{"rendered":"#PostureoFestival: D\u00eda 3. Famosos que&#8230; est\u00e1n pillando al\u00faas"},"content":{"rendered":"<p><script src=\"\/\/storify.com\/AngeldelosRios\/la-portada-que-mato-a-mam.js\"><\/script><noscript>[<a href=\"\/\/storify.com\/AngeldelosRios\/la-portada-que-mato-a-mam\" target=\"_blank\">View the story &#8220;La portada que mat\u00f3 a MAM&#8221; on Storify<\/a>]<\/noscript><\/p>\n","protected":false},"excerpt":{"rendered":"<p>[View the story &#8220;La portada que mat\u00f3 a MAM&#8221; on Storify]<\/p>\n","protected":false},"author":7,"featured_media":0,"comment_status":"open","ping_status":"closed","sticky":false,"template":"","format":"standard","meta":[],"categories":[9],"tags":[17],"_links":{"self":[{"href":"https:\/\/blogs.diariosur.es\/soyfriki\/wp-json\/wp\/v2\/posts\/838"}],"collection":[{"href":"https:\/\/blogs.diariosur.es\/soyfriki\/wp-json\/wp\/v2\/posts"}],"about":[{"href":"https:\/\/blogs.diariosur.es\/soyfriki\/wp-json\/wp\/v2\/types\/post"}],"author":[{"embeddable":true,"href":"https:\/\/blogs.diariosur.es\/soyfriki\/wp-json\/wp\/v2\/users\/7"}],"replies":[{"embeddable":true,"href":"https:\/\/blogs.diariosur.es\/soyfriki\/wp-json\/wp\/v2\/comments?post=838"}],"version-history":[{"count":0,"href":"https:\/\/blogs.diariosur.es\/soyfriki\/wp-json\/wp\/v2\/posts\/838\/revisions"}],"wp:attachment":[{"href":"https:\/\/blogs.diariosur.es\/soyfriki\/wp-json\/wp\/v2\/media?parent=838"}],"wp:term":[{"taxonomy":"category","embeddable":true,"href":"https:\/\/blogs.diariosur.es\/soyfriki\/wp-json\/wp\/v2\/categories?post=838"},{"taxonomy":"post_tag","embeddable":true,"href":"https:\/\/blogs.diariosur.es\/soyfriki\/wp-json\/wp\/v2\/tags?post=838"}],"curies":[{"name":"wp","href":"https:\/\/api.w.org\/{rel}","templated":true}]}}