{"id":840,"date":"2013-04-23T14:05:41","date_gmt":"2013-04-23T12:05:41","guid":{"rendered":"http:\/\/blogs.diariosur.es\/soyfriki\/?p=840"},"modified":"2013-04-23T14:05:41","modified_gmt":"2013-04-23T12:05:41","slug":"una-reivindicacion-malaguita-se-cuela-en-el-festival-de-malaga-nosdamoscuen","status":"publish","type":"post","link":"https:\/\/blogs.diariosur.es\/soyfriki\/2013\/04\/23\/una-reivindicacion-malaguita-se-cuela-en-el-festival-de-malaga-nosdamoscuen\/","title":{"rendered":"Una reivindicaci\u00f3n malaguita se cuela en el Festival de M\u00e1laga: #NosDamosCuen"},"content":{"rendered":"<p>Como lo extras de las pel\u00edculas se han ido colando sin hacer ruido y le han robado plano al protagonista. \u00bfHab\u00e9is visto esa gran claqueta que preside<strong> la plaza de la Constituci\u00f3n durante este Festival de M\u00e1laga?<\/strong>\u00a0S\u00ed esa de una <strong>marca de cerveza<\/strong> que hace las veces de <strong>photocall<\/strong> de los menos famosos. Pues bien, en medio hay un c\u00f3digo QR que, si usamos la l\u00f3gica, deber\u00eda conducir a la web dicha marca de cerveza&#8230; \u00bfO no?<\/p>\n<p><a href=\"\/soyfriki\/wp-content\/uploads\/sites\/14\/2013\/04\/cruzcampoclaqueta.jpg\"><img loading=\"lazy\" class=\"aligncenter size-full wp-image-841\" title=\"cruzcampoclaqueta\" src=\"\/soyfriki\/wp-content\/uploads\/sites\/14\/2013\/04\/cruzcampoclaqueta.jpg\" alt=\"\" width=\"610\" height=\"566\" srcset=\"https:\/\/static-blogs.diariosur.es\/wp-content\/uploads\/sites\/14\/2013\/04\/cruzcampoclaqueta.jpg 610w, https:\/\/static-blogs.diariosur.es\/wp-content\/uploads\/sites\/14\/2013\/04\/cruzcampoclaqueta-300x278.jpg 300w\" sizes=\"(max-width: 610px) 100vw, 610px\" \/><\/a><\/p>\n<p>Pues desde el primer d\u00eda, desde el primero que se puso hace ya casi una semana, si escaneas el c\u00f3digo no te env\u00eda a la web del <strong>patrocinador<\/strong> festivalero, sino a <strong>malague\u00f1oyexquisito.com<\/strong>. Donde vamos a encontrar reivindicaci\u00f3n de lo <strong>malaguita<\/strong> y lo <strong>malaguista<\/strong>: la <strong>cerveza<\/strong> de aqu\u00ed, ataques a <strong>Platin\u00ed<\/strong> y bromas sobre el <strong>metro en superficie<\/strong>.\u00a0Puro m\u00e1rketing de guerrilla con una pegatina&#8230;<\/p>\n<p><a href=\"\/soyfriki\/wp-content\/uploads\/sites\/14\/2013\/04\/malaguenoyexquisito.jpg\"><img loading=\"lazy\" class=\"aligncenter size-full wp-image-842\" title=\"malaguenoyexquisito\" src=\"\/soyfriki\/wp-content\/uploads\/sites\/14\/2013\/04\/malaguenoyexquisito.jpg\" alt=\"\" width=\"610\" height=\"2055\" srcset=\"https:\/\/static-blogs.diariosur.es\/wp-content\/uploads\/sites\/14\/2013\/04\/malaguenoyexquisito.jpg 610w, https:\/\/static-blogs.diariosur.es\/wp-content\/uploads\/sites\/14\/2013\/04\/malaguenoyexquisito-89x300.jpg 89w, https:\/\/static-blogs.diariosur.es\/wp-content\/uploads\/sites\/14\/2013\/04\/malaguenoyexquisito-304x1024.jpg 304w\" sizes=\"(max-width: 610px) 100vw, 610px\" \/><\/a><\/p>\n<p>En su web leemos:<\/p>\n<p><em>&#8220;Aunque puedan pensar que en M\u00e1laga s\u00f3lo conocemos los domingos al sol, nadie se fija en que los lunes somos el motor econ\u00f3mico andaluz.<\/em><\/p>\n<p><em>Que no mendigamos, ERE que ERE, retales de capital para salir a flote y preferimos emprender a golpe de innovaci\u00f3n, En M\u00e1laga sabemos que la cultura no naci\u00f3 con Picasso, que le dieron una luz que ya exist\u00eda y que seguir\u00e1 brillando muchos artistas despu\u00e9s.<\/em><\/p>\n<p><em>Que sabemos que nos roban a golpe de presupuestos, pitos y envidias, y preferimos quemar paciencia a contenedores y, a pesar de todo, seguir siendo bandera de solidaridad.<\/em><\/p>\n<p><em>\u00a1Que s\u00ed! \u00a1Que lo sabemos!&#8230;&#8221;<\/em><\/p>\n<p>Y lanzan el hashtag<strong> #NosDamosCuen<\/strong><\/p>\n<p>La pregunta es, \u00bfqui\u00e9n se esconde tras esta <strong>campa\u00f1a &#8216;malague\u00f1a y exquisita&#8217;<\/strong>?<\/p>\n","protected":false},"excerpt":{"rendered":"<p>Como lo extras de las pel\u00edculas se han ido colando sin hacer ruido y le han robado plano al protagonista. \u00bfHab\u00e9is visto esa gran claqueta que preside la plaza de la Constituci\u00f3n durante este Festival de M\u00e1laga?\u00a0S\u00ed esa de una marca de cerveza que hace las veces de photocall de los menos famosos. Pues bien, [&hellip;]<\/p>\n","protected":false},"author":7,"featured_media":0,"comment_status":"open","ping_status":"closed","sticky":false,"template":"","format":"standard","meta":[],"categories":[8],"tags":[],"_links":{"self":[{"href":"https:\/\/blogs.diariosur.es\/soyfriki\/wp-json\/wp\/v2\/posts\/840"}],"collection":[{"href":"https:\/\/blogs.diariosur.es\/soyfriki\/wp-json\/wp\/v2\/posts"}],"about":[{"href":"https:\/\/blogs.diariosur.es\/soyfriki\/wp-json\/wp\/v2\/types\/post"}],"author":[{"embeddable":true,"href":"https:\/\/blogs.diariosur.es\/soyfriki\/wp-json\/wp\/v2\/users\/7"}],"replies":[{"embeddable":true,"href":"https:\/\/blogs.diariosur.es\/soyfriki\/wp-json\/wp\/v2\/comments?post=840"}],"version-history":[{"count":0,"href":"https:\/\/blogs.diariosur.es\/soyfriki\/wp-json\/wp\/v2\/posts\/840\/revisions"}],"wp:attachment":[{"href":"https:\/\/blogs.diariosur.es\/soyfriki\/wp-json\/wp\/v2\/media?parent=840"}],"wp:term":[{"taxonomy":"category","embeddable":true,"href":"https:\/\/blogs.diariosur.es\/soyfriki\/wp-json\/wp\/v2\/categories?post=840"},{"taxonomy":"post_tag","embeddable":true,"href":"https:\/\/blogs.diariosur.es\/soyfriki\/wp-json\/wp\/v2\/tags?post=840"}],"curies":[{"name":"wp","href":"https:\/\/api.w.org\/{rel}","templated":true}]}}