{"id":855,"date":"2013-05-08T21:43:44","date_gmt":"2013-05-08T19:43:44","guid":{"rendered":"http:\/\/blogs.diariosur.es\/soyfriki\/?p=855"},"modified":"2013-05-08T21:43:44","modified_gmt":"2013-05-08T19:43:44","slug":"tweetdeck-elimina-sus-apps-movil-y-la-integracion-con-facebook","status":"publish","type":"post","link":"https:\/\/blogs.diariosur.es\/soyfriki\/2013\/05\/08\/tweetdeck-elimina-sus-apps-movil-y-la-integracion-con-facebook\/","title":{"rendered":"TweetDeck elimina sus Apps m\u00f3vil y la integraci\u00f3n con Facebook"},"content":{"rendered":"<p><a href=\"\/soyfriki\/wp-content\/uploads\/sites\/14\/2013\/05\/img_screenshot_newlogo1.png\"><img loading=\"lazy\" class=\"alignright size-medium wp-image-856\" title=\"Tweetdeck\" src=\"\/soyfriki\/wp-content\/uploads\/sites\/14\/2013\/05\/img_screenshot_newlogo1.png\" alt=\"\" width=\"300\" height=\"169\" srcset=\"https:\/\/static-blogs.diariosur.es\/wp-content\/uploads\/sites\/14\/2013\/05\/img_screenshot_newlogo1.png 543w, https:\/\/static-blogs.diariosur.es\/wp-content\/uploads\/sites\/14\/2013\/05\/img_screenshot_newlogo1-300x170.png 300w\" sizes=\"(max-width: 300px) 100vw, 300px\" \/><\/a><span style=\"font-size: medium;\">Para seguir ofreciendo un gran producto <strong>Tweetdeck<\/strong> hace infelices a muchos. S\u00ed. Oficialmente <a href=\"https:\/\/blog.twitter.com\/2013\/update-tweetdeck\" target=\"_blank\" rel=\"external nofollow\">anuncia esta semana en su blog<\/a> (que viene siendo el de <strong>Twitter<\/strong>) que van a centrar sus esfuerzos en el desarrollo en nuevas versiones basadas en la <strong>web<\/strong> y en <strong>Chrome<\/strong>.\u00a0\u201cPara ello estamos eliminando el soporte a nuestras aplicaciones mayores:<strong> TweetDeck AIR y<\/strong>\u00a0<strong>TweetDeck<\/strong> para <strong>Android<\/strong> y para <strong>iPhone<\/strong>\u201d, afirman.<\/span><\/p>\n<p><span style=\"font-size: medium;\">De camino, desaparece la integraci\u00f3n con <strong>Facebook<\/strong>, que algunos encontr\u00e1bamos m\u00e1s que \u00fatil en muchas ocasiones. Afirman que casi se ha duplicado el tama\u00f1o del equipo de <strong>TweetDeck<\/strong> en los \u00faltimos seis meses (y que todav\u00eda se est\u00e1 en v\u00edas de ampliarlo m\u00e1s). \u00bfM\u00e1s equipo para menos soporte? No comprendo&#8230;<\/span><\/p>\n<p><span style=\"font-size: medium;\">Pese a todo, dicen: \u201cEn los \u00faltimos a\u00f1os, hemos visto una tendencia constante hacia las personas que utilizan <strong>TweetDeck<\/strong> en sus dispositivos <strong>m\u00f3viles<\/strong>, para ellos, nuestras m\u00e1s sinceras disculpas\u201d. Apostar\u00e1n desde ahora por la nueva <strong>APP web de Chrome<\/strong> que, seg\u00fan ellos, ofrece la mejor experiencia de <strong>TweetDeck<\/strong>. \u201cTodo el equipo est\u00e1 entusiasmado con lo que depara el futuro.\u00a0Esperamos que t\u00fa tambi\u00e9n\u201d.<\/span><\/p>\n<p><span style=\"font-size: medium;\">\u00bfLo est\u00e1s? Porque yo personalmente estoy decepcionado.<\/span><\/p>\n","protected":false},"excerpt":{"rendered":"<p>Para seguir ofreciendo un gran producto Tweetdeck hace infelices a muchos. S\u00ed. Oficialmente anuncia esta semana en su blog (que viene siendo el de Twitter) que van a centrar sus esfuerzos en el desarrollo en nuevas versiones basadas en la web y en Chrome.\u00a0\u201cPara ello estamos eliminando el soporte a nuestras aplicaciones mayores: TweetDeck AIR [&hellip;]<\/p>\n","protected":false},"author":7,"featured_media":0,"comment_status":"open","ping_status":"open","sticky":false,"template":"","format":"standard","meta":[],"categories":[2,8],"tags":[],"_links":{"self":[{"href":"https:\/\/blogs.diariosur.es\/soyfriki\/wp-json\/wp\/v2\/posts\/855"}],"collection":[{"href":"https:\/\/blogs.diariosur.es\/soyfriki\/wp-json\/wp\/v2\/posts"}],"about":[{"href":"https:\/\/blogs.diariosur.es\/soyfriki\/wp-json\/wp\/v2\/types\/post"}],"author":[{"embeddable":true,"href":"https:\/\/blogs.diariosur.es\/soyfriki\/wp-json\/wp\/v2\/users\/7"}],"replies":[{"embeddable":true,"href":"https:\/\/blogs.diariosur.es\/soyfriki\/wp-json\/wp\/v2\/comments?post=855"}],"version-history":[{"count":0,"href":"https:\/\/blogs.diariosur.es\/soyfriki\/wp-json\/wp\/v2\/posts\/855\/revisions"}],"wp:attachment":[{"href":"https:\/\/blogs.diariosur.es\/soyfriki\/wp-json\/wp\/v2\/media?parent=855"}],"wp:term":[{"taxonomy":"category","embeddable":true,"href":"https:\/\/blogs.diariosur.es\/soyfriki\/wp-json\/wp\/v2\/categories?post=855"},{"taxonomy":"post_tag","embeddable":true,"href":"https:\/\/blogs.diariosur.es\/soyfriki\/wp-json\/wp\/v2\/tags?post=855"}],"curies":[{"name":"wp","href":"https:\/\/api.w.org\/{rel}","templated":true}]}}