{"id":862,"date":"2013-05-14T23:53:16","date_gmt":"2013-05-14T21:53:16","guid":{"rendered":"http:\/\/blogs.diariosur.es\/soyfriki\/?p=862"},"modified":"2013-05-14T23:53:16","modified_gmt":"2013-05-14T21:53:16","slug":"natalia-escano-hard-pinner-pinterest-es-algo-temporal-no-es-un-trabajo","status":"publish","type":"post","link":"https:\/\/blogs.diariosur.es\/soyfriki\/2013\/05\/14\/natalia-escano-hard-pinner-pinterest-es-algo-temporal-no-es-un-trabajo\/","title":{"rendered":"Natalia Esca\u00f1o, &#039;hard pinner&#039;: &#8220;Pinterest es algo temporal, no es un trabajo&#8221;"},"content":{"rendered":"<p><a href=\"\/soyfriki\/wp-content\/uploads\/sites\/14\/2013\/05\/marina-pintertt.jpg\"><img loading=\"lazy\" class=\"aligncenter size-full wp-image-863\" title=\"marina-pintertt\" src=\"\/soyfriki\/wp-content\/uploads\/sites\/14\/2013\/05\/marina-pintertt.jpg\" alt=\"\" width=\"610\" height=\"200\" srcset=\"https:\/\/static-blogs.diariosur.es\/wp-content\/uploads\/sites\/14\/2013\/05\/marina-pintertt.jpg 610w, https:\/\/static-blogs.diariosur.es\/wp-content\/uploads\/sites\/14\/2013\/05\/marina-pintertt-300x98.jpg 300w\" sizes=\"(max-width: 610px) 100vw, 610px\" \/><\/a><\/p>\n<p>&nbsp;<\/p>\n<p><span style=\"font-size: medium;\">Una chica de <strong>M\u00e1laga<\/strong> nos ha regalado un nuevo t\u00e9rmino a nuestro vocabulario. Ten\u00edamos los \u2018best-sellers\u2019, el \u2018top-ventas\u2019 y ahora entre los internautas destacan los\u00a0<strong>\u2018hard pinnners\u2019<\/strong>. S\u00ed, que viene Pinterest, de esa red social en la que se cuelgan como si de un corcho digital se tratase. Y lo eres si marcas tendencias y eres seguido por las masas.\u00a0Y resulta que <a href=\"http:\/\/pinterest.com\/nasti\/\" target=\"_blank\" rel=\"external nofollow\"><strong>Natalia Esca\u00f1o<\/strong> <\/a>dise\u00f1adora e ilustradora malague\u00f1a, es la que tiene el corcho m\u00e1s grande. O al menos, el que m\u00e1s p\u00fablico re\u00fane de Espa\u00f1a: cuenta ya con un mill\u00f3n de seguidores. Natalia ahora reside en Barcelona, pero se cri\u00f3 entre<strong> Carretera de C\u00e1diz y El Palo<\/strong>, y en la <strong>Escuela de Arte San Telmo<\/strong> estudi\u00f3 <strong>Gr\u00e1fica Publicitaria y Fotograf\u00eda<\/strong>. Quiz\u00e1 esa formaci\u00f3n (y algo de buen gusto a\u00f1adido) la hayan convertido en una <strong>\u2018influencer\u2019<\/strong>, aunque la propia Natalia todav\u00eda no acabe de cre\u00e9rselo.<\/span><\/p>\n<p>&nbsp;<\/p>\n<p><span style=\"font-size: medium;\"><strong>Un mill\u00f3n de personas pendientes de t\u00ed cada vez que \u2018pinneas\u2019, \u00bfhay presi\u00f3n?<\/strong><\/span><\/p>\n<p><span style=\"font-size: medium;\">\u00a1Para nada! Pinterest siempre ha sido un hobby \u00a0para m\u00ed, el hecho de tener tantos \u2018followers\u2019 s\u00f3lo se debe a que les gusta lo que ven. No sigo ninguna estrategia, as\u00ed que a menos que mi gusto cambiara radicalmente o dejara de cuidar el perfil, estoy tranquila con que el contenido siempre va a ser fiel a mi estilo y al de los que son afines a \u00e9l.<\/span><\/p>\n<p><span style=\"font-size: 13px;\">\u00a0<\/span><\/p>\n<p><span style=\"font-size: medium;\"><strong>Destacas por \u2018pinnear\u2019 unas fotos muy cuidadas pero, \u00bfcu\u00e1nto hay en ellas de producci\u00f3n propia y cu\u00e1nto ajeno?<\/strong><\/span><\/p>\n<p><span style=\"font-size: medium;\">Pr\u00e1cticamente todo es referencial. De hecho, el origen de mi perfil viene de unas carpetas que sol\u00eda tener en Facebook con cosas que me gustaban. Descubr\u00ed que en Pinterest lo pod\u00eda tener todo, organizado, y compartirlo, as\u00ed que aqui fue donde decid\u00ed incluir parte de mi trabajo y mi propia vida.<\/span><\/p>\n<ul>\n<li><span style=\"font-size: medium;\"><a href=\"https:\/\/owa.vocento.com\/owa\/redir.aspx?C=DZoI-fqv-0ygYvPXEHMb3luMrNdXJNAIprdoLBrScsNRw9bf9JVWw2KYWpkvxhMrDr_btoE7N9Y.&#038;URL=http%3a%2f%2fpinterest.com%2fpin%2f35114072067008861%2f\" target=\"_blank\" rel=\"external nofollow\">http:\/\/pinterest.com\/pin\/35114072067008861\/<\/a><\/span><\/li>\n<li><span style=\"font-size: medium;\"><a href=\"https:\/\/owa.vocento.com\/owa\/redir.aspx?C=DZoI-fqv-0ygYvPXEHMb3luMrNdXJNAIprdoLBrScsNRw9bf9JVWw2KYWpkvxhMrDr_btoE7N9Y.&#038;URL=http%3a%2f%2fpinterest.com%2fpin%2f35114072066218988%2f\" target=\"_blank\" rel=\"external nofollow\">http:\/\/pinterest.com\/pin\/35114072066218988\/<\/a><\/span><\/li>\n<li><span style=\"font-size: medium;\"><a href=\"https:\/\/owa.vocento.com\/owa\/redir.aspx?C=DZoI-fqv-0ygYvPXEHMb3luMrNdXJNAIprdoLBrScsNRw9bf9JVWw2KYWpkvxhMrDr_btoE7N9Y.&#038;URL=http%3a%2f%2fpinterest.com%2fpin%2f35114072065385098%2f\" target=\"_blank\" rel=\"external nofollow\">http:\/\/pinterest.com\/pin\/35114072065385098\/<\/a><\/span><\/li>\n<\/ul>\n<p>&nbsp;<\/p>\n<p><img loading=\"lazy\" class=\"aligncenter size-full wp-image-864\" title=\"hardpinner\" src=\"\/soyfriki\/wp-content\/uploads\/sites\/14\/2013\/05\/hardpinner.jpg\" alt=\"\" width=\"610\" height=\"200\" srcset=\"https:\/\/static-blogs.diariosur.es\/wp-content\/uploads\/sites\/14\/2013\/05\/hardpinner.jpg 610w, https:\/\/static-blogs.diariosur.es\/wp-content\/uploads\/sites\/14\/2013\/05\/hardpinner-300x98.jpg 300w\" sizes=\"(max-width: 610px) 100vw, 610px\" \/><\/p>\n<p>&nbsp;<\/p>\n<p><span style=\"font-size: medium;\"><strong>\u00bfHay una rutina de trabajo para tener el perfil al d\u00eda?<\/strong><\/span><\/p>\n<p><span style=\"font-size: medium;\">Bueno, haberlas, haylas, aunque no siempre las sigo. Trato de \u2018pinnear\u2019 varias im\u00e1genes de la misma categor\u00eda, as\u00ed es m\u00e1s probable que la gente visite esa carpeta. Siempre cuido la est\u00e9tica de las im\u00e1genes y del conjunto de mi perfil. Cambio las portadas cada equis tiempo en base a las tendencias. Los \u2018hashtags\u2019 y las descripciones tambi\u00e9n ayudan. Pero a mi lo que me gusta es chafardear y quedarme con lo mejor de lo bueno.<\/span><\/p>\n<p>&nbsp;<\/p>\n<p><span style=\"font-size: medium;\"><strong>A los \u2018influencers\u2019 de Twitter se los rifan las marcas, \u00bfocurre lo mismo con los de Pinterest?<\/strong><\/span><\/p>\n<p><span style=\"font-size: medium;\">S\u00ed. A m\u00ed me han llamado peque\u00f1os artistas o tiendas en \u2018Etsy.com\u2019 a grandes marcas con propuestas m\u00e1s serias. Aunque sigo fiel a mi estilo y soy bastante selectiva, siempre estoy intentando echar una mano en medida de lo posible.<\/span><\/p>\n<p>&nbsp;<\/p>\n<p style=\"text-align: right;\"><span style=\"font-size: medium;\"><strong>Estas son algunas de las creaciones de Natalia<\/strong><\/span><\/p>\n<p>&nbsp;<\/p>\n\n\t\t<style type=\"text\/css\">\n\t\t\t#gallery-1 {\n\t\t\t\tmargin: auto;\n\t\t\t}\n\t\t\t#gallery-1 .gallery-item {\n\t\t\t\tfloat: left;\n\t\t\t\tmargin-top: 10px;\n\t\t\t\ttext-align: center;\n\t\t\t\twidth: 12%;\n\t\t\t}\n\t\t\t#gallery-1 img {\n\t\t\t\tborder: 2px solid #cfcfcf;\n\t\t\t}\n\t\t\t#gallery-1 .gallery-caption {\n\t\t\t\tmargin-left: 0;\n\t\t\t}\n\t\t\t\/* see gallery_shortcode() in wp-includes\/media.php *\/\n\t\t<\/style>\n\t\t<div id='gallery-1' class='gallery galleryid-862 gallery-columns-8 gallery-size-thumbnail'><dl class='gallery-item'>\n\t\t\t<dt class='gallery-icon landscape'>\n\t\t\t\t<a href=\"https:\/\/static-blogs.diariosur.es\/wp-content\/uploads\/sites\/14\/2013\/05\/marina-pintertt.jpg\"><img width=\"150\" height=\"150\" src=\"https:\/\/static-blogs.diariosur.es\/wp-content\/uploads\/sites\/14\/2013\/05\/marina-pintertt-150x150.jpg\" class=\"attachment-thumbnail size-thumbnail\" alt=\"\" loading=\"lazy\" \/><\/a>\n\t\t\t<\/dt><\/dl><dl class='gallery-item'>\n\t\t\t<dt class='gallery-icon landscape'>\n\t\t\t\t<a href=\"https:\/\/static-blogs.diariosur.es\/wp-content\/uploads\/sites\/14\/2013\/05\/3494a6414e6c2053220dbaba72b6bf881.jpg\"><img width=\"150\" height=\"150\" src=\"https:\/\/static-blogs.diariosur.es\/wp-content\/uploads\/sites\/14\/2013\/05\/3494a6414e6c2053220dbaba72b6bf881-150x150.jpg\" class=\"attachment-thumbnail size-thumbnail\" alt=\"\u00c1lvaro. Natalia Esca\u00f1o.\" loading=\"lazy\" srcset=\"https:\/\/static-blogs.diariosur.es\/wp-content\/uploads\/sites\/14\/2013\/05\/3494a6414e6c2053220dbaba72b6bf881-150x150.jpg 150w, https:\/\/static-blogs.diariosur.es\/wp-content\/uploads\/sites\/14\/2013\/05\/3494a6414e6c2053220dbaba72b6bf881-300x300.jpg 300w, https:\/\/static-blogs.diariosur.es\/wp-content\/uploads\/sites\/14\/2013\/05\/3494a6414e6c2053220dbaba72b6bf881.jpg 550w\" sizes=\"(max-width: 150px) 100vw, 150px\" \/><\/a>\n\t\t\t<\/dt><\/dl><dl class='gallery-item'>\n\t\t\t<dt class='gallery-icon landscape'>\n\t\t\t\t<a href=\"https:\/\/static-blogs.diariosur.es\/wp-content\/uploads\/sites\/14\/2013\/05\/bc14b22f5c85fc513dafb9d8598779f31.jpg\"><img width=\"150\" height=\"150\" src=\"https:\/\/static-blogs.diariosur.es\/wp-content\/uploads\/sites\/14\/2013\/05\/bc14b22f5c85fc513dafb9d8598779f31-150x150.jpg\" class=\"attachment-thumbnail size-thumbnail\" alt=\"Jacob. Natalia Esca\u00f1o.\" loading=\"lazy\" srcset=\"https:\/\/static-blogs.diariosur.es\/wp-content\/uploads\/sites\/14\/2013\/05\/bc14b22f5c85fc513dafb9d8598779f31-150x150.jpg 150w, https:\/\/static-blogs.diariosur.es\/wp-content\/uploads\/sites\/14\/2013\/05\/bc14b22f5c85fc513dafb9d8598779f31-300x300.jpg 300w, https:\/\/static-blogs.diariosur.es\/wp-content\/uploads\/sites\/14\/2013\/05\/bc14b22f5c85fc513dafb9d8598779f31.jpg 550w\" sizes=\"(max-width: 150px) 100vw, 150px\" \/><\/a>\n\t\t\t<\/dt><\/dl><dl class='gallery-item'>\n\t\t\t<dt class='gallery-icon landscape'>\n\t\t\t\t<a href=\"https:\/\/static-blogs.diariosur.es\/wp-content\/uploads\/sites\/14\/2013\/05\/e6f29fbfe76b8e43809c9ecbe15d60d81.jpg\"><img width=\"150\" height=\"150\" src=\"https:\/\/static-blogs.diariosur.es\/wp-content\/uploads\/sites\/14\/2013\/05\/e6f29fbfe76b8e43809c9ecbe15d60d81-150x150.jpg\" class=\"attachment-thumbnail size-thumbnail\" alt=\"Lanzador. Natalia Esca\u00f1o.\" loading=\"lazy\" \/><\/a>\n\t\t\t<\/dt><\/dl><dl class='gallery-item'>\n\t\t\t<dt class='gallery-icon portrait'>\n\t\t\t\t<a href=\"https:\/\/static-blogs.diariosur.es\/wp-content\/uploads\/sites\/14\/2013\/05\/0e8959944f9a1c4f806ab05831fd0aa51.jpg\"><img width=\"150\" height=\"150\" src=\"https:\/\/static-blogs.diariosur.es\/wp-content\/uploads\/sites\/14\/2013\/05\/0e8959944f9a1c4f806ab05831fd0aa51-150x150.jpg\" class=\"attachment-thumbnail size-thumbnail\" alt=\"\u00e8tapes cover. Natalia Esca\u00f1o\" loading=\"lazy\" \/><\/a>\n\t\t\t<\/dt><\/dl><dl class='gallery-item'>\n\t\t\t<dt class='gallery-icon landscape'>\n\t\t\t\t<a href=\"https:\/\/static-blogs.diariosur.es\/wp-content\/uploads\/sites\/14\/2013\/05\/388a02e611ddd0762c78e072b1a0adf51.jpg\"><img width=\"150\" height=\"150\" src=\"https:\/\/static-blogs.diariosur.es\/wp-content\/uploads\/sites\/14\/2013\/05\/388a02e611ddd0762c78e072b1a0adf51-150x150.jpg\" class=\"attachment-thumbnail size-thumbnail\" alt=\"Per molts anys Aina :) Natalia Esca\u00f1o\" loading=\"lazy\" \/><\/a>\n\t\t\t<\/dt><\/dl><dl class='gallery-item'>\n\t\t\t<dt class='gallery-icon portrait'>\n\t\t\t\t<a href=\"https:\/\/static-blogs.diariosur.es\/wp-content\/uploads\/sites\/14\/2013\/05\/51c372991fe913a3c3f1fc000904da571.jpg\"><img width=\"150\" height=\"150\" src=\"https:\/\/static-blogs.diariosur.es\/wp-content\/uploads\/sites\/14\/2013\/05\/51c372991fe913a3c3f1fc000904da571-150x150.jpg\" class=\"attachment-thumbnail size-thumbnail\" alt=\"click! Natalia Esca\u00f1o\" loading=\"lazy\" \/><\/a>\n\t\t\t<\/dt><\/dl><dl class='gallery-item'>\n\t\t\t<dt class='gallery-icon landscape'>\n\t\t\t\t<a href=\"https:\/\/static-blogs.diariosur.es\/wp-content\/uploads\/sites\/14\/2013\/05\/natalia-escano-2.jpg\"><img width=\"150\" height=\"150\" src=\"https:\/\/static-blogs.diariosur.es\/wp-content\/uploads\/sites\/14\/2013\/05\/natalia-escano-2-150x150.jpg\" class=\"attachment-thumbnail size-thumbnail\" alt=\"\" loading=\"lazy\" \/><\/a>\n\t\t\t<\/dt><\/dl><br style=\"clear: both\" \/><dl class='gallery-item'>\n\t\t\t<dt class='gallery-icon landscape'>\n\t\t\t\t<a href=\"https:\/\/static-blogs.diariosur.es\/wp-content\/uploads\/sites\/14\/2013\/05\/bd027c71b8c2a6d9554caaf11fd0b8661.jpg\"><img width=\"150\" height=\"150\" src=\"https:\/\/static-blogs.diariosur.es\/wp-content\/uploads\/sites\/14\/2013\/05\/bd027c71b8c2a6d9554caaf11fd0b8661-150x150.jpg\" class=\"attachment-thumbnail size-thumbnail\" alt=\"Reina mora. Natalia Esca\u00f1o.\" loading=\"lazy\" srcset=\"https:\/\/static-blogs.diariosur.es\/wp-content\/uploads\/sites\/14\/2013\/05\/bd027c71b8c2a6d9554caaf11fd0b8661-150x150.jpg 150w, https:\/\/static-blogs.diariosur.es\/wp-content\/uploads\/sites\/14\/2013\/05\/bd027c71b8c2a6d9554caaf11fd0b8661-300x300.jpg 300w, https:\/\/static-blogs.diariosur.es\/wp-content\/uploads\/sites\/14\/2013\/05\/bd027c71b8c2a6d9554caaf11fd0b8661.jpg 550w\" sizes=\"(max-width: 150px) 100vw, 150px\" \/><\/a>\n\t\t\t<\/dt><\/dl><dl class='gallery-item'>\n\t\t\t<dt class='gallery-icon landscape'>\n\t\t\t\t<a href=\"https:\/\/static-blogs.diariosur.es\/wp-content\/uploads\/sites\/14\/2013\/05\/802cc153b7bfb00f88e823c09c4c4c031.jpg\"><img width=\"150\" height=\"150\" src=\"https:\/\/static-blogs.diariosur.es\/wp-content\/uploads\/sites\/14\/2013\/05\/802cc153b7bfb00f88e823c09c4c4c031-150x150.jpg\" class=\"attachment-thumbnail size-thumbnail\" alt=\"By conspiracystudio. Natalia Esca\u00f1o.\" loading=\"lazy\" \/><\/a>\n\t\t\t<\/dt><\/dl><dl class='gallery-item'>\n\t\t\t<dt class='gallery-icon portrait'>\n\t\t\t\t<a href=\"https:\/\/static-blogs.diariosur.es\/wp-content\/uploads\/sites\/14\/2013\/05\/46b1167a151ee82148f74cebc76d44171.jpg\"><img width=\"150\" height=\"150\" src=\"https:\/\/static-blogs.diariosur.es\/wp-content\/uploads\/sites\/14\/2013\/05\/46b1167a151ee82148f74cebc76d44171-150x150.jpg\" class=\"attachment-thumbnail size-thumbnail\" alt=\"vicelona. Natalia Esca\u00f1o.\" loading=\"lazy\" \/><\/a>\n\t\t\t<\/dt><\/dl><dl class='gallery-item'>\n\t\t\t<dt class='gallery-icon landscape'>\n\t\t\t\t<a href=\"https:\/\/static-blogs.diariosur.es\/wp-content\/uploads\/sites\/14\/2013\/05\/hardpinner.jpg\"><img width=\"150\" height=\"150\" src=\"https:\/\/static-blogs.diariosur.es\/wp-content\/uploads\/sites\/14\/2013\/05\/hardpinner-150x150.jpg\" class=\"attachment-thumbnail size-thumbnail\" alt=\"\" loading=\"lazy\" \/><\/a>\n\t\t\t<\/dt><\/dl><dl class='gallery-item'>\n\t\t\t<dt class='gallery-icon portrait'>\n\t\t\t\t<a href=\"https:\/\/static-blogs.diariosur.es\/wp-content\/uploads\/sites\/14\/2013\/05\/edfaeae58a79be3be833e5f3a8b452041.jpg\"><img width=\"150\" height=\"150\" src=\"https:\/\/static-blogs.diariosur.es\/wp-content\/uploads\/sites\/14\/2013\/05\/edfaeae58a79be3be833e5f3a8b452041-150x150.jpg\" class=\"attachment-thumbnail size-thumbnail\" alt=\"War is coming. Natalia Esca\u00f1o.\" loading=\"lazy\" \/><\/a>\n\t\t\t<\/dt><\/dl><dl class='gallery-item'>\n\t\t\t<dt class='gallery-icon landscape'>\n\t\t\t\t<a href=\"https:\/\/static-blogs.diariosur.es\/wp-content\/uploads\/sites\/14\/2013\/05\/9e56d27445024ca5bb83aba7841c54e51.jpg\"><img width=\"150\" height=\"150\" src=\"https:\/\/static-blogs.diariosur.es\/wp-content\/uploads\/sites\/14\/2013\/05\/9e56d27445024ca5bb83aba7841c54e51-150x150.jpg\" class=\"attachment-thumbnail size-thumbnail\" alt=\"Palmer. Natalia Esca\u00f1o\" loading=\"lazy\" \/><\/a>\n\t\t\t<\/dt><\/dl><dl class='gallery-item'>\n\t\t\t<dt class='gallery-icon portrait'>\n\t\t\t\t<a href=\"https:\/\/static-blogs.diariosur.es\/wp-content\/uploads\/sites\/14\/2013\/05\/002962f1e55c7874e6c595a5a99615901.jpg\"><img width=\"150\" height=\"150\" src=\"https:\/\/static-blogs.diariosur.es\/wp-content\/uploads\/sites\/14\/2013\/05\/002962f1e55c7874e6c595a5a99615901-150x150.jpg\" class=\"attachment-thumbnail size-thumbnail\" alt=\"B de Barcelona. Natalia Esca\u00f1o\" loading=\"lazy\" \/><\/a>\n\t\t\t<\/dt><\/dl><dl class='gallery-item'>\n\t\t\t<dt class='gallery-icon landscape'>\n\t\t\t\t<a href=\"https:\/\/static-blogs.diariosur.es\/wp-content\/uploads\/sites\/14\/2013\/05\/5052c6e1d62426f7d59a9eb1bb6888191.jpg\"><img width=\"150\" height=\"150\" src=\"https:\/\/static-blogs.diariosur.es\/wp-content\/uploads\/sites\/14\/2013\/05\/5052c6e1d62426f7d59a9eb1bb6888191-150x150.jpg\" class=\"attachment-thumbnail size-thumbnail\" alt=\"El carro de la fruta. Natalia Esca\u00f1o.\" loading=\"lazy\" \/><\/a>\n\t\t\t<\/dt><\/dl><br style=\"clear: both\" \/>\n\t\t<\/div>\n\n<p>&nbsp;<\/p>\n<p><span style=\"font-size: medium;\"><strong>S\u00ed es cierto que te ha contratado una empresa de management como \u2018hard pinner\u2019, \u00bfc\u00f3mo es este trabajo?<\/strong><\/span><\/p>\n<p><span style=\"font-size: medium;\">Pues ellos se encargan de intermediar entre las marcas y yo. Cuando una marca me propone alguna colaboraci\u00f3n, ellos son los que se encargan de hablarlo todo. En el caso de que est\u00e9 interesada se encargan de que todo salga correctamente.<\/span><\/p>\n<p>&nbsp;<\/p>\n<p><span style=\"font-size: medium;\"><strong>Por cierto, que me sorprende que en Twitter tengas m\u00e1s de un mill\u00f3n de usuarios en Pinterest y en Twitter menos de cien.<\/strong><\/span><\/p>\n<p><span style=\"font-size: medium;\">Eso es relativo. Me abr\u00ed la cuenta en Twitter hace justo un mes, con motivo de un viaje a Nueva York y\u00a0por culpa de mi amigo \u00c1lvaro que lleva a\u00f1os preguntando: &#8220;\u00bfCu\u00e1ndo te vas a abrir un twitter?&#8221; No est\u00e1 mal cien en un mes, \u00bfno? Confieso que era bastante reacia porque me gustan las redes sociales, pero Twitter la encuentro demasiado presencial y constante y me daba un poco de pereza.<\/span><\/p>\n<p>&nbsp;<\/p>\n<p><img loading=\"lazy\" class=\"aligncenter size-full wp-image-865\" title=\"natalia-escano-2\" src=\"\/soyfriki\/wp-content\/uploads\/sites\/14\/2013\/05\/natalia-escano-2.jpg\" alt=\"\" width=\"610\" height=\"200\" srcset=\"https:\/\/static-blogs.diariosur.es\/wp-content\/uploads\/sites\/14\/2013\/05\/natalia-escano-2.jpg 610w, https:\/\/static-blogs.diariosur.es\/wp-content\/uploads\/sites\/14\/2013\/05\/natalia-escano-2-300x98.jpg 300w\" sizes=\"(max-width: 610px) 100vw, 610px\" \/><\/p>\n<div>\n<p>&nbsp;<\/p>\n<p><span style=\"font-size: medium;\"><strong>Tumblr es, como quien dice, el germen de Pinterest y muchos dicen que le sobrevivir\u00e1. \u00bfT\u00fa tambi\u00e9n lo crees?<\/strong><\/span><span style=\"font-size: medium;\">M\u00e1s que sobrevivirle creo que ser\u00e1 tema de convivencia. Se nutren el uno del otro. Yo soy muy de Tumblr pero es m\u00e1s aleatorio. Cada vez m\u00e1s encuentras el mismo contenido en Pinterest, pero adem\u00e1s, clasificado.<\/span><\/p>\n<p>&nbsp;<\/p>\n<p><span style=\"font-size: medium;\"><strong>\u00a1Adem\u00e1s de todo trabajas en un estudio de dise\u00f1o!<\/strong><\/span><\/p>\n<p><span style=\"font-size: medium;\">Bueno, la pregunta no est\u00e1 bien formulada. Trabajo en Conspiracystudio y adem\u00e1s soy hardpinner. Llevo 6 a\u00f1os trabajando aqu\u00ed con Christian, Marc y Guillem. Pr\u00e1cticamente todo lo que se de dise\u00f1o e ilustraci\u00f3n se lo debo a Christian. Nos entendemos bien y tenemos una forma de trabajar muy compatible. Aunque suene a peli de Antena3. Aqu\u00ed somos una pi\u00f1a y aprendemos cada d\u00eda todos de los dem\u00e1s.<\/span><\/p>\n<p>&nbsp;<\/p>\n<p><span style=\"font-size: medium;\"><strong>Pero, \u00bfle salen ofertas de trabajo a un \u2018hard pinner\u2019?<\/strong><\/span><\/p>\n<p><span style=\"font-size: medium;\">Lo de Pinterest lleg\u00f3 por casualidad y no lo concibo como un trabajo fijo. Estaba en el sitio adecuado en el momento justo y me explot\u00f3 en la cara. Pero es algo temporal, estoy segura.<\/span><\/p>\n<p>&nbsp;<\/p>\n<p>&nbsp;<\/p>\n<p><span style=\"font-size: medium;\">PD. Olvid\u00e9 decir que, adem\u00e1s de todo, esta chica es <strong>teclista de la banda de folk-rock OSO<\/strong>, de Barcelona. \u00bfSe le puede pedir algo m\u00e1s? Con un temita os dejo&#8230;<\/span><\/p>\n<p><span style=\"font-size: 13px;\">\u00a0<\/span><\/p>\n<\/div>\n<p><iframe loading=\"lazy\" src=\"\/\/player.vimeo.com\/video\/33776320\" frameborder=\"0\" width=\"610\" height=\"361\"><\/iframe><\/p>\n<p><a href=\"http:\/\/vimeo.com\/33776320\" rel=\"external nofollow\">OSO &#8211; Linoleum (Covers Sessions)<\/a> from <a href=\"http:\/\/vimeo.com\/user9669194\" rel=\"external nofollow\">Desert Pearl Union<\/a> on <a href=\"http:\/\/vimeo.com\" rel=\"external nofollow\">Vimeo<\/a>.<\/p>\n","protected":false},"excerpt":{"rendered":"<p>&nbsp; Una chica de M\u00e1laga nos ha regalado un nuevo t\u00e9rmino a nuestro vocabulario. Ten\u00edamos los \u2018best-sellers\u2019, el \u2018top-ventas\u2019 y ahora entre los internautas destacan los\u00a0\u2018hard pinnners\u2019. S\u00ed, que viene Pinterest, de esa red social en la que se cuelgan como si de un corcho digital se tratase. Y lo eres si marcas tendencias y [&hellip;]<\/p>\n","protected":false},"author":7,"featured_media":0,"comment_status":"open","ping_status":"open","sticky":false,"template":"","format":"standard","meta":[],"categories":[4],"tags":[281,359,483],"_links":{"self":[{"href":"https:\/\/blogs.diariosur.es\/soyfriki\/wp-json\/wp\/v2\/posts\/862"}],"collection":[{"href":"https:\/\/blogs.diariosur.es\/soyfriki\/wp-json\/wp\/v2\/posts"}],"about":[{"href":"https:\/\/blogs.diariosur.es\/soyfriki\/wp-json\/wp\/v2\/types\/post"}],"author":[{"embeddable":true,"href":"https:\/\/blogs.diariosur.es\/soyfriki\/wp-json\/wp\/v2\/users\/7"}],"replies":[{"embeddable":true,"href":"https:\/\/blogs.diariosur.es\/soyfriki\/wp-json\/wp\/v2\/comments?post=862"}],"version-history":[{"count":0,"href":"https:\/\/blogs.diariosur.es\/soyfriki\/wp-json\/wp\/v2\/posts\/862\/revisions"}],"wp:attachment":[{"href":"https:\/\/blogs.diariosur.es\/soyfriki\/wp-json\/wp\/v2\/media?parent=862"}],"wp:term":[{"taxonomy":"category","embeddable":true,"href":"https:\/\/blogs.diariosur.es\/soyfriki\/wp-json\/wp\/v2\/categories?post=862"},{"taxonomy":"post_tag","embeddable":true,"href":"https:\/\/blogs.diariosur.es\/soyfriki\/wp-json\/wp\/v2\/tags?post=862"}],"curies":[{"name":"wp","href":"https:\/\/api.w.org\/{rel}","templated":true}]}}