{"id":882,"date":"2013-05-21T18:11:33","date_gmt":"2013-05-21T16:11:33","guid":{"rendered":"http:\/\/blogs.diariosur.es\/soyfriki\/?p=882"},"modified":"2013-05-21T18:11:33","modified_gmt":"2013-05-21T16:11:33","slug":"se-busca-community-manager-en-malaga-con-bachillerato-y-vehiculo-propio-rly","status":"publish","type":"post","link":"https:\/\/blogs.diariosur.es\/soyfriki\/2013\/05\/21\/se-busca-community-manager-en-malaga-con-bachillerato-y-vehiculo-propio-rly\/","title":{"rendered":"Se busca Community Manager en M\u00e1laga con Bachillerato y veh\u00edculo propio. RLY?"},"content":{"rendered":"<p>Pase que mi madre crea que ser <strong>Community Manager<\/strong> con pasarse el d\u00eda tonteando con el ordenador, con el &#8216;<strong>feisbuk<\/strong>&#8216; y eso, pero esta semana me he encontrado en prensa con una hilarante\u00a0<strong>oferta de empleo como Social Media en M\u00e1laga<\/strong>.\u00a0A saber:<em> &#8220;Empresa de transporte necesita incorporar un\/a community manager para el pr\u00f3ximo curso escolar&#8221;.<\/em><\/p>\n<p><img loading=\"lazy\" class=\"size-medium wp-image-883 alignright\" title=\"oferta-empleo-community-manager\" src=\"\/soyfriki\/wp-content\/uploads\/sites\/14\/2013\/05\/oferta-empleo-community-manager.jpg\" alt=\"\" width=\"209\" height=\"300\" srcset=\"https:\/\/static-blogs.diariosur.es\/wp-content\/uploads\/sites\/14\/2013\/05\/oferta-empleo-community-manager.jpg 353w, https:\/\/static-blogs.diariosur.es\/wp-content\/uploads\/sites\/14\/2013\/05\/oferta-empleo-community-manager-210x300.jpg 210w\" sizes=\"(max-width: 209px) 100vw, 209px\" \/><\/p>\n<p>Muy atentos a la descripci\u00f3n, porque el nivel de <strong>estudios m\u00ednimos<\/strong> es \u00a1<strong>BUP, COU o Bachillerato<\/strong>! \u00bfY la <strong>experiencia<\/strong>? \u00a1Menos de un a\u00f1o! Con la cantidad de profesionales de carrera que hay por el mundo, y estos con lo poco que se conforman. Ni s\u00e9 qui\u00e9n es la empresa ni me importa, pero apa\u00f1ados van. Eso s\u00ed, el requisito m\u00ednimo es tener <strong>veh\u00edculo propio<\/strong>. Todo el mundo sabe que un community viaja m\u00e1s que un agente de seguros.<\/p>\n<p>Pues bien, esta persona tan &#8216;cualificada&#8217; va a hacer lo siguiente:<\/p>\n<ul>\n<li><strong>Gestionar y posicionar la web.<\/strong><\/li>\n<li><strong>Dise\u00f1ar una estrategia online.<\/strong><\/li>\n<li><strong>Mantener la web.<\/strong><\/li>\n<li><strong>Redes social.<\/strong><\/li>\n<\/ul>\n<p>Y encima le pedir\u00e1n que lo haga bien&#8230;<\/p>\n<p>Os pego la <strong>oferta de trabajo<\/strong> para que comprob\u00e9is con vuestros propios ojos lo valorada que est\u00e1 esta profesi\u00f3n nuestra que, a falta de categorizaci\u00f3n profesional, lo mismo te exige un master de 6.000 euros que un Bachillerato mondo y lirondo. Eso s\u00ed, siempre con carn\u00e9 de conducir.<\/p>\n<p><strong>\u00a1Manda webs!<\/strong><\/p>\n","protected":false},"excerpt":{"rendered":"<p>Pase que mi madre crea que ser Community Manager con pasarse el d\u00eda tonteando con el ordenador, con el &#8216;feisbuk&#8216; y eso, pero esta semana me he encontrado en prensa con una hilarante\u00a0oferta de empleo como Social Media en M\u00e1laga.\u00a0A saber: &#8220;Empresa de transporte necesita incorporar un\/a community manager para el pr\u00f3ximo curso escolar&#8221;. Muy [&hellip;]<\/p>\n","protected":false},"author":7,"featured_media":0,"comment_status":"open","ping_status":"open","sticky":false,"template":"","format":"standard","meta":[],"categories":[8,10],"tags":[102,146,281,616,463],"_links":{"self":[{"href":"https:\/\/blogs.diariosur.es\/soyfriki\/wp-json\/wp\/v2\/posts\/882"}],"collection":[{"href":"https:\/\/blogs.diariosur.es\/soyfriki\/wp-json\/wp\/v2\/posts"}],"about":[{"href":"https:\/\/blogs.diariosur.es\/soyfriki\/wp-json\/wp\/v2\/types\/post"}],"author":[{"embeddable":true,"href":"https:\/\/blogs.diariosur.es\/soyfriki\/wp-json\/wp\/v2\/users\/7"}],"replies":[{"embeddable":true,"href":"https:\/\/blogs.diariosur.es\/soyfriki\/wp-json\/wp\/v2\/comments?post=882"}],"version-history":[{"count":0,"href":"https:\/\/blogs.diariosur.es\/soyfriki\/wp-json\/wp\/v2\/posts\/882\/revisions"}],"wp:attachment":[{"href":"https:\/\/blogs.diariosur.es\/soyfriki\/wp-json\/wp\/v2\/media?parent=882"}],"wp:term":[{"taxonomy":"category","embeddable":true,"href":"https:\/\/blogs.diariosur.es\/soyfriki\/wp-json\/wp\/v2\/categories?post=882"},{"taxonomy":"post_tag","embeddable":true,"href":"https:\/\/blogs.diariosur.es\/soyfriki\/wp-json\/wp\/v2\/tags?post=882"}],"curies":[{"name":"wp","href":"https:\/\/api.w.org\/{rel}","templated":true}]}}