{"id":891,"date":"2013-06-12T20:55:10","date_gmt":"2013-06-12T18:55:10","guid":{"rendered":"http:\/\/blogs.diariosur.es\/soyfriki\/?p=891"},"modified":"2013-06-12T20:55:10","modified_gmt":"2013-06-12T18:55:10","slug":"facebook-introduce-hashtags-en-su-muro","status":"publish","type":"post","link":"https:\/\/blogs.diariosur.es\/soyfriki\/2013\/06\/12\/facebook-introduce-hashtags-en-su-muro\/","title":{"rendered":"Facebook introduce hashtags en su muro"},"content":{"rendered":"<div><span style=\"font-size: medium;\">Primero fue <strong>Twitter<\/strong>, luego <strong>Instagram<\/strong> y <strong>Pinterest<\/strong>, y finalmente\u00a0<strong>Facebook<\/strong> se ha rendido a los <strong>hashtags<\/strong> para compartir lo que piensas. La intenci\u00f3n, apunta un comunicado de la compa\u00f1\u00eda, es<em> &#8220;poder hablar sobre un tema espec\u00edfico y participar en conversaciones p\u00fablicas&#8221;.<\/em><\/span><\/div>\n<div><\/div>\n<div><span style=\"font-size: medium;\">Seg\u00fan una encuesta reciente de <strong>Nielsen<\/strong>, el 29% de los encuestados publica en <strong>Facebook<\/strong> sobre programas televisivos, por ejemplo. As\u00ed, en los \u00faltimos meses, <strong>Facebook<\/strong> ha trabajado para mejorar la visibilidad de las conversaciones sobre TV, oportunidad que ya explota\u00a0<strong>Twitter<\/strong>.<\/span><\/div>\n<div><\/div>\n<div><a href=\"\/soyfriki\/wp-content\/uploads\/sites\/14\/2013\/06\/hashtags12.gif\"><img loading=\"lazy\" class=\"aligncenter  wp-image-893\" title=\"hashtags-facebook\" src=\"\/soyfriki\/wp-content\/uploads\/sites\/14\/2013\/06\/hashtags12.gif\" alt=\"\" width=\"640\" height=\"310\" \/><\/a><\/div>\n<div><\/div>\n<div><span style=\"font-size: medium;\">Los <strong>hashtags<\/strong> dar\u00e1n\u00a0mayor visibilidad a temas interesantes de los que la gente est\u00e1 hablando, ya sean eventos p\u00fablicos, personas o tem\u00e1ticas concretas. De este modo, los usuarios podr\u00e1n hacer click e incluir <strong>hashtags<\/strong> en la plataforma y al igual que otros servicios como <strong>Instagram<\/strong>, <strong>Twitter<\/strong>,\u00a0<strong>Tumblr<\/strong>,\u00a0o\u00a0<strong>Pinterest<\/strong>, los <strong>hashtags<\/strong> en <strong>Facebook<\/strong> permitir\u00e1n a\u00f1adir contexto a una publicaci\u00f3n o indicar que forma parte de una conversaci\u00f3n m\u00e1s amplia. Lo cual abre, de paso, un camino muy interesante para anunciantes&#8230;<\/span><\/div>\n<div><\/div>\n","protected":false},"excerpt":{"rendered":"<p>Primero fue Twitter, luego Instagram y Pinterest, y finalmente\u00a0Facebook se ha rendido a los hashtags para compartir lo que piensas. La intenci\u00f3n, apunta un comunicado de la compa\u00f1\u00eda, es &#8220;poder hablar sobre un tema espec\u00edfico y participar en conversaciones p\u00fablicas&#8221;. Seg\u00fan una encuesta reciente de Nielsen, el 29% de los encuestados publica en Facebook sobre [&hellip;]<\/p>\n","protected":false},"author":7,"featured_media":0,"comment_status":"open","ping_status":"open","sticky":false,"template":"","format":"standard","meta":[],"categories":[14,8],"tags":[165,220,483],"_links":{"self":[{"href":"https:\/\/blogs.diariosur.es\/soyfriki\/wp-json\/wp\/v2\/posts\/891"}],"collection":[{"href":"https:\/\/blogs.diariosur.es\/soyfriki\/wp-json\/wp\/v2\/posts"}],"about":[{"href":"https:\/\/blogs.diariosur.es\/soyfriki\/wp-json\/wp\/v2\/types\/post"}],"author":[{"embeddable":true,"href":"https:\/\/blogs.diariosur.es\/soyfriki\/wp-json\/wp\/v2\/users\/7"}],"replies":[{"embeddable":true,"href":"https:\/\/blogs.diariosur.es\/soyfriki\/wp-json\/wp\/v2\/comments?post=891"}],"version-history":[{"count":0,"href":"https:\/\/blogs.diariosur.es\/soyfriki\/wp-json\/wp\/v2\/posts\/891\/revisions"}],"wp:attachment":[{"href":"https:\/\/blogs.diariosur.es\/soyfriki\/wp-json\/wp\/v2\/media?parent=891"}],"wp:term":[{"taxonomy":"category","embeddable":true,"href":"https:\/\/blogs.diariosur.es\/soyfriki\/wp-json\/wp\/v2\/categories?post=891"},{"taxonomy":"post_tag","embeddable":true,"href":"https:\/\/blogs.diariosur.es\/soyfriki\/wp-json\/wp\/v2\/tags?post=891"}],"curies":[{"name":"wp","href":"https:\/\/api.w.org\/{rel}","templated":true}]}}