{"id":898,"date":"2013-06-25T21:18:26","date_gmt":"2013-06-25T19:18:26","guid":{"rendered":"http:\/\/blogs.diariosur.es\/soyfriki\/?p=898"},"modified":"2013-06-25T21:18:26","modified_gmt":"2013-06-25T19:18:26","slug":"humor-politica-y-el-fenomeno-fan-mueven-twitter","status":"publish","type":"post","link":"https:\/\/blogs.diariosur.es\/soyfriki\/2013\/06\/25\/humor-politica-y-el-fenomeno-fan-mueven-twitter\/","title":{"rendered":"Humor, pol\u00edtica y el fen\u00f3meno fan mueven Twitter"},"content":{"rendered":"<p>Si analizas cada d\u00eda el <strong>Trending Topic<\/strong> de <strong>Twitter<\/strong> observar\u00e1s 3 temas recurrentes. El g\u00e9nero m\u00e1s frecuente es el de los <strong>temas 100% tuiteros<\/strong>, sin ninguna conexi\u00f3n con la realidad. Detr\u00e1s, vienen los ligados a la actualidad <strong>pol\u00edtica<\/strong>, a los problemas econ\u00f3micos y sociales. <strong>M\u00fasica y deporte<\/strong>, con temas promovidos por <strong>fans<\/strong>, cierran este top de tem\u00e1ticas tuiteras, presentado hoy en un <strong>informe<\/strong> de la <strong>Universidad de Navarra (<a href=\"http:\/\/twitter.com\/@EconomUnav\" rel=\"external nofollow\">@EconomUnav<\/a>)<\/strong>.<\/p>\n<p>&nbsp;<\/p>\n<p><a href=\"\/soyfriki\/wp-content\/uploads\/sites\/14\/2013\/06\/grafico-tematicas-twitter.jpg\"><img loading=\"lazy\" class=\"aligncenter size-full wp-image-899\" title=\"grafico-tematicas-twitter\" src=\"\/soyfriki\/wp-content\/uploads\/sites\/14\/2013\/06\/grafico-tematicas-twitter.jpg\" alt=\"\" width=\"640\" height=\"347\" srcset=\"https:\/\/static-blogs.diariosur.es\/wp-content\/uploads\/sites\/14\/2013\/06\/grafico-tematicas-twitter.jpg 640w, https:\/\/static-blogs.diariosur.es\/wp-content\/uploads\/sites\/14\/2013\/06\/grafico-tematicas-twitter-300x163.jpg 300w\" sizes=\"(max-width: 640px) 100vw, 640px\" \/><\/a><\/p>\n<p>&nbsp;<\/p>\n<p><strong>Francesc Puyol (<a href=\"http:\/\/twitter.com\/@newsreputation\" target=\"_blank\" rel=\"external nofollow\">@newsreputation<\/a>)<\/strong>, autor de este denominado <strong>Informe InfluyenTTes 2013<\/strong> (en <a href=\"www.influyenttes.org\" target=\"_blank\">www.influyenttes.org<\/a>) presenta qui\u00e9nes son estos <strong>tuiteros<\/strong>, qu\u00e9 dicen y a qui\u00e9n interesan. \u201cLlamamos influyentes a los usuarios que optan por participar de manera regular en los temas candentes de los <strong>TT<\/strong> y dan visibilidad a sus mensajes)\u201d, afirma <strong>Puyol<\/strong>.<\/p>\n<p>Para localizar a los \u2018<strong>influyenttes<\/strong>\u2019 se han elegido a usuarios con m\u00e1s de<strong> 10.000 seguidores<\/strong> y que han colocado sus tuits entre los <strong>TT<\/strong> destacados, entre septiembre de 2012 y mayo de 2013. De 1.237 los 2 primeros en el <strong>ranking<\/strong> son <strong><a href=\"http:\/\/twitter.com\/@mejorestwits \" target=\"_blank\" rel=\"external nofollow\">@mejorestwits <\/a><\/strong>y <strong><a href=\"http:\/\/twitter.com\/@Colmenero\" target=\"_blank\" rel=\"external nofollow\">@Colmenero<\/a><\/strong>. Curioso o no, los primeros son <strong>estrellas<\/strong> encumbradas por <strong>Twitter<\/strong>, porque <strong>El Pa\u00eds (<a href=\"http:\/\/twitter.com\/@el_pais\" target=\"_blank\" rel=\"external nofollow\">@el_pais<\/a>)<\/strong> es la tercera cuenta y s\u00f3lo hay un <strong>pol\u00edtico<\/strong> entre los 50 m\u00e1s influyentes, el malague\u00f1o <strong>Alberto Garz\u00f3n (<a href=\"http:\/\/twitter.com\/@agarzon\" target=\"_blank\" rel=\"external nofollow\">@agarzon<\/a>)<\/strong>. Ni Rajoy, ni Rubalcaba\u2026<\/p>\n<p>&nbsp;<\/p>\n<p><a href=\"\/soyfriki\/wp-content\/uploads\/sites\/14\/2013\/06\/grafico-usuario-cuenta-twitter.jpg\"><img loading=\"lazy\" class=\"aligncenter size-full wp-image-900\" title=\"grafico-usuario-cuenta-twitter\" src=\"\/soyfriki\/wp-content\/uploads\/sites\/14\/2013\/06\/grafico-usuario-cuenta-twitter.jpg\" alt=\"\" width=\"640\" height=\"347\" srcset=\"https:\/\/static-blogs.diariosur.es\/wp-content\/uploads\/sites\/14\/2013\/06\/grafico-usuario-cuenta-twitter.jpg 640w, https:\/\/static-blogs.diariosur.es\/wp-content\/uploads\/sites\/14\/2013\/06\/grafico-usuario-cuenta-twitter-300x163.jpg 300w\" sizes=\"(max-width: 640px) 100vw, 640px\" \/><\/a><\/p>\n<p>&nbsp;<\/p>\n<p>Pero, \u00bfqui\u00e9n habla en <strong>Twitter<\/strong>? Por mucho que intenten borrar el papel prescriptor de los medios de comunicaci\u00f3n, las cuentas de los <strong>medios de comunicaci\u00f3n<\/strong> generan la mayor\u00eda de los <strong>tuits influyentes<\/strong>, y junto a ellos los . De hecho, las cuentas m\u00e1s prol\u00edficas son las de medios de comunicaci\u00f3n, junto a las de fans. Pero, por el contrario, otra gran porci\u00f3n de la tarta se la llena <strong>tuiteros an\u00f3nimos<\/strong> con base en el humor y <strong>parodias de famosos<\/strong>, que con muy pocos tuits consiguen colocarse en el <strong>Trending Topic<\/strong>.<\/p>\n<p>&nbsp;<\/p>\n<p><a href=\"\/soyfriki\/wp-content\/uploads\/sites\/14\/2013\/06\/grafico-top-influyentes-twitter.jpg\"><img loading=\"lazy\" class=\"aligncenter size-full wp-image-901\" title=\"grafico-top-influyentes-twitter\" src=\"\/soyfriki\/wp-content\/uploads\/sites\/14\/2013\/06\/grafico-top-influyentes-twitter.jpg\" alt=\"\" width=\"640\" height=\"347\" srcset=\"https:\/\/static-blogs.diariosur.es\/wp-content\/uploads\/sites\/14\/2013\/06\/grafico-top-influyentes-twitter.jpg 640w, https:\/\/static-blogs.diariosur.es\/wp-content\/uploads\/sites\/14\/2013\/06\/grafico-top-influyentes-twitter-300x163.jpg 300w\" sizes=\"(max-width: 640px) 100vw, 640px\" \/><\/a><\/p>\n<p>&nbsp;<\/p>\n<p>Un fen\u00f3meno de reciente descubrimiento, y reflejado por<strong> Francesc Puyol<\/strong> en su estudio es el de la <strong>TV Social<\/strong>. Comentarios sobre <strong>pel\u00edculas<\/strong>, <strong>realities<\/strong>, y los <strong>Talent Shows<\/strong>, que est\u00e1n empezando a acaparar una franja horaria hasta hace poco nada prol\u00edfica: la de las noches y madrugadas.<\/p>\n<p>&nbsp;<\/p>\n<p><a href=\"\/soyfriki\/wp-content\/uploads\/sites\/14\/2013\/06\/grafico-tvsocial-twitter.jpg\"><img loading=\"lazy\" class=\"aligncenter size-full wp-image-902\" title=\"grafico-tvsocial-twitter\" src=\"\/soyfriki\/wp-content\/uploads\/sites\/14\/2013\/06\/grafico-tvsocial-twitter.jpg\" alt=\"\" width=\"640\" height=\"347\" srcset=\"https:\/\/static-blogs.diariosur.es\/wp-content\/uploads\/sites\/14\/2013\/06\/grafico-tvsocial-twitter.jpg 640w, https:\/\/static-blogs.diariosur.es\/wp-content\/uploads\/sites\/14\/2013\/06\/grafico-tvsocial-twitter-300x163.jpg 300w\" sizes=\"(max-width: 640px) 100vw, 640px\" \/><\/a><\/p>\n<p>&nbsp;<\/p>\n<p>Si quieres saber m\u00e1s, consulta el <strong>centro de Medios, Reputaci\u00f3n e Intangibles de Unav (<a href=\"www.unav.es\/centro\/intangibles\" target=\"_blank\">unav.es\/centro\/intangibles<\/a>)<\/strong> y <strong><a href=\"http:\/\/www.smreputationmetrics.wordpress.org\" target=\"_blank\" rel=\"external nofollow\">smreputationmetrics.wordpress.org<\/a><\/strong><\/p>\n","protected":false},"excerpt":{"rendered":"<p>Si analizas cada d\u00eda el Trending Topic de Twitter observar\u00e1s 3 temas recurrentes. El g\u00e9nero m\u00e1s frecuente es el de los temas 100% tuiteros, sin ninguna conexi\u00f3n con la realidad. Detr\u00e1s, vienen los ligados a la actualidad pol\u00edtica, a los problemas econ\u00f3micos y sociales. M\u00fasica y deporte, con temas promovidos por fans, cierran este top [&hellip;]<\/p>\n","protected":false},"author":7,"featured_media":0,"comment_status":"open","ping_status":"open","sticky":false,"template":"","format":"standard","meta":[],"categories":[10],"tags":[158,297,389,483],"_links":{"self":[{"href":"https:\/\/blogs.diariosur.es\/soyfriki\/wp-json\/wp\/v2\/posts\/898"}],"collection":[{"href":"https:\/\/blogs.diariosur.es\/soyfriki\/wp-json\/wp\/v2\/posts"}],"about":[{"href":"https:\/\/blogs.diariosur.es\/soyfriki\/wp-json\/wp\/v2\/types\/post"}],"author":[{"embeddable":true,"href":"https:\/\/blogs.diariosur.es\/soyfriki\/wp-json\/wp\/v2\/users\/7"}],"replies":[{"embeddable":true,"href":"https:\/\/blogs.diariosur.es\/soyfriki\/wp-json\/wp\/v2\/comments?post=898"}],"version-history":[{"count":0,"href":"https:\/\/blogs.diariosur.es\/soyfriki\/wp-json\/wp\/v2\/posts\/898\/revisions"}],"wp:attachment":[{"href":"https:\/\/blogs.diariosur.es\/soyfriki\/wp-json\/wp\/v2\/media?parent=898"}],"wp:term":[{"taxonomy":"category","embeddable":true,"href":"https:\/\/blogs.diariosur.es\/soyfriki\/wp-json\/wp\/v2\/categories?post=898"},{"taxonomy":"post_tag","embeddable":true,"href":"https:\/\/blogs.diariosur.es\/soyfriki\/wp-json\/wp\/v2\/tags?post=898"}],"curies":[{"name":"wp","href":"https:\/\/api.w.org\/{rel}","templated":true}]}}