{"id":906,"date":"2013-07-01T19:09:05","date_gmt":"2013-07-01T17:09:05","guid":{"rendered":"http:\/\/blogs.diariosur.es\/soyfriki\/?p=906"},"modified":"2013-07-01T19:09:05","modified_gmt":"2013-07-01T17:09:05","slug":"orange-pasa-en-malaga-de-un-mal-4g-a-una-buen-social-media","status":"publish","type":"post","link":"https:\/\/blogs.diariosur.es\/soyfriki\/2013\/07\/01\/orange-pasa-en-malaga-de-un-mal-4g-a-una-buen-social-media\/","title":{"rendered":"Orange pasa en M\u00e1laga de un MAL-4G a un buen social media"},"content":{"rendered":"<p>Un d\u00eda de finales de junio <strong>M\u00e1laga<\/strong> aparec\u00eda plagada de carteles de la nueva <strong>campa\u00f1a de<\/strong> <strong>Orange<\/strong>: que si <strong>4G<\/strong>, que si 10 veces <strong>m\u00e1s r\u00e1pido<\/strong>&#8230; Pero, \u00a1oh! \u00a1Cuidado! \u00bfQu\u00e9 le\u00edan los posibles clientes?<\/p>\n<p>&nbsp;<\/p>\n<p><a href=\"\/soyfriki\/wp-content\/uploads\/sites\/14\/2013\/07\/mal-4g-orange.jpg\"><img loading=\"lazy\" class=\"aligncenter size-full wp-image-907\" title=\"mal-4g-orange\" src=\"\/soyfriki\/wp-content\/uploads\/sites\/14\/2013\/07\/mal-4g-orange.jpg\" alt=\"\" width=\"640\" height=\"229\" srcset=\"https:\/\/static-blogs.diariosur.es\/wp-content\/uploads\/sites\/14\/2013\/07\/mal-4g-orange.jpg 640w, https:\/\/static-blogs.diariosur.es\/wp-content\/uploads\/sites\/14\/2013\/07\/mal-4g-orange-300x107.jpg 300w\" sizes=\"(max-width: 640px) 100vw, 640px\" \/><\/a><\/p>\n<p>&nbsp;<\/p>\n<p>Si el mensaje de <strong>Orange<\/strong> era hacernos llegar que su <strong>4G<\/strong> era el mejor, complicado enfoque: <strong>MAL 4G<\/strong>. Un &#8216;claim&#8217; poco apropiado. \u00bfEs que era malo el 4G? Aunque gracias a un buen <strong>community manager<\/strong> y un \u00e1gil departamento de <strong>m\u00e1rketing<\/strong>, han sabido reaccionar usando el <strong>social media<\/strong> a su favor.<\/p>\n<p>En principio, suponemos que quer\u00edan hacer referencia a la ciudad de <strong>M\u00e1laga<\/strong> mediante su abreviatura, como si de un aeropuerto se tratase o al m\u00e1s puro estilo <strong>SMS<\/strong> (hoy <strong>WhatsApp<\/strong>).<\/p>\n<p>Pero si en<strong> Barcelona (BCN)<\/strong>, <strong>Madrid (MAD)<\/strong>, <strong>Valencia (VLC)<\/strong> daban en el clavo, aqu\u00ed no s\u00f3lo no acertaban, sino que el patinazo era may\u00fasculo. \u00a1Lo f\u00e1cil hubiera sido montar un <strong>MAL<span style=\"color: #ff0000;\">4G<\/span>A<\/strong>!<\/p>\n<p>Al menos as\u00ed nos lo dict\u00f3 a muchos el sentido com\u00fan, que el d\u00eda 25 de junio plagamos <strong>Twitter<\/strong> de mensajes.<\/p>\n<p>&nbsp;<\/p>\n<p><noscript>[&lt;a href=&#8221;\/\/storify.com\/AngeldelosRios\/mal-4g&#8221; target=&#8221;_blank&#8221;&gt;View the story &#8220;MAL-4G&#8221; on Storify&lt;\/a&gt;]<\/noscript>Estudiantes, dise\u00f1adores, estudios&#8230; Gente relacionada de una u otra forma con la publicidad que se rebel\u00f3 contra la aberraci\u00f3n.<\/p>\n<p>La cosa hac\u00eda m\u00e1s da\u00f1o porque, por ejemplo <strong>Vodafone<\/strong> y <strong>Jazztel<\/strong>, han usado en <strong>campa\u00f1as<\/strong> cohet\u00e1neas claras alusiones claras a la ciudad. &#8220;<strong>M\u00e1laga<\/strong>, ya eres <strong>4G<\/strong>&#8221; y &#8220;Estamos construyendo la red de fibra \u00f3ptica en <strong>M\u00e1laga<\/strong>&#8220;. No brillan, pero era claras&#8230;<\/p>\n<p>Pero <strong>Orange<\/strong>, sobresaliente, ha hecho un buen uso de las <strong>redes sociales<\/strong>. No s\u00f3lo ha aceptado la <strong>cr\u00edtica<\/strong> constructiva, sino que ha cambiado el mensaje de sus marquesinas en s\u00f3lo en 3 d\u00edas.<\/p>\n<p>&nbsp;<\/p>\n<p><a href=\"\/soyfriki\/wp-content\/uploads\/sites\/14\/2013\/07\/MLG4g-malaga-orange.jpg\"><img loading=\"lazy\" class=\"aligncenter size-full wp-image-908\" title=\"MLG4g-malaga-orange\" src=\"\/soyfriki\/wp-content\/uploads\/sites\/14\/2013\/07\/MLG4g-malaga-orange.jpg\" alt=\"\" width=\"640\" height=\"282\" srcset=\"https:\/\/static-blogs.diariosur.es\/wp-content\/uploads\/sites\/14\/2013\/07\/MLG4g-malaga-orange.jpg 640w, https:\/\/static-blogs.diariosur.es\/wp-content\/uploads\/sites\/14\/2013\/07\/MLG4g-malaga-orange-300x132.jpg 300w\" sizes=\"(max-width: 640px) 100vw, 640px\" \/><\/a><\/p>\n<p>&nbsp;<\/p>\n<p><strong>\u00bfSirven de algo las redes sociales a las empresas? Bueno, parece que s\u00ed&#8230;<\/strong><\/p>\n<p>&nbsp;<\/p>\n<blockquote class=\"twitter-tweet\" data-conversation=\"none\" data-cards=\"hidden\" data-partner=\"tweetdeck\"><p><a href=\"https:\/\/twitter.com\/aureliofj\" rel=\"external nofollow\">@aureliofj<\/a> Hola Aurelio, hemos trabajado en ello para mejorar nuestra publicidad en M\u00e1laga. <a href=\"http:\/\/t.co\/yp8J9mYmVh\" rel=\"external nofollow\">http:\/\/t.co\/yp8J9mYmVh<\/a> de <a href=\"https:\/\/twitter.com\/alvaronoguer\" rel=\"external nofollow\">@alvaronoguer<\/a><\/p>\n<p>\u2014 Orange Espa\u00f1a (@orange_es) <a href=\"https:\/\/twitter.com\/orange_es\/statuses\/350560446534791169\" rel=\"external nofollow\">June 28, 2013<\/a><\/p><\/blockquote>\n<p>&nbsp;<\/p>\n<p>TAMBI\u00c9N HABLARON DE ESTO:<\/p>\n<ul>\n<li><span style=\"font-size: 13px;\">David Mart\u00ednez (Gerente Comunicaci\u00f3n Externa en Orange)<\/span><\/li>\n<\/ul>\n<p><a href=\"http:\/\/www.davidmartinezpr.com\/2013\/06\/caso-de-exito-en-social-media-si-en.html\" target=\"_blank\" rel=\"external nofollow\">http:\/\/www.davidmartinezpr.com\/2013\/06\/caso-de-exito-en-social-media-si-en.html<\/a><\/p>\n<ul>\n<li><span style=\"font-size: 13px;\">El Circo de la Publicidad<\/span><\/li>\n<\/ul>\n<p><a href=\"https:\/\/www.facebook.com\/photo.php?fbid=10152903896360478&#038;l=216715cd33\" target=\"_blank\" rel=\"external nofollow\">https:\/\/www.facebook.com\/photo.php?fbid=10152903896360478&#038;l=216715cd33<\/a><\/p>\n<ul>\n<li><span style=\"font-size: 13px;\">Expansi\u00f3n.com<\/span><\/li>\n<\/ul>\n<p><a href=\"http:\/\/www.expansion.com\/2013\/07\/02\/empresas\/tmt\/1372760772.html\" target=\"_blank\" rel=\"external nofollow\">http:\/\/www.expansion.com\/2013\/07\/02\/empresas\/tmt\/1372760772.html<\/a><\/p>\n","protected":false},"excerpt":{"rendered":"<p>Un d\u00eda de finales de junio M\u00e1laga aparec\u00eda plagada de carteles de la nueva campa\u00f1a de Orange: que si 4G, que si 10 veces m\u00e1s r\u00e1pido&#8230; Pero, \u00a1oh! \u00a1Cuidado! \u00bfQu\u00e9 le\u00edan los posibles clientes? &nbsp; &nbsp; Si el mensaje de Orange era hacernos llegar que su 4G era el mejor, complicado enfoque: MAL 4G. Un [&hellip;]<\/p>\n","protected":false},"author":7,"featured_media":0,"comment_status":"open","ping_status":"open","sticky":false,"template":"","format":"standard","meta":[],"categories":[8,10],"tags":[102,281,292,340,388,483],"_links":{"self":[{"href":"https:\/\/blogs.diariosur.es\/soyfriki\/wp-json\/wp\/v2\/posts\/906"}],"collection":[{"href":"https:\/\/blogs.diariosur.es\/soyfriki\/wp-json\/wp\/v2\/posts"}],"about":[{"href":"https:\/\/blogs.diariosur.es\/soyfriki\/wp-json\/wp\/v2\/types\/post"}],"author":[{"embeddable":true,"href":"https:\/\/blogs.diariosur.es\/soyfriki\/wp-json\/wp\/v2\/users\/7"}],"replies":[{"embeddable":true,"href":"https:\/\/blogs.diariosur.es\/soyfriki\/wp-json\/wp\/v2\/comments?post=906"}],"version-history":[{"count":0,"href":"https:\/\/blogs.diariosur.es\/soyfriki\/wp-json\/wp\/v2\/posts\/906\/revisions"}],"wp:attachment":[{"href":"https:\/\/blogs.diariosur.es\/soyfriki\/wp-json\/wp\/v2\/media?parent=906"}],"wp:term":[{"taxonomy":"category","embeddable":true,"href":"https:\/\/blogs.diariosur.es\/soyfriki\/wp-json\/wp\/v2\/categories?post=906"},{"taxonomy":"post_tag","embeddable":true,"href":"https:\/\/blogs.diariosur.es\/soyfriki\/wp-json\/wp\/v2\/tags?post=906"}],"curies":[{"name":"wp","href":"https:\/\/api.w.org\/{rel}","templated":true}]}}