{"id":910,"date":"2013-07-02T19:29:12","date_gmt":"2013-07-02T17:29:12","guid":{"rendered":"http:\/\/blogs.diariosur.es\/soyfriki\/?p=910"},"modified":"2013-07-02T19:29:12","modified_gmt":"2013-07-02T17:29:12","slug":"somos60000-gracias","status":"publish","type":"post","link":"https:\/\/blogs.diariosur.es\/soyfriki\/2013\/07\/02\/somos60000-gracias\/","title":{"rendered":"#Somos60000 \u00a1Gracias!"},"content":{"rendered":"<p>Lo que eres en <strong>Twitter<\/strong> no es la suma de tus <strong>tuits<\/strong>, sino la de tus <strong>seguidores<\/strong>. La cuenta oficial de <strong>SUR (<a href=\"http:\/\/twitter.com\/@Diario_SUR\" rel=\"external nofollow\">@Diario_SUR<\/a>)<\/strong>, que lleva activa desde el 9 de febrero de 2009, <strong>tuit<\/strong> a <strong>tuit<\/strong> hoy se hace mayor. Como el resto de cuentas de esta casa, no ser\u00edan nada si no hubiera tras ella miles de usuarios compartiendo, dialogando y debatiendo. Hace poco nos llev\u00e1bamos la alegr\u00eda de ver a <a href=\"http:\/\/www.diariosur.es\/20130607\/local\/malaga\/diario-primer-medio-local-201306071302.html\" rel=\"external nofollow\"><strong>SUR<\/strong>, de nuevo como primer medio local con m\u00e1s seguidores en <strong>Twitter<\/strong><\/a>, dentro de<strong>l \u2018top100\u2019<\/strong>de <a href=\"http:\/\/233grados.com\" rel=\"external nofollow\">233grados.com<\/a>. Entonces ten\u00edamos 58.854 seguidores. Pero esta pasado noche, hemos rebasado el list\u00f3n de los <strong>60.000 amigos<\/strong>.<\/p>\n<p>&nbsp;<\/p>\n<blockquote class=\"twitter-tweet\" data-partner=\"tweetdeck\"><p><a href=\"https:\/\/twitter.com\/search?q=%23Somos60000&#038;src=hash\" rel=\"external nofollow\">#Somos60000<\/a> \u00a1Gracias! <a href=\"http:\/\/t.co\/a1CHDkqw0m\" rel=\"external nofollow\">http:\/\/t.co\/a1CHDkqw0m<\/a> (por <a href=\"https:\/\/twitter.com\/AngeldelosRios\" rel=\"external nofollow\">@AngeldelosRios<\/a>)<\/p>\n<p>\u2014 Diario SUR (@Diario_SUR) <a href=\"https:\/\/twitter.com\/Diario_SUR\/statuses\/352117334443425794\" rel=\"external nofollow\">July 2, 2013<\/a><\/p><\/blockquote>\n<p>&nbsp;<\/p>\n<p>Por supuesto, seguimos siendo el <strong>primer medio local<\/strong> y <strong>andaluz<\/strong> a nivel nacional con estas cifras. Que, repito, no son n\u00fameros, sino personas individuales que cada d\u00eda siguen nuestras <strong>noticias<\/strong> en su <strong>timeline<\/strong> con su <strong>iPad<\/strong> durante el desayuno, nada m\u00e1s llegar a la oficina o con su m\u00f3vil en el autob\u00fas. Es lo que nos gusta pensar. Y que las noticias <strong>lleguen<\/strong>, que <strong>interesen<\/strong>, que generen <strong>debate<\/strong>. En <strong>SUR<\/strong> nos gusta <strong>escuchar<\/strong> y, por qu\u00e9 no, <strong>rectificar<\/strong> cuando es necesario.<\/p>\n<p>&nbsp;<\/p>\n<p><a href=\"\/soyfriki\/wp-content\/uploads\/sites\/14\/2013\/07\/922774_10151431156407233_486377750_n1.jpg\"><img loading=\"lazy\" class=\"aligncenter size-full wp-image-911\" title=\"922774_10151431156407233_486377750_n[1]\" src=\"\/soyfriki\/wp-content\/uploads\/sites\/14\/2013\/07\/922774_10151431156407233_486377750_n1-e1372785764998.jpg\" alt=\"\" width=\"640\" height=\"426\" srcset=\"https:\/\/static-blogs.diariosur.es\/wp-content\/uploads\/sites\/14\/2013\/07\/922774_10151431156407233_486377750_n1-e1372785764998.jpg 640w, https:\/\/static-blogs.diariosur.es\/wp-content\/uploads\/sites\/14\/2013\/07\/922774_10151431156407233_486377750_n1-e1372785764998-300x200.jpg 300w\" sizes=\"(max-width: 640px) 100vw, 640px\" \/><\/a><\/p>\n<p>&nbsp;<\/p>\n<p>Durante la pasada <strong><a href=\"https:\/\/blogs.diariosur.es\/soyfriki\/2013\/05\/11\/noche-en-blanco-con-tuiteros-de-papel-60mildeseos\/\">Noche en Blanco<\/a><\/strong> celebr\u00e1bamos una fiesta para expresar los mejores <strong>deseos<\/strong> y demostrarnos a nosotros que pod\u00edamos llegar a 60.000 seguidores.<a href=\"https:\/\/blogs.diariosur.es\/soyfriki\/2013\/05\/11\/noche-en-blanco-con-tuiteros-de-papel-60mildeseos\/\"> \u2018<strong>SUR #60MILDESEOS<\/strong>\u2019<\/a> invitaba a los \u2018tuiteros\u2019 a crear una pajarita de papel y formular su deseo en forma de \u2018tuit\u2019. Y, el nuestro se cumpl\u00eda con creces\u2026<\/p>\n<p>&nbsp;<\/p>\n<p><strong>\u00a1\u00a1Ahora, a por los 70.000!!<\/strong><\/p>\n","protected":false},"excerpt":{"rendered":"<p>Lo que eres en Twitter no es la suma de tus tuits, sino la de tus seguidores. La cuenta oficial de SUR (@Diario_SUR), que lleva activa desde el 9 de febrero de 2009, tuit a tuit hoy se hace mayor. Como el resto de cuentas de esta casa, no ser\u00edan nada si no hubiera tras [&hellip;]<\/p>\n","protected":false},"author":7,"featured_media":0,"comment_status":"open","ping_status":"open","sticky":false,"template":"","format":"standard","meta":[],"categories":[8,11],"tags":[],"_links":{"self":[{"href":"https:\/\/blogs.diariosur.es\/soyfriki\/wp-json\/wp\/v2\/posts\/910"}],"collection":[{"href":"https:\/\/blogs.diariosur.es\/soyfriki\/wp-json\/wp\/v2\/posts"}],"about":[{"href":"https:\/\/blogs.diariosur.es\/soyfriki\/wp-json\/wp\/v2\/types\/post"}],"author":[{"embeddable":true,"href":"https:\/\/blogs.diariosur.es\/soyfriki\/wp-json\/wp\/v2\/users\/7"}],"replies":[{"embeddable":true,"href":"https:\/\/blogs.diariosur.es\/soyfriki\/wp-json\/wp\/v2\/comments?post=910"}],"version-history":[{"count":0,"href":"https:\/\/blogs.diariosur.es\/soyfriki\/wp-json\/wp\/v2\/posts\/910\/revisions"}],"wp:attachment":[{"href":"https:\/\/blogs.diariosur.es\/soyfriki\/wp-json\/wp\/v2\/media?parent=910"}],"wp:term":[{"taxonomy":"category","embeddable":true,"href":"https:\/\/blogs.diariosur.es\/soyfriki\/wp-json\/wp\/v2\/categories?post=910"},{"taxonomy":"post_tag","embeddable":true,"href":"https:\/\/blogs.diariosur.es\/soyfriki\/wp-json\/wp\/v2\/tags?post=910"}],"curies":[{"name":"wp","href":"https:\/\/api.w.org\/{rel}","templated":true}]}}