{"id":913,"date":"2013-07-03T17:19:30","date_gmt":"2013-07-03T15:19:30","guid":{"rendered":"http:\/\/blogs.diariosur.es\/soyfriki\/?p=913"},"modified":"2013-07-03T17:19:30","modified_gmt":"2013-07-03T15:19:30","slug":"sur-sigue-como-unico-medio-local-y-andaluz-en-el-top100-de-twitter","status":"publish","type":"post","link":"https:\/\/blogs.diariosur.es\/soyfriki\/2013\/07\/03\/sur-sigue-como-unico-medio-local-y-andaluz-en-el-top100-de-twitter\/","title":{"rendered":"SUR sigue como \u00fanico medio local y andaluz en el Top100 de Twitter"},"content":{"rendered":"<p>Ayer celebr\u00e1bamos <a href=\"https:\/\/blogs.diariosur.es\/soyfriki\/2013\/07\/02\/somos60000-gracias\/\">nuestros m\u00e1s de 60.000 seguidores en Twitter<\/a>, y hoy refrendamos datos con el \u00faltimo estudio de <a href=\"http:\/\/233grados.com\" rel=\"external nofollow\">233grados.com<\/a>. Nuestro perfil oficial sigue otro mes m\u00e1s entre los cien medios con m\u00e1s seguidores. En este r\u00e1nking, <a href=\"http:\/\/twitter.com\/diario_sur\" rel=\"external nofollow\">el perfil oficial de SUR <\/a>aparece en el <strong>puesto 90 con 61.115 &#8216;followers&#8217;<\/strong>. De nuevo, es el \u00fanico medio local y andaluz que se mantiene en el &#8216;top 100&#8217; por delante de medios nacionales y regionales consolidados.<\/p>\n<div>Durante el pasado mes de mayo,\u00a0Muy Interesante\u00a0y\u00a0El Pa\u00eds, con m\u00e1s de 2.600.000 &#8216;followers&#8217; cada uno, han confirmado su primer y su segundo puesto, respectivamente, por delante de\u00a0MTV Espa\u00f1a, que se queda en esa tercera plaza con 2.540.000 seguidores en Twitter.<\/div>\n<div>\n<p>La \u00fanica nueva entrada en el ranking durante este mes es la del diario digital de Jes\u00fas Mara\u00f1a,\u00a0<strong>infoLibre<\/strong>,\u00a0que entra directamente al puesto 96 de la lista de medios m\u00e1s populares en Twitter.<\/p>\n<table id=\"tabla-twitter\" width=\"413\" border=\"0\">\n<thead>\n<tr>\n<th>Posici\u00f3n<\/th>\n<th class=\"medio\">Medio<\/th>\n<th>Tipo<\/th>\n<th>Followers<\/th>\n<th>Variaci\u00f3n<\/th>\n<\/tr>\n<\/thead>\n<tbody>\n<tr>\n<td>1<\/td>\n<td class=\"medio\"><a href=\"http:\/\/twitter.com\/muyinteresante\" rel=\"external nofollow\">Muy Interesante<\/a><\/td>\n<td>Revista<\/td>\n<td style=\"text-align: right;\">2.835.680<\/td>\n<td style=\"text-align: center;\">=<\/td>\n<\/tr>\n<tr>\n<td>2<\/td>\n<td class=\"medio\"><a href=\"http:\/\/twitter.com\/el_pais\" rel=\"external nofollow\">El Pa\u00eds<\/a><\/td>\n<td>Peri\u00f3dico<\/td>\n<td style=\"text-align: right;\">2.766.082<\/td>\n<td style=\"text-align: center;\">=<\/td>\n<\/tr>\n<tr>\n<td>3<\/td>\n<td class=\"medio\"><a href=\"http:\/\/twitter.com\/MTVSPAIN\" rel=\"external nofollow\">MTV Espana<\/a><\/td>\n<td>TV<\/td>\n<td style=\"text-align: right;\">2.582.007<\/td>\n<td style=\"text-align: center;\">=<\/td>\n<\/tr>\n<tr>\n<td>4<\/td>\n<td class=\"medio\"><a href=\"http:\/\/twitter.com\/marca\" rel=\"external nofollow\">Marca<\/a><\/td>\n<td>Peri\u00f3dico<\/td>\n<td style=\"text-align: right;\">1.460.626<\/td>\n<td style=\"text-align: center;\">=<\/td>\n<\/tr>\n<tr>\n<td>5<\/td>\n<td class=\"medio\"><a href=\"http:\/\/twitter.com\/elmundoes\" rel=\"external nofollow\">El Mundo<\/a><\/td>\n<td>Peri\u00f3dico<\/td>\n<td style=\"text-align: right;\">1.156.003<\/td>\n<td style=\"text-align: center;\">=<\/td>\n<\/tr>\n<tr>\n<td>6<\/td>\n<td class=\"medio\"><a href=\"http:\/\/twitter.com\/#!\/cosmopolitan_es\" rel=\"external nofollow\">Cosmopolitan<\/a><\/td>\n<td>Revista<\/td>\n<td style=\"text-align: right;\">925.682<\/td>\n<td style=\"text-align: center;\">=<\/td>\n<\/tr>\n<tr>\n<td>7<\/td>\n<td class=\"medio\"><a href=\"http:\/\/twitter.com\/mundodeportivo\" rel=\"external nofollow\">El Mundo Deportivo<\/a><\/td>\n<td>Peri\u00f3dico<\/td>\n<td style=\"text-align: right;\">887.453<\/td>\n<td style=\"text-align: center;\">=<\/td>\n<\/tr>\n<tr>\n<td>8<\/td>\n<td class=\"medio\"><a href=\"https:\/\/twitter.com\/hola\" rel=\"external nofollow\">Hola<\/a><\/td>\n<td>Revista<\/td>\n<td style=\"text-align: right;\">791.312<\/td>\n<td style=\"text-align: center;\">=<\/td>\n<\/tr>\n<tr>\n<td>9<\/td>\n<td class=\"medio\"><a href=\"http:\/\/twitter.com\/diarioas\" rel=\"external nofollow\">As<\/a><\/td>\n<td>Peri\u00f3dico<\/td>\n<td style=\"text-align: right;\">654.798<\/td>\n<td style=\"text-align: center;\">(+1)<\/td>\n<\/tr>\n<tr>\n<td>10<\/td>\n<td class=\"medio\"><a href=\"http:\/\/twitter.com\/#!\/voguespain\" rel=\"external nofollow\">Vogue<\/a><\/td>\n<td>Revista<\/td>\n<td style=\"text-align: right;\">637.789<\/td>\n<td style=\"text-align: center;\">(+1)<\/td>\n<\/tr>\n<tr>\n<td>&#8212;<\/td>\n<td class=\"medio\"><a href=\"https:\/\/twitter.com\/yo_dona\" rel=\"external nofollow\">&#8211;<\/a>&#8212;<a href=\"https:\/\/twitter.com\/yo_dona\" rel=\"external nofollow\">&#8211;<\/a>&#8212;<a href=\"https:\/\/twitter.com\/yo_dona\" rel=\"external nofollow\">&#8211;<\/a>&#8212;<a href=\"https:\/\/twitter.com\/yo_dona\" rel=\"external nofollow\">&#8211;<\/a>&#8212;<\/td>\n<td><a href=\"https:\/\/twitter.com\/yo_dona\" rel=\"external nofollow\">&#8211;<\/a>&#8212;<a href=\"https:\/\/twitter.com\/yo_dona\" rel=\"external nofollow\">&#8211;<\/a>&#8212;<\/td>\n<td style=\"text-align: right;\"><a href=\"https:\/\/twitter.com\/yo_dona\" rel=\"external nofollow\">&#8211;<\/a>&#8212;<a href=\"https:\/\/twitter.com\/yo_dona\" rel=\"external nofollow\">&#8211;<\/a>&#8212;<\/td>\n<td style=\"text-align: center;\"><a href=\"https:\/\/twitter.com\/yo_dona\" rel=\"external nofollow\">&#8211;<\/a>&#8212;<\/td>\n<\/tr>\n<tr>\n<td>90<\/td>\n<td class=\"medio\"><a href=\"http:\/\/twitter.com\/#!\/diario_sur\" rel=\"external nofollow\">Diario Sur<\/a><\/td>\n<td>Peri\u00f3dico<\/td>\n<td style=\"text-align: right;\">60.113<\/td>\n<td style=\"text-align: center;\">(-1)<\/td>\n<\/tr>\n<tr>\n<td>91<\/td>\n<td class=\"medio\"><a href=\"https:\/\/twitter.com\/yo_dona\" rel=\"external nofollow\">Yo Dona<\/a><\/td>\n<td>Revista<\/td>\n<td style=\"text-align: right;\">58.034<\/td>\n<td style=\"text-align: center;\">(+1)<\/td>\n<\/tr>\n<tr>\n<td>92<\/td>\n<td class=\"medio\"><a href=\"http:\/\/twitter.com\/#!\/@TheF1com\" rel=\"external nofollow\">TheF1.com<\/a><\/td>\n<td>Digital<\/td>\n<td style=\"text-align: right;\">57.517<\/td>\n<td style=\"text-align: center;\">(-2)<\/td>\n<\/tr>\n<tr>\n<td>93<\/td>\n<td class=\"medio\"><a href=\"http:\/\/twitter.com\/#!\/mondo_sonoro\" rel=\"external nofollow\">Mondo Sonoro<\/a><\/td>\n<td>Revista<\/td>\n<td style=\"text-align: right;\">56.639<\/td>\n<td style=\"text-align: center;\">(-2)<\/td>\n<\/tr>\n<tr>\n<td>94<\/td>\n<td class=\"medio\"><a href=\"https:\/\/twitter.com\/_infolibre\" rel=\"external nofollow\">infoLibre<\/a><\/td>\n<td>Digital<\/td>\n<td style=\"text-align: right;\">55.275<\/td>\n<td style=\"text-align: center;\">(+2)<\/td>\n<\/tr>\n<tr>\n<td>95<\/td>\n<td class=\"medio\"><a href=\"http:\/\/twitter.com\/#!\/Serpadres_es\" rel=\"external nofollow\">Ser Padres<\/a><\/td>\n<td>Digital<\/td>\n<td style=\"text-align: right;\">54.913<\/td>\n<td style=\"text-align: center;\">=<\/td>\n<\/tr>\n<tr>\n<td>96<\/td>\n<td class=\"medio\"><a href=\"https:\/\/twitter.com\/cadena100\" rel=\"external nofollow\">Cadena 100<\/a><\/td>\n<td>Radio<\/td>\n<td style=\"text-align: right;\">54.814<\/td>\n<td style=\"text-align: center;\">(-3)<\/td>\n<\/tr>\n<tr>\n<td>97<\/td>\n<td class=\"medio\"><a href=\"https:\/\/twitter.com\/ecd_\" rel=\"external nofollow\">El Confidencial Digital<\/a><\/td>\n<td>Digital<\/td>\n<td style=\"text-align: right;\">54.313<\/td>\n<td style=\"text-align: center;\">(-3)<\/td>\n<\/tr>\n<tr>\n<td>98<\/td>\n<td class=\"medio\"><a href=\"https:\/\/twitter.com\/iPadizate\" rel=\"external nofollow\">iPadizate<\/a><\/td>\n<td>Blog<\/td>\n<td style=\"text-align: right;\">52.077<\/td>\n<td style=\"text-align: center;\">(-1)<\/td>\n<\/tr>\n<tr>\n<td>99<\/td>\n<td class=\"medio\"><a href=\"http:\/\/twitter.com\/#!\/gol_television\" target=\"_self\" rel=\"external nofollow\">Gol TV<\/a><\/td>\n<td>TV<\/td>\n<td style=\"text-align: right;\">51.395<\/td>\n<td style=\"text-align: center;\">(-1)<\/td>\n<\/tr>\n<tr>\n<td>100<\/td>\n<td class=\"medio\"><a href=\"http:\/\/twitter.com\/cope_es\" rel=\"external nofollow\">Cadena COPE<\/a><\/td>\n<td>Radio<\/td>\n<td style=\"text-align: right;\">51.394<\/td>\n<td style=\"text-align: center;\">(-1)<\/td>\n<\/tr>\n<\/tbody>\n<\/table>\n<\/div>\n<div><span style=\"font-size: x-small;\"><strong>*Fuente <a href=\"http:\/\/233grados.lainformacion.com\/blog\/2013\/07\/los-100-medios-espa%C3%B1oles-con-m%C3%A1s-seguidores-en-twitter.html\" rel=\"external nofollow\">233grados<\/a><\/strong><\/span><\/div>\n","protected":false},"excerpt":{"rendered":"<p>Ayer celebr\u00e1bamos nuestros m\u00e1s de 60.000 seguidores en Twitter, y hoy refrendamos datos con el \u00faltimo estudio de 233grados.com. Nuestro perfil oficial sigue otro mes m\u00e1s entre los cien medios con m\u00e1s seguidores. En este r\u00e1nking, el perfil oficial de SUR aparece en el puesto 90 con 61.115 &#8216;followers&#8217;. De nuevo, es el \u00fanico medio [&hellip;]<\/p>\n","protected":false},"author":7,"featured_media":0,"comment_status":"open","ping_status":"open","sticky":false,"template":"","format":"standard","meta":[],"categories":[8,11],"tags":[],"_links":{"self":[{"href":"https:\/\/blogs.diariosur.es\/soyfriki\/wp-json\/wp\/v2\/posts\/913"}],"collection":[{"href":"https:\/\/blogs.diariosur.es\/soyfriki\/wp-json\/wp\/v2\/posts"}],"about":[{"href":"https:\/\/blogs.diariosur.es\/soyfriki\/wp-json\/wp\/v2\/types\/post"}],"author":[{"embeddable":true,"href":"https:\/\/blogs.diariosur.es\/soyfriki\/wp-json\/wp\/v2\/users\/7"}],"replies":[{"embeddable":true,"href":"https:\/\/blogs.diariosur.es\/soyfriki\/wp-json\/wp\/v2\/comments?post=913"}],"version-history":[{"count":0,"href":"https:\/\/blogs.diariosur.es\/soyfriki\/wp-json\/wp\/v2\/posts\/913\/revisions"}],"wp:attachment":[{"href":"https:\/\/blogs.diariosur.es\/soyfriki\/wp-json\/wp\/v2\/media?parent=913"}],"wp:term":[{"taxonomy":"category","embeddable":true,"href":"https:\/\/blogs.diariosur.es\/soyfriki\/wp-json\/wp\/v2\/categories?post=913"},{"taxonomy":"post_tag","embeddable":true,"href":"https:\/\/blogs.diariosur.es\/soyfriki\/wp-json\/wp\/v2\/tags?post=913"}],"curies":[{"name":"wp","href":"https:\/\/api.w.org\/{rel}","templated":true}]}}