{"id":915,"date":"2013-07-04T13:34:13","date_gmt":"2013-07-04T11:34:13","guid":{"rendered":"http:\/\/blogs.diariosur.es\/soyfriki\/?p=915"},"modified":"2013-07-04T13:34:13","modified_gmt":"2013-07-04T11:34:13","slug":"consejos-para-proteger-tu-movil-en-verano-del-sol-la-arena-y-el-agua","status":"publish","type":"post","link":"https:\/\/blogs.diariosur.es\/soyfriki\/2013\/07\/04\/consejos-para-proteger-tu-movil-en-verano-del-sol-la-arena-y-el-agua\/","title":{"rendered":"Consejos para proteger tu m\u00f3vil en verano del sol, la arena y el agua"},"content":{"rendered":"<p>El <strong>verano<\/strong> es la \u00e9poca del a\u00f1o en la que se generan m\u00e1s <strong>aver\u00edas en los m\u00f3viles y tabletas<\/strong>, un 40% del total del a\u00f1o. El <strong>sol<\/strong>, el <strong>agua<\/strong> y la <strong>arena<\/strong> son tus principales enemigos. Un dato extra\u00eddo de un informe que presenta hoy el <strong>Servicio de Reparaciones<\/strong> de <strong>Phone House, <\/strong>que indica que <strong>reparar<\/strong> un terminal medio rondar\u00e1 los 150 euros.<\/p>\n<h2>Por eso, ten en cuenta <strong>consejos para proteger tu m\u00f3vil<\/strong>:<\/h2>\n<p>&nbsp;<\/p>\n<p><span style=\"color: #800000;\"><strong><a href=\"\/soyfriki\/wp-content\/uploads\/sites\/14\/2013\/07\/Movil-cristal-roto1.jpg\"><img loading=\"lazy\" class=\"size-medium wp-image-918 alignright\" title=\"Movil-cristal-roto[1]\" src=\"\/soyfriki\/wp-content\/uploads\/sites\/14\/2013\/07\/Movil-cristal-roto1.jpg\" alt=\"\" width=\"220\" height=\"300\" srcset=\"https:\/\/static-blogs.diariosur.es\/wp-content\/uploads\/sites\/14\/2013\/07\/Movil-cristal-roto1.jpg 400w, https:\/\/static-blogs.diariosur.es\/wp-content\/uploads\/sites\/14\/2013\/07\/Movil-cristal-roto1-220x300.jpg 220w\" sizes=\"(max-width: 220px) 100vw, 220px\" \/><\/a>Mant\u00e9n tu dispositivo a la sombra<\/strong><\/span><br \/>\nEl 50% de las <strong>aver\u00edas de m\u00f3viles<\/strong> en verano se deben a las <strong>altas temperaturas<\/strong> y la <strong>exposici\u00f3n al sol<\/strong>. Procura no olvid\u00e1rtelo dentro del coche al sol o en el bolso en la playa.<\/p>\n<p><span style=\"color: #800000;\"><strong>Protege tu terminal de la arena, el agua e incluso la humedad<\/strong><\/span><br \/>\nEl 35% de las <strong>aver\u00edas<\/strong> est\u00e1n relacionadas con el <strong>agua<\/strong>, tanto de <strong>piscina<\/strong> como de <strong>mar<\/strong>. La <strong>humedad<\/strong> del ambiente o simplemente el contacto de las manos <strong>mojadas<\/strong> pueden arruinar los <strong>circuitos<\/strong>. Adem\u00e1s, la <strong>arena<\/strong> de playa provoca ara\u00f1azos en las <strong>pantallas<\/strong> y fallos en el sistema en el 15% de los casos.<\/p>\n<p><span style=\"color: #800000;\"><strong>Accesorios que te permiten salir de un apuro<\/strong><\/span><br \/>\nLas <strong>bater\u00edas externas<\/strong> por ejemplo pueden sacarte de una complicaci\u00f3n para que puedas seguir conectado durante las largas horas que pasamos fuera de casa en <strong>vacaciones<\/strong>.<\/p>\n<p><span style=\"color: #800000;\"><strong>Busca \u00e1reas WiFi para que tu tarifa de datos sobreviva<\/strong><\/span><br \/>\nTambi\u00e9n puedes mantenerte conectado incluso aunque no dispongas de un acceso <strong>WiFi<\/strong>. Si tu <strong>tablet<\/strong> es <strong>3G<\/strong>, con las tarjetas <strong>MultiSIM<\/strong> que ofrecen los <strong>operadores<\/strong>, puedes compartir la <strong>tarifa de datos<\/strong> de tu <strong>tel\u00e9fono<\/strong> y usarla en tu <strong>tablet<\/strong>. De esta forma, estar\u00e1s siempre conectado a <strong>Internet<\/strong>. Adem\u00e1s, recuerda tambi\u00e9n desconectar el <strong>wifi<\/strong> y el <strong>bluetooth<\/strong> cuando no lo uses para <strong>ahorrar bater\u00eda<\/strong>.<\/p>\n<p><span style=\"color: #800000;\"><strong>Contrata un seguro<\/strong><\/span><br \/>\nEn caso de <strong>accidente<\/strong>, supone un importante ahorro. El coste medio de la <strong>reparaci\u00f3n de estas aver\u00edas<\/strong> ronda los 150\u20ac. La <strong>reparaci\u00f3n<\/strong> de los dispositivos de gama alta m\u00e1s modernos <strong>supera<\/strong> ampliamente esta cifra y simplemente <strong>reparar la pantalla<\/strong> puede costar m\u00e1s de 200\u20ac.<\/p>\n<p>En cambio, un <strong>seguro<\/strong> puede contratarse desde 6\u20ac\/mes. Estos proporcionan la mayor cobertura del mercado, incluyendo reparaciones de <strong>pantalla<\/strong>, <strong>ca\u00eddas<\/strong>, <strong>humedad<\/strong>, etc.<\/p>\n<p><strong>\u00a1Disfruta de las vacaciones!<\/strong><\/p>\n","protected":false},"excerpt":{"rendered":"<p>El verano es la \u00e9poca del a\u00f1o en la que se generan m\u00e1s aver\u00edas en los m\u00f3viles y tabletas, un 40% del total del a\u00f1o. El sol, el agua y la arena son tus principales enemigos. Un dato extra\u00eddo de un informe que presenta hoy el Servicio de Reparaciones de Phone House, que indica que [&hellip;]<\/p>\n","protected":false},"author":7,"featured_media":0,"comment_status":"open","ping_status":"open","sticky":false,"template":"","format":"standard","meta":[],"categories":[8],"tags":[53,311,436,517],"_links":{"self":[{"href":"https:\/\/blogs.diariosur.es\/soyfriki\/wp-json\/wp\/v2\/posts\/915"}],"collection":[{"href":"https:\/\/blogs.diariosur.es\/soyfriki\/wp-json\/wp\/v2\/posts"}],"about":[{"href":"https:\/\/blogs.diariosur.es\/soyfriki\/wp-json\/wp\/v2\/types\/post"}],"author":[{"embeddable":true,"href":"https:\/\/blogs.diariosur.es\/soyfriki\/wp-json\/wp\/v2\/users\/7"}],"replies":[{"embeddable":true,"href":"https:\/\/blogs.diariosur.es\/soyfriki\/wp-json\/wp\/v2\/comments?post=915"}],"version-history":[{"count":0,"href":"https:\/\/blogs.diariosur.es\/soyfriki\/wp-json\/wp\/v2\/posts\/915\/revisions"}],"wp:attachment":[{"href":"https:\/\/blogs.diariosur.es\/soyfriki\/wp-json\/wp\/v2\/media?parent=915"}],"wp:term":[{"taxonomy":"category","embeddable":true,"href":"https:\/\/blogs.diariosur.es\/soyfriki\/wp-json\/wp\/v2\/categories?post=915"},{"taxonomy":"post_tag","embeddable":true,"href":"https:\/\/blogs.diariosur.es\/soyfriki\/wp-json\/wp\/v2\/tags?post=915"}],"curies":[{"name":"wp","href":"https:\/\/api.w.org\/{rel}","templated":true}]}}