{"id":925,"date":"2013-07-23T19:01:17","date_gmt":"2013-07-23T17:01:17","guid":{"rendered":"http:\/\/blogs.diariosur.es\/soyfriki\/?p=925"},"modified":"2013-07-23T19:01:17","modified_gmt":"2013-07-23T17:01:17","slug":"twitter-contra-los-medios-2-de-cada-8-noticias-aparecen-antes-en-twitter","status":"publish","type":"post","link":"https:\/\/blogs.diariosur.es\/soyfriki\/2013\/07\/23\/twitter-contra-los-medios-2-de-cada-8-noticias-aparecen-antes-en-twitter\/","title":{"rendered":"\u00bfTwitter contra los medios? Ya adelanta 2 de cada 10 noticias"},"content":{"rendered":"<p><a href=\"\/soyfriki\/wp-content\/uploads\/sites\/14\/2013\/07\/IF09Y831.jpg\"><img loading=\"lazy\" class=\"aligncenter size-full wp-image-927\" title=\"Twitter y periodismo\" src=\"\/soyfriki\/wp-content\/uploads\/sites\/14\/2013\/07\/IF09Y831.jpg\" alt=\"\" width=\"647\" height=\"267\" srcset=\"https:\/\/static-blogs.diariosur.es\/wp-content\/uploads\/sites\/14\/2013\/07\/IF09Y831.jpg 647w, https:\/\/static-blogs.diariosur.es\/wp-content\/uploads\/sites\/14\/2013\/07\/IF09Y831-300x124.jpg 300w\" sizes=\"(max-width: 647px) 100vw, 647px\" \/><\/a><\/p>\n<p>&nbsp;<\/p>\n<p>Seg\u00fan un estudio cient\u00edfico llevado a cabo por las universidades de <strong>Edimburgo<\/strong> y <strong>Glasgow<\/strong> (<strong>Escocia<\/strong>), <strong>2 de cada 10 noticia<\/strong>s aparecen antes en\u00a0<strong>Twitter<\/strong> que en los medios tradicionales. Este informe analiza la evoluci\u00f3n de las informaciones en la <strong>Red<\/strong> entre los meses de junio y septiembre de 2011.<\/p>\n<p>&nbsp;<\/p>\n<p>Seg\u00fan las conclusiones que se publican en la<a href=\"http:\/\/www.ed.ac.uk\/news\/2013\/twitter-040713\" target=\"_blank\" rel=\"external nofollow\"> web de la <strong>Universidad<\/strong> de <strong>Edimburgo<\/strong><\/a>, los cient\u00edficos desarrollaron un programa inform\u00e1tico que analiz\u00f3 51 millones de \u2018tuits\u2019 en ese periodo y los compar\u00f3 con noticias de <strong>The New York Times<\/strong>, la <strong>BBC<\/strong> o la <strong>CNN<\/strong>, entre otros.<\/p>\n<p>&nbsp;<\/p>\n<p><a href=\"\/soyfriki\/wp-content\/uploads\/sites\/14\/2013\/07\/6a00e552985c0d88330192abf658f1970d-500wi.jpg\"><img loading=\"lazy\" class=\"alignright  wp-image-926\" title=\"Cuadro de eventos anunciados en Twitter\" src=\"\/soyfriki\/wp-content\/uploads\/sites\/14\/2013\/07\/6a00e552985c0d88330192abf658f1970d-500wi.jpg\" alt=\"\" width=\"320\" height=\"270\" srcset=\"https:\/\/static-blogs.diariosur.es\/wp-content\/uploads\/sites\/14\/2013\/07\/6a00e552985c0d88330192abf658f1970d-500wi.jpg 500w, https:\/\/static-blogs.diariosur.es\/wp-content\/uploads\/sites\/14\/2013\/07\/6a00e552985c0d88330192abf658f1970d-500wi-300x253.jpg 300w\" sizes=\"(max-width: 320px) 100vw, 320px\" \/><\/a>Un breve cuadro destacado por <a href=\"http:\/\/233grados.lainformacion.com\/blog\/2013\/07\/twitter-contra-los-medios-un-estudio-analiza-qui%C3%A9n-da-las-noticias-primero.html\" target=\"_blank\" rel=\"external nofollow\"><strong>233grados<\/strong> <\/a>en su web, muestra muchos de los casos en los que <strong>Twitter<\/strong> se ha adelantado a los medios, como en el <a href=\"http:\/\/www.diariosur.es\/rc\/20110823\/mundo\/eeuu-terremoto-evacuacion-capitolio-201108232006.html\" target=\"_blank\" rel=\"external nofollow\"><strong>terremoto de Virginia<\/strong> <\/a>(23 de agosto de 2011) o la <strong><a href=\"http:\/\/www.diariosur.es\/rc\/20110731\/mundo\/atasco-evito-masacre-mayor-201107311010.html\" target=\"_blank\" rel=\"external nofollow\">masacre en Oslo<\/a><\/strong> (22 de julio de 2011).<\/p>\n<p>&nbsp;<\/p>\n<p>Es cierto que si estoy a pie de calle y veo un incendio, as\u00ed como siento un <strong>terremoto<\/strong> u oigo <strong>disparos<\/strong>, lo tuiteo. Pero eso no le da categor\u00eda de noticia. Los medios son responsables de ofrecer una <strong>informaci\u00f3n veraz<\/strong>, de ah\u00ed que en ocasiones se den leves retrasos. Pero aqu\u00ed los medios no pretenden alarmar, si no informar.<\/p>\n<p>&nbsp;<\/p>\n<p>Los medios de comunicaci\u00f3n tienen un largo recorrido como prescriptores. A pesar de que en ocasiones <strong>Twitter<\/strong> se adelanta, los propios autores del estudio no creen que \u00e9ste vaya a sustituir a los medios en la cobertura de los grandes temas. Porque entre el detalle de una explosi\u00f3n y la <strong>respuesta a las 5 W<\/strong>, distan m\u00e1s de <strong>140 caracteres<\/strong>. Y eso es el <strong>periodismo<\/strong>. Es lo que, hoy por hoy, <strong>diferencia al tuit de la noticia<\/strong>.<\/p>\n<p>&nbsp;<\/p>\n<p>Por cierto, el pr\u00f3ximo estudio deber\u00eda ser cu\u00e1ntos &#8216;tuits&#8217; que se venden como noticias y acaban por no serlo&#8230;<\/p>\n","protected":false},"excerpt":{"rendered":"<p>&nbsp; Seg\u00fan un estudio cient\u00edfico llevado a cabo por las universidades de Edimburgo y Glasgow (Escocia), 2 de cada 10 noticias aparecen antes en\u00a0Twitter que en los medios tradicionales. Este informe analiza la evoluci\u00f3n de las informaciones en la Red entre los meses de junio y septiembre de 2011. &nbsp; Seg\u00fan las conclusiones que se [&hellip;]<\/p>\n","protected":false},"author":7,"featured_media":0,"comment_status":"open","ping_status":"open","sticky":false,"template":"","format":"standard","meta":[],"categories":[8,11],"tags":[244,618,483],"_links":{"self":[{"href":"https:\/\/blogs.diariosur.es\/soyfriki\/wp-json\/wp\/v2\/posts\/925"}],"collection":[{"href":"https:\/\/blogs.diariosur.es\/soyfriki\/wp-json\/wp\/v2\/posts"}],"about":[{"href":"https:\/\/blogs.diariosur.es\/soyfriki\/wp-json\/wp\/v2\/types\/post"}],"author":[{"embeddable":true,"href":"https:\/\/blogs.diariosur.es\/soyfriki\/wp-json\/wp\/v2\/users\/7"}],"replies":[{"embeddable":true,"href":"https:\/\/blogs.diariosur.es\/soyfriki\/wp-json\/wp\/v2\/comments?post=925"}],"version-history":[{"count":0,"href":"https:\/\/blogs.diariosur.es\/soyfriki\/wp-json\/wp\/v2\/posts\/925\/revisions"}],"wp:attachment":[{"href":"https:\/\/blogs.diariosur.es\/soyfriki\/wp-json\/wp\/v2\/media?parent=925"}],"wp:term":[{"taxonomy":"category","embeddable":true,"href":"https:\/\/blogs.diariosur.es\/soyfriki\/wp-json\/wp\/v2\/categories?post=925"},{"taxonomy":"post_tag","embeddable":true,"href":"https:\/\/blogs.diariosur.es\/soyfriki\/wp-json\/wp\/v2\/tags?post=925"}],"curies":[{"name":"wp","href":"https:\/\/api.w.org\/{rel}","templated":true}]}}