{"id":929,"date":"2013-08-28T13:22:58","date_gmt":"2013-08-28T11:22:58","guid":{"rendered":"http:\/\/blogs.diariosur.es\/soyfriki\/?p=929"},"modified":"2013-08-28T13:22:58","modified_gmt":"2013-08-28T11:22:58","slug":"la-iv-edicion-de-malaga-valley-network-meeting-en-noviembre","status":"publish","type":"post","link":"https:\/\/blogs.diariosur.es\/soyfriki\/2013\/08\/28\/la-iv-edicion-de-malaga-valley-network-meeting-en-noviembre\/","title":{"rendered":"La IV edici\u00f3n de M\u00e1laga Valley Network Meeting, en noviembre"},"content":{"rendered":"<p><span style=\"color: #000000;\">El <strong><a href=\"http:\/\/malagavalleynetworking.com\/\" rel=\"external nofollow\">M\u00e1laga Valley Network Meeting<\/a><\/strong> cap\u00edtulo 4 ya tiene fecha. Est\u00e1 convocado para el pr\u00f3ximo <strong>viernes 15 de noviembre<\/strong>, esta vez en un gigantesco espacio, \u00a0el <strong>Palacio de Deportes Jos\u00e9 Mar\u00eda Mart\u00edn Carpena de M\u00e1laga<\/strong>.\u00a0<\/span>Seg\u00fan afirman los organizadores, la de oto\u00f1o ser\u00e1 la edici\u00f3n m\u00e1s ambiciosa de este evento y que durar\u00e1 de 17 a 22 horas.<\/p>\n<p><span style=\"color: #000000;\">Se repetir\u00e1n <strong>espacios<\/strong> de intercambios de tarjetas, <strong>formaci\u00f3n<\/strong>, <strong>streaming<\/strong>, <strong>juegos<\/strong>, <strong>cooperaci\u00f3n<\/strong> y sinergias o <strong>whatsapp<\/strong>, entre otros,\u00a0que tan din\u00e1mico hicieron el evento en ediciones anteriores. \u00a0Un\u00a0espacio de <strong>innovaci\u00f3n<\/strong> para hacer un <strong>networking<\/strong> diferente. Un original encuentro que cuenta con tres ediciones y que ya han reunido a m\u00e1s de 1.250 personas.\u00a0<\/span><\/p>\n<p><span style=\"color: #000000;\">\u25a0\u00a0<strong>M\u00e1s informaci\u00f3n &#8211;<\/strong>\u00a0<a href=\"http:\/\/malagavalleynetworking.com\/\" rel=\"external nofollow\"><span style=\"color: #000000;\">www.malagavalleynetworking.com<\/span><\/a><\/span><\/p>\n<p><span style=\"color: #000000;\">\u25a0\u00a0<strong>Entradas &#8211;\u00a0<\/strong><a href=\"http:\/\/www.ticketea.com\/malaga-valley-network-meeting-4\" rel=\"external nofollow\"><span style=\"color: #000000;\">www.ticketea.com\/malaga-valley-network-meeting-4<\/span><\/a><\/span><\/p>\n","protected":false},"excerpt":{"rendered":"<p>El M\u00e1laga Valley Network Meeting cap\u00edtulo 4 ya tiene fecha. Est\u00e1 convocado para el pr\u00f3ximo viernes 15 de noviembre, esta vez en un gigantesco espacio, \u00a0el Palacio de Deportes Jos\u00e9 Mar\u00eda Mart\u00edn Carpena de M\u00e1laga.\u00a0Seg\u00fan afirman los organizadores, la de oto\u00f1o ser\u00e1 la edici\u00f3n m\u00e1s ambiciosa de este evento y que durar\u00e1 de 17 a [&hellip;]<\/p>\n","protected":false},"author":7,"featured_media":0,"comment_status":"open","ping_status":"open","sticky":false,"template":"","format":"standard","meta":[],"categories":[9],"tags":[159,281,320,388,619],"_links":{"self":[{"href":"https:\/\/blogs.diariosur.es\/soyfriki\/wp-json\/wp\/v2\/posts\/929"}],"collection":[{"href":"https:\/\/blogs.diariosur.es\/soyfriki\/wp-json\/wp\/v2\/posts"}],"about":[{"href":"https:\/\/blogs.diariosur.es\/soyfriki\/wp-json\/wp\/v2\/types\/post"}],"author":[{"embeddable":true,"href":"https:\/\/blogs.diariosur.es\/soyfriki\/wp-json\/wp\/v2\/users\/7"}],"replies":[{"embeddable":true,"href":"https:\/\/blogs.diariosur.es\/soyfriki\/wp-json\/wp\/v2\/comments?post=929"}],"version-history":[{"count":0,"href":"https:\/\/blogs.diariosur.es\/soyfriki\/wp-json\/wp\/v2\/posts\/929\/revisions"}],"wp:attachment":[{"href":"https:\/\/blogs.diariosur.es\/soyfriki\/wp-json\/wp\/v2\/media?parent=929"}],"wp:term":[{"taxonomy":"category","embeddable":true,"href":"https:\/\/blogs.diariosur.es\/soyfriki\/wp-json\/wp\/v2\/categories?post=929"},{"taxonomy":"post_tag","embeddable":true,"href":"https:\/\/blogs.diariosur.es\/soyfriki\/wp-json\/wp\/v2\/tags?post=929"}],"curies":[{"name":"wp","href":"https:\/\/api.w.org\/{rel}","templated":true}]}}