{"id":952,"date":"2013-09-23T13:46:39","date_gmt":"2013-09-23T11:46:39","guid":{"rendered":"http:\/\/blogs.diariosur.es\/soyfriki\/?p=952"},"modified":"2013-09-23T13:46:39","modified_gmt":"2013-09-23T11:46:39","slug":"curso-de-creatividad-real-unas-jornadas-diferentes-en-la-base","status":"publish","type":"post","link":"https:\/\/blogs.diariosur.es\/soyfriki\/2013\/09\/23\/curso-de-creatividad-real-unas-jornadas-diferentes-en-la-base\/","title":{"rendered":"Curso de Creatividad Real, unas jornadas diferentes en La Base"},"content":{"rendered":"<p><a href=\"\/soyfriki\/wp-content\/uploads\/sites\/14\/2013\/09\/primeras_jornadas21.png\"><img loading=\"lazy\" class=\"aligncenter size-full wp-image-953\" title=\"primeras_jornadas2[1]\" src=\"\/soyfriki\/wp-content\/uploads\/sites\/14\/2013\/09\/primeras_jornadas21-e1379936047913.png\" alt=\"\" width=\"647\" height=\"269\" srcset=\"https:\/\/static-blogs.diariosur.es\/wp-content\/uploads\/sites\/14\/2013\/09\/primeras_jornadas21-e1379936047913.png 647w, https:\/\/static-blogs.diariosur.es\/wp-content\/uploads\/sites\/14\/2013\/09\/primeras_jornadas21-e1379936047913-300x125.png 300w\" sizes=\"(max-width: 647px) 100vw, 647px\" \/><\/a><\/p>\n<p><span style=\"font-size: medium;\">Los se\u00f1ores de<strong><a href=\"http:\/\/www.somoslabase.com\/curso-creatividad\/\" target=\"_blank\" rel=\"external nofollow\"> La Base, la Escuela de Alto Rendimiento Creativo de El Cuartel<\/a><\/strong>, han convocado su primer <strong>curso<\/strong> (o ll\u00e1malo<strong> jornada de formaci\u00f3n<\/strong>) de <a href=\"http:\/\/www.somoslabase.com\/curso-creatividad\/\" target=\"_blank\" rel=\"external nofollow\"><strong>Creatividad Real<\/strong> <\/a>definida por ellos mismos como &#8220;diferente&#8221; y &#8220;productiva&#8221;.<\/span><\/p>\n<p><span style=\"font-size: medium;\">Lo cierto es que diferente es. Se trata de 2 d\u00edas intensivos, <strong>27 y 28 de septiembre<\/strong> en los que conocer c\u00f3mo naci\u00f3 y se desarroll\u00f3 la <strong>campa\u00f1a &#8216;Pueblos&#8217; de Aquarius<\/strong>, de la mano de su <strong>Director Creativo-Ejecutivo: C\u00e9sar Garc\u00eda (Sra. Rushmore)<\/strong>.<\/span><\/p>\n<p><iframe loading=\"lazy\" src=\"\/\/www.youtube.com\/embed\/OpaHvG-OQms?rel=0\" frameborder=\"0\" width=\"647\" height=\"360\"><\/iframe><\/p>\n<p><span style=\"font-size: medium;\">Eso es la guinda del pastel. Primero, el viernes, una serie de charlas especializadas sobre <strong>Direcci\u00f3n de Cuentas<\/strong> y <strong>Creatividad<\/strong> con la gente de <strong>El Cuartel<\/strong>: <strong>Alfonso P\u00e9rez<\/strong>, <strong>Pilar Ruiz<\/strong> o <strong>Sora Sans<\/strong> entre otros. El s\u00e1bado, lo mejor, las <strong>jornadas pr\u00e1cticas<\/strong> donde demostrar tu talento presentando ideas para un <strong>briefing<\/strong>, con 4 horas de creatividad contrarreloj y un <strong>Premio Maniobras 2013<\/strong> para la mejor campa\u00f1a.<\/span><\/p>\n<p><span style=\"font-size: medium;\">Os dejo m\u00e1s <strong>informaci\u00f3n\u00a0<\/strong>de un s\u00f3lo vistazo por si os parece interesante:<\/span><\/p>\n<p><a href=\"\/soyfriki\/wp-content\/uploads\/sites\/14\/2013\/09\/infografia_curso_labase1-e1379936407116.jpg\"><img loading=\"lazy\" class=\"aligncenter size-full wp-image-954\" title=\"infografia_curso_labase[1]\" src=\"\/soyfriki\/wp-content\/uploads\/sites\/14\/2013\/09\/infografia_curso_labase1-e1379936407116.jpg\" alt=\"\" width=\"640\" height=\"1158\" srcset=\"https:\/\/static-blogs.diariosur.es\/wp-content\/uploads\/sites\/14\/2013\/09\/infografia_curso_labase1-e1379936407116.jpg 640w, https:\/\/static-blogs.diariosur.es\/wp-content\/uploads\/sites\/14\/2013\/09\/infografia_curso_labase1-e1379936407116-166x300.jpg 166w, https:\/\/static-blogs.diariosur.es\/wp-content\/uploads\/sites\/14\/2013\/09\/infografia_curso_labase1-e1379936407116-566x1024.jpg 566w\" sizes=\"(max-width: 640px) 100vw, 640px\" \/><\/a><\/p>\n<p><span style=\"font-size: medium;\">Quedan pocas plazas pero podr\u00e1s alistarte todav\u00eda de 2 formas:<\/span><\/p>\n<ul>\n<li><span style=\"font-size: medium;\"><a href=\"https:\/\/www.paypal.com\/cgi-bin\/webscr?cmd=_s-xclick&#038;hosted_button_id=B3FH8FM6PUCPG\" target=\"_blank\" rel=\"external nofollow\">Con Matr\u00edcula General: 250\u20ac<\/a><\/span><\/li>\n<li><span style=\"font-size: medium;\"><a href=\"https:\/\/www.paypal.com\/cgi-bin\/webscr?cmd=_s-xclick&#038;hosted_button_id=94PBPX34K4KF2\" target=\"_blank\" rel=\"external nofollow\">Con Matr\u00edcula para Grupos y miembros de la Asociaci\u00f3n de la Prensa de M\u00e1laga: 150\u20ac por persona.<\/a><\/span><\/li>\n<\/ul>\n","protected":false},"excerpt":{"rendered":"<p>Los se\u00f1ores de La Base, la Escuela de Alto Rendimiento Creativo de El Cuartel, han convocado su primer curso (o ll\u00e1malo jornada de formaci\u00f3n) de Creatividad Real definida por ellos mismos como &#8220;diferente&#8221; y &#8220;productiva&#8221;. Lo cierto es que diferente es. Se trata de 2 d\u00edas intensivos, 27 y 28 de septiembre en los que [&hellip;]<\/p>\n","protected":false},"author":5,"featured_media":0,"comment_status":"open","ping_status":"open","sticky":false,"template":"","format":"standard","meta":[],"categories":[5,7],"tags":[],"_links":{"self":[{"href":"https:\/\/blogs.diariosur.es\/soyfriki\/wp-json\/wp\/v2\/posts\/952"}],"collection":[{"href":"https:\/\/blogs.diariosur.es\/soyfriki\/wp-json\/wp\/v2\/posts"}],"about":[{"href":"https:\/\/blogs.diariosur.es\/soyfriki\/wp-json\/wp\/v2\/types\/post"}],"author":[{"embeddable":true,"href":"https:\/\/blogs.diariosur.es\/soyfriki\/wp-json\/wp\/v2\/users\/5"}],"replies":[{"embeddable":true,"href":"https:\/\/blogs.diariosur.es\/soyfriki\/wp-json\/wp\/v2\/comments?post=952"}],"version-history":[{"count":0,"href":"https:\/\/blogs.diariosur.es\/soyfriki\/wp-json\/wp\/v2\/posts\/952\/revisions"}],"wp:attachment":[{"href":"https:\/\/blogs.diariosur.es\/soyfriki\/wp-json\/wp\/v2\/media?parent=952"}],"wp:term":[{"taxonomy":"category","embeddable":true,"href":"https:\/\/blogs.diariosur.es\/soyfriki\/wp-json\/wp\/v2\/categories?post=952"},{"taxonomy":"post_tag","embeddable":true,"href":"https:\/\/blogs.diariosur.es\/soyfriki\/wp-json\/wp\/v2\/tags?post=952"}],"curies":[{"name":"wp","href":"https:\/\/api.w.org\/{rel}","templated":true}]}}