{"id":957,"date":"2013-10-01T21:02:59","date_gmt":"2013-10-01T19:02:59","guid":{"rendered":"http:\/\/blogs.diariosur.es\/soyfriki\/?p=957"},"modified":"2013-10-01T21:02:59","modified_gmt":"2013-10-01T19:02:59","slug":"cesar-garcia-director-creativo-de-sra-rushmore-y-su-fucking-theories-theory","status":"publish","type":"post","link":"https:\/\/blogs.diariosur.es\/soyfriki\/2013\/10\/01\/cesar-garcia-director-creativo-de-sra-rushmore-y-su-fucking-theories-theory\/","title":{"rendered":"C\u00e9sar Garc\u00eda, Director Creativo de Sra. Rushmore, y su Fucking&#039; Theories Theory"},"content":{"rendered":"<div class=\"mceTemp\" style=\"text-align: left;\">\n<dl id=\"attachment_962\" class=\"wp-caption    alignnone\" style=\"width: 657px;\">\n<dt class=\"wp-caption-dt\"><a href=\"\/soyfriki\/wp-content\/uploads\/sites\/14\/2013\/10\/cesargarcia.jpg\"><img loading=\"lazy\" class=\"size-full wp-image-962\" title=\"Cesar Garc\u00eda, director Creativo sra. rushmore\" src=\"\/soyfriki\/wp-content\/uploads\/sites\/14\/2013\/10\/cesargarcia.jpg\" alt=\"Cesar Garc\u00eda, director Creativo sra. rushmore\" width=\"647\" height=\"273\" srcset=\"https:\/\/static-blogs.diariosur.es\/wp-content\/uploads\/sites\/14\/2013\/10\/cesargarcia.jpg 647w, https:\/\/static-blogs.diariosur.es\/wp-content\/uploads\/sites\/14\/2013\/10\/cesargarcia-300x127.jpg 300w\" sizes=\"(max-width: 647px) 100vw, 647px\" \/><\/a><\/dt>\n<dd class=\"wp-caption-dd\">Cesar Garc\u00eda cerr\u00f3 el primer Curso de Creatividad organizado por La Base. | I.G.<\/dd>\n<\/dl>\n<\/div>\n<p>&nbsp;<\/p>\n<p><span style=\"font-size: small;\">La agencia de publicidad <strong>Sra. Rushmore<\/strong>, de la que es <strong>socio y Director Creativo C\u00e9sar Garc\u00eda<\/strong>, ha parido anuncios que ya forman parte del imaginario de una generaci\u00f3n: <strong>Aquarius<\/strong>, <strong>Atl\u00e9tico de Madrid<\/strong> o<strong> ING Direct<\/strong>. Y Garc\u00eda visitaba el pasado fin de semana <strong>M\u00e1laga<\/strong>, para inaugurar del primer <strong>Curso de Creatividad y Estrategia<\/strong> organizado por <strong>Escuela La Base<\/strong> -perteneciente a<strong> la agencia El Cuartel<\/strong>&#8211; en<strong> La T\u00e9rmica<\/strong>. Este <strong>Sra. Rushmore<\/strong> sorprendi\u00f3 con su estilo directo en una charla que titul\u00f3<strong> \u2018The Fucking&#8217; Theories Theory\u2019<\/strong> o <strong>\u2018La Teor\u00eda de las Jodidas Teor\u00edas\u2019<\/strong>.<\/span><\/p>\n<p>&nbsp;<\/p>\n<p><img loading=\"lazy\" class=\"alignright size-medium wp-image-959\" title=\"IMG_5389\" src=\"\/soyfriki\/wp-content\/uploads\/sites\/14\/2013\/10\/IMG_5389.jpg\" alt=\"\" width=\"224\" height=\"300\" srcset=\"https:\/\/static-blogs.diariosur.es\/wp-content\/uploads\/sites\/14\/2013\/10\/IMG_5389.jpg 660w, https:\/\/static-blogs.diariosur.es\/wp-content\/uploads\/sites\/14\/2013\/10\/IMG_5389-225x300.jpg 225w\" sizes=\"(max-width: 224px) 100vw, 224px\" \/><\/p>\n<p><span style=\"font-size: small; color: #333399;\"><strong>Nos hemos enterado que existe una conexi\u00f3n malague\u00f1a de C\u00e9sar Garc\u00eda.<\/strong><\/span><br \/>\nMi mujer es malague\u00f1a de pura cepa, de <strong>Pedregalejo<\/strong>. Voy mucho a casa de mi suegra, con lo que me puedo considerar medio malague\u00f1o. Vamos, tengo mi Tarjeta del <strong>Alb\u00e9niz<\/strong> y me declaro fan de<strong> El Cale\u00f1o<\/strong>. \u00a1No te digo m\u00e1s!<\/p>\n<p><span style=\"font-size: small; color: #333399;\"><strong>Entonces, \u00bfc\u00f3mo ves el nivel de las agencias en M\u00e1laga?<\/strong><\/span><br \/>\nS\u00e9 que hay gente muy buena trabajando, pero lo cierto es que en <strong>Madrid<\/strong> y <strong>Barcelona<\/strong> se juega la <strong>Champions League<\/strong> del <strong>mercado publicitario<\/strong>, porque se llevan el 75% del negocio. <strong>M\u00e1laga<\/strong> trabaja un mercado fundamentalmente local con gente muy solvente. Si me preguntas por concreciones te dir\u00e9 que ni idea. S\u00f3lo me suena esa marquesina de autob\u00fas en Semana Santa que dice \u2018Enci\u00e9rralo\u2019. Dir\u00eda que es \u2018apa\u00f1\u00e1\u2019.<\/p>\n<p><span style=\"font-size: small; color: #333399;\"><strong>Coca-Cola, ING, Aquarius&#8230; \u00bfC\u00f3mo se hace una love mark?<\/strong><\/span><br \/>\nNosotros hemos vivido en la agencia casos fascinantes como el de <strong>ING<\/strong>. Un banco, que hace a\u00f1os era como <strong>Cofidis<\/strong> y hac\u00eda <strong>testimoniales<\/strong> con se\u00f1oras en una mesa camilla dicendo eso de \u201cse ahorra tacita a tacita\u201d. Y ahora resulta que, dentro del sector de los bancos, el que peor cae del mundo, es la <strong>marca<\/strong> m\u00e1s valorada y con mayor intenci\u00f3n de compra por parte de sus no clientes. \u00bfC\u00f3mo se hace? Pues como dicen <strong>las leyes de la publicidad<\/strong>, si tienes una buena campa\u00f1a de un mal producto, s\u00f3lo te servir\u00e1 para que se hunda antes. El producto tiene que responder, pero la <strong>publicidad<\/strong> tiene que ayudar a cambiar la percepci\u00f3n del mismo. Con <strong>Aquarius<\/strong> hicimos pr\u00e1cticamente lo mismo, y dej\u00f3 de ser una bebida para deportistas.<\/p>\n<p><span style=\"font-size: small; color: #333399;\"><strong>\u00bfA cu\u00e1l de sus hijas le tiene m\u00e1s cari\u00f1o?<\/strong><\/span><br \/>\nRecuerdo una campa\u00f1a de <strong>ING Direct<\/strong>. Ten\u00eda que llegar cada d\u00eda a mi oficina de Gran V\u00eda pasando entre las masas del <strong>15-M<\/strong> y, mira, yo trabajando para un banco. Y nos sali\u00f3 aquello de <strong>\u2018Es el momento de desaprender\u2019<\/strong> que saqu\u00e9 de una visita guiada al <strong>Museo Picasso de M\u00e1laga<\/strong>, precisamente. <strong>Picasso<\/strong> era un pintor excelente y, cuando ya lo supo todo, empez\u00f3 a <strong>desaprender<\/strong>. La campa\u00f1a les funcion\u00f3 fant\u00e1sticamente. Y tambi\u00e9n la del<strong> Atl\u00e9tico de Madrid<\/strong>, una campa\u00f1a por la que no cobramos ni un duro desde el principio y que hacemos por amor a los colores. Es un equipo con una <strong>publicidad<\/strong> reconocible que consigui\u00f3 que al segundo a\u00f1o de estar en Segunda Divisi\u00f3n, batiera el r\u00e9cord de abonados. Nadie hac\u00eda este tipo de <strong>publicidad en el f\u00fatbol<\/strong> y ahora todos la tienen. Pero ninguno ha llegado a ser la sombra de la del <strong>Atleti<\/strong>.<\/p>\n<p><strong>Es pedirte mucho, pero \u00bfcu\u00e1l es tu proceso de trabajo?<\/strong><br \/>\n<span style=\"font-size: small;\"> Indudablemente lo fundamental es el <strong>cliente<\/strong>, no la <strong>agencia<\/strong>. Tener un t\u00edo con talento frente a ti. Cualquiera que haya estudiado econ\u00f3micas se cree que sabe, pero necesita <strong>olfato<\/strong>. El mismo chiste contado por Chiquito y por un enterrador, no tiene la misma gracia. La base en el <strong>producto<\/strong> es fundamental. Y, sobre todo, compartir desde el coraz\u00f3n de la gente. Eso es lo fundamental, por lo dem\u00e1s no creo en <strong>teor\u00edas<\/strong> y f\u00f3rmulas.<\/span><\/p>\n<p><span style=\"font-size: small; color: #333399;\"><strong>\u00bfUna pieza admirada de la competencia?<\/strong><\/span><br \/>\nClaro que hay campa\u00f1ones. Por ejemplo, todo lo que se ha hecho con <strong>Campofr\u00edo<\/strong> desde hace cinco a\u00f1os. Es una marca de embutidos, que nunca ha sido especialmente relevante, y ahora a la gente le encantan los anuncios de <strong>Campofr\u00edo<\/strong>. Eso, a la hora de elegir en un supermercado siempre te da una descarga de adrenalina.<\/p>\n<p><strong><a href=\"\/soyfriki\/wp-content\/uploads\/sites\/14\/2013\/10\/IMG_2008.jpg\"><img loading=\"lazy\" class=\"alignright size-medium wp-image-960\" title=\"Cesar Garc\u00eda, director Creativo de Sra. Rushmore\" src=\"\/soyfriki\/wp-content\/uploads\/sites\/14\/2013\/10\/IMG_2008.jpg\" alt=\"\" width=\"208\" height=\"300\" srcset=\"https:\/\/static-blogs.diariosur.es\/wp-content\/uploads\/sites\/14\/2013\/10\/IMG_2008.jpg 666w, https:\/\/static-blogs.diariosur.es\/wp-content\/uploads\/sites\/14\/2013\/10\/IMG_2008-208x300.jpg 208w\" sizes=\"(max-width: 208px) 100vw, 208px\" \/><\/a><\/strong><\/p>\n<p><span style=\"color: #333399;\"><strong>\u00bfHa llegado la crisis al mundo de la publicidad?<\/strong><\/span><br \/>\n<span style=\"font-size: small;\"> Hemos sufrido un armaged\u00f3n, porque todas las empresas van mal y tienen menos presupuestos para <strong>marketing<\/strong> y <strong>agencias<\/strong>, claro est\u00e1. La mayor\u00eda de mis amigos que trabajan en <strong>publicidad<\/strong> est\u00e1n en la calle. Han acabado con la clase media y aqu\u00ed s\u00f3lo han quedado gerifaltes y becarios que cobran poco. Un drama.<\/span><\/p>\n<p><span style=\"font-size: small; color: #333399;\"><strong>\u00bfSe puede sacar un enfoque positivo de todo lo que est\u00e1 sucediendo?<\/strong><\/span><br \/>\nNosotros hacemos <strong>campa\u00f1as<\/strong> que marcadamente hablan de la crisis. Odio las charlas en general, y sobre todo esas en las que oyes el t\u00f3pico de \u201cla falta de recursos y la crisis agudiza el ingenio\u201d. Le dir\u00eda que se metiera la crisis por donde le quepa. Que no nos fastidien que en este pa\u00eds hay gente robando carros en los supermercados. \u00bfNo dice que fomenta la creatividad? Pues en vez de ir a <strong>Estados Unidos<\/strong>, v\u00e1yase a trabajar a <strong>Ruanda<\/strong> y ser\u00e1 inmensamente feliz.<\/p>\n<p><span style=\"font-size: small; color: #333399;\"><strong>\u00bfUsted tambi\u00e9n es de esos que piensan que la publicidad tradicional ha muerto?<\/strong><\/span><br \/>\nContrariamente a lo que se creen los te\u00f3ricos \u2013los que no trabajan en el d\u00eda a d\u00eda en esto- la esencia es la misma. Partes de una idea y, como en una jugada de ajedrez con el <strong>consumidor<\/strong>, tienes que convencerlo de comprar esto o aquello. S\u00ed que ha cambiado que ahora a\u00f1ades a televisi\u00f3n, radio y prensa, el c\u00f3mo vas a articular todo ese discurso en <strong>redes sociales<\/strong>. Pero todo desde una misma <strong>agencia<\/strong>. El discurso err\u00f3neo es poner el foco en la tecnolog\u00eda, el correcto es ponerlo en la idea.<\/p>\n<p><span style=\"font-size: small; color: #333399;\"><strong>Es reconfortante ver que, como otros grandes creativos, t\u00fa no tienes un ego gigante.<\/strong><\/span><br \/>\nNo me siento como gran <strong>creativo<\/strong>. El d\u00eda que te creas grande, lo tienes mal. Camar\u00f3n que se relaja, se lo lleva la corriente. La gente se cree que trabajo en una chaise-longe fumado un porro y de repente entrecierro los ojos y digo: \u201cya lo tengo, el sabor de la buena mesa\u201d. Pero eso no es as\u00ed, es algo para lo que vives 24 horas al d\u00eda. Normalmente el que es grande en esto mezcla <strong>talento<\/strong> y la capacidad de currar como una bestia, a partes iguales. Porque las <strong>campa\u00f1as<\/strong> s\u00f3lo surgen de la obsesi\u00f3n.<\/p>\n<p><span style=\"font-size: medium;\"><span style=\"font-size: small;\"><strong><span style=\"color: #333399;\">Debe ser porque usted tiene alma de repartidos de pollos.<\/span><\/strong><br \/>\nLa mayor\u00eda de los <strong>creativos<\/strong> gordos no han estudiado publicidad. Hicieron filolog\u00eda, bellas artes, econ\u00f3micas\u2026 Han absorbido vida en la calle y luego lo han vomitado en su trabajo. Me parece una estupidez que exista una <strong>carrera<\/strong> de <strong>publicidad<\/strong> y, peor, que alguien la estudie. Esto es un <strong>oficio<\/strong>. Yo empec\u00e9 como <strong>repartidor de pollos<\/strong> y uno de los socios de mi <strong>agencia<\/strong> como repartidor de quesos. Aprendes m\u00e1s con eso que con <strong>teor\u00edas de la comunicaci\u00f3n<\/strong> y presentaciones en \u2018power point\u2019, porque eso no es la vida real. Y yo me ca\u00ed en la marmita de la realidad cuando era joven.<\/span><\/span><\/p>\n<p><span style=\"color: #333399;\"><strong>SUS CAMPA\u00d1AS M\u00c1S SONADAS<\/strong><\/span><\/p>\n<p><iframe loading=\"lazy\" src=\"\/\/www.youtube.com\/embed\/hwdpjUfzaC0?rel=0\" frameborder=\"0\" width=\"647\" height=\"360\"><\/iframe><\/p>\n<p><iframe loading=\"lazy\" src=\"\/\/www.youtube.com\/embed\/VrlPrPi0F3s?rel=0\" frameborder=\"0\" width=\"647\" height=\"360\"><\/iframe><\/p>\n<p><iframe loading=\"lazy\" src=\"\/\/www.youtube.com\/embed\/ocvaRk0Ib48?list=PLC2A3FEE8F8A9F33B\" frameborder=\"0\" width=\"647\" height=\"360\"><\/iframe><\/p>\n<p><iframe loading=\"lazy\" src=\"\/\/www.youtube.com\/embed\/xMEGJWsBrGw?rel=0\" frameborder=\"0\" width=\"647\" height=\"360\"><\/iframe><\/p>\n<p><iframe loading=\"lazy\" src=\"\/\/www.youtube.com\/embed\/3h51X7pObtY?rel=0\" frameborder=\"0\" width=\"647\" height=\"360\"><\/iframe><\/p>\n<p><iframe loading=\"lazy\" src=\"\/\/www.youtube.com\/embed\/vaMI-sHpGro?rel=0\" frameborder=\"0\" width=\"647\" height=\"360\"><\/iframe><\/p>\n<p><iframe loading=\"lazy\" src=\"\/\/www.youtube.com\/embed\/09i8uF95G5k?rel=0\" frameborder=\"0\" width=\"647\" height=\"360\"><\/iframe><\/p>\n<p><iframe loading=\"lazy\" src=\"\/\/www.youtube.com\/embed\/YClNIVKabm4?rel=0\" frameborder=\"0\" width=\"647\" height=\"360\"><\/iframe><\/p>\n<p><iframe loading=\"lazy\" src=\"\/\/www.youtube.com\/embed\/bB9IjzzhmjE?rel=0\" frameborder=\"0\" width=\"640\" height=\"360\"><\/iframe><\/p>\n","protected":false},"excerpt":{"rendered":"<p>Cesar Garc\u00eda cerr\u00f3 el primer Curso de Creatividad organizado por La Base. | I.G. &nbsp; La agencia de publicidad Sra. Rushmore, de la que es socio y Director Creativo C\u00e9sar Garc\u00eda, ha parido anuncios que ya forman parte del imaginario de una generaci\u00f3n: Aquarius, Atl\u00e9tico de Madrid o ING Direct. Y Garc\u00eda visitaba el pasado [&hellip;]<\/p>\n","protected":false},"author":7,"featured_media":0,"comment_status":"open","ping_status":"open","sticky":false,"template":"","format":"standard","meta":[],"categories":[5,7],"tags":[],"_links":{"self":[{"href":"https:\/\/blogs.diariosur.es\/soyfriki\/wp-json\/wp\/v2\/posts\/957"}],"collection":[{"href":"https:\/\/blogs.diariosur.es\/soyfriki\/wp-json\/wp\/v2\/posts"}],"about":[{"href":"https:\/\/blogs.diariosur.es\/soyfriki\/wp-json\/wp\/v2\/types\/post"}],"author":[{"embeddable":true,"href":"https:\/\/blogs.diariosur.es\/soyfriki\/wp-json\/wp\/v2\/users\/7"}],"replies":[{"embeddable":true,"href":"https:\/\/blogs.diariosur.es\/soyfriki\/wp-json\/wp\/v2\/comments?post=957"}],"version-history":[{"count":0,"href":"https:\/\/blogs.diariosur.es\/soyfriki\/wp-json\/wp\/v2\/posts\/957\/revisions"}],"wp:attachment":[{"href":"https:\/\/blogs.diariosur.es\/soyfriki\/wp-json\/wp\/v2\/media?parent=957"}],"wp:term":[{"taxonomy":"category","embeddable":true,"href":"https:\/\/blogs.diariosur.es\/soyfriki\/wp-json\/wp\/v2\/categories?post=957"},{"taxonomy":"post_tag","embeddable":true,"href":"https:\/\/blogs.diariosur.es\/soyfriki\/wp-json\/wp\/v2\/tags?post=957"}],"curies":[{"name":"wp","href":"https:\/\/api.w.org\/{rel}","templated":true}]}}