{"id":984,"date":"2014-02-03T21:31:51","date_gmt":"2014-02-03T20:31:51","guid":{"rendered":"http:\/\/blogs.diariosur.es\/soyfriki\/?p=984"},"modified":"2014-02-03T21:31:51","modified_gmt":"2014-02-03T20:31:51","slug":"telegram-tu-alternativa-a-whatsapp-ya-en-espanol","status":"publish","type":"post","link":"https:\/\/blogs.diariosur.es\/soyfriki\/2014\/02\/03\/telegram-tu-alternativa-a-whatsapp-ya-en-espanol\/","title":{"rendered":"Telegram, tu alternativa a WhatsApp, ya en espa\u00f1ol"},"content":{"rendered":"<p><strong><a href=\"\/soyfriki\/wp-content\/uploads\/sites\/14\/2014\/02\/telegram-app1.jpg\"><img loading=\"lazy\" class=\"alignright size-medium wp-image-985\" title=\"telegram-app[1]\" src=\"\/soyfriki\/wp-content\/uploads\/sites\/14\/2014\/02\/telegram-app1.jpg\" alt=\"\" width=\"300\" height=\"189\" srcset=\"https:\/\/static-blogs.diariosur.es\/wp-content\/uploads\/sites\/14\/2014\/02\/telegram-app1.jpg 640w, https:\/\/static-blogs.diariosur.es\/wp-content\/uploads\/sites\/14\/2014\/02\/telegram-app1-300x190.jpg 300w\" sizes=\"(max-width: 300px) 100vw, 300px\" \/><\/a><a href=\"http:\/\/www.whatsapp.com\/?l=es\" target=\"_blank\" rel=\"external nofollow\">WhatsApp<\/a><\/strong>vive bajo la constante amenaza de perder una hegemon\u00eda que, por otra parte, hace bien poco por mantener. Es cierto, que siempre estamos que si <a href=\"http:\/\/line.me\/es\/\" target=\"_blank\" rel=\"external nofollow\"><strong>Line<\/strong> <\/a>y otras movidas, pero alguna vez caer\u00e1. \u00bfNo ser\u00e1 cierto eso de que s\u00f3lo lo mantiene el hecho de que todo el mundo lo tiene? Y as\u00ed, pues&#8230;<\/p>\n<p><a href=\"https:\/\/telegram.org\/apps\" rel=\"external nofollow\"><strong>Telegram<\/strong> <\/a>es una nueva aplicaci\u00f3n de mensajer\u00eda instant\u00e1nea <strong>gratuita<\/strong> (s\u00ed, lees bien) fuertemente <strong>encriptada<\/strong> (<strong>cifrada<\/strong>), dos cosas de las que no puede presumir la marca de la &#8216;<em>caca con ojos&#8217;<\/em>.<\/p>\n<p><strong>Telegram<\/strong> est\u00e1 basado en la <strong>nube<\/strong>, as\u00ed que sus usuarios pueden almacenar y compartir carchivos como fotos, v\u00eddeos o m\u00fasica con capacidad total de hasta 1GB sin llenar el m\u00f3vil de chistes y v\u00eddeos con chorradas de sus amigos. \u00a0Adem\u00e1s, <strong>Telegram<\/strong> es un servicio <strong>multiplataforma<\/strong>, es decir, que se puede acceder a \u00e9l desde distintos dispositivos y con versi\u00f3n para <a href=\"https:\/\/www.tdesktop.com\/\" target=\"_blank\" rel=\"external nofollow\"><strong>PC<\/strong> <\/a>y <strong><a href=\"http:\/\/zhukov.github.io\/webogram\" target=\"_blank\" rel=\"external nofollow\">web<\/a><\/strong>.<\/p>\n<div>Pero <strong>WhatsApp<\/strong> aprieta los dientes, b\u00e1sicamente porque\u00a0\u00a0<strong>Telegram<\/strong> se ha actualizado y ya se encuentra disponible en espa\u00f1ol para dispositivos <a href=\"https:\/\/itunes.apple.com\/us\/app\/telegram-messenger\/id686449807?ls=1&#038;mt=8\" target=\"_blank\" rel=\"external nofollow\"><strong>Android<\/strong> <\/a>en su versi\u00f3n 1.3.17.<\/div>\n<p><strong>Telegram<\/strong> tambi\u00e9n est\u00e1 <a href=\"https:\/\/play.google.com\/store\/apps\/details?id=org.telegram.messenger\" target=\"_blank\">para <strong>iOS<\/strong>, en la<strong> App Store<\/strong><\/a>, pero todav\u00eda en ingl\u00e9s<\/p>\n","protected":false},"excerpt":{"rendered":"<p>WhatsAppvive bajo la constante amenaza de perder una hegemon\u00eda que, por otra parte, hace bien poco por mantener. Es cierto, que siempre estamos que si Line y otras movidas, pero alguna vez caer\u00e1. \u00bfNo ser\u00e1 cierto eso de que s\u00f3lo lo mantiene el hecho de que todo el mundo lo tiene? Y as\u00ed, pues&#8230; Telegram [&hellip;]<\/p>\n","protected":false},"author":7,"featured_media":0,"comment_status":"open","ping_status":"open","sticky":false,"template":"","format":"standard","meta":[],"categories":[8],"tags":[41,47,270,445,515],"_links":{"self":[{"href":"https:\/\/blogs.diariosur.es\/soyfriki\/wp-json\/wp\/v2\/posts\/984"}],"collection":[{"href":"https:\/\/blogs.diariosur.es\/soyfriki\/wp-json\/wp\/v2\/posts"}],"about":[{"href":"https:\/\/blogs.diariosur.es\/soyfriki\/wp-json\/wp\/v2\/types\/post"}],"author":[{"embeddable":true,"href":"https:\/\/blogs.diariosur.es\/soyfriki\/wp-json\/wp\/v2\/users\/7"}],"replies":[{"embeddable":true,"href":"https:\/\/blogs.diariosur.es\/soyfriki\/wp-json\/wp\/v2\/comments?post=984"}],"version-history":[{"count":0,"href":"https:\/\/blogs.diariosur.es\/soyfriki\/wp-json\/wp\/v2\/posts\/984\/revisions"}],"wp:attachment":[{"href":"https:\/\/blogs.diariosur.es\/soyfriki\/wp-json\/wp\/v2\/media?parent=984"}],"wp:term":[{"taxonomy":"category","embeddable":true,"href":"https:\/\/blogs.diariosur.es\/soyfriki\/wp-json\/wp\/v2\/categories?post=984"},{"taxonomy":"post_tag","embeddable":true,"href":"https:\/\/blogs.diariosur.es\/soyfriki\/wp-json\/wp\/v2\/tags?post=984"}],"curies":[{"name":"wp","href":"https:\/\/api.w.org\/{rel}","templated":true}]}}