{"id":10017,"date":"2014-10-24T07:23:19","date_gmt":"2014-10-24T05:23:19","guid":{"rendered":"http:\/\/blogs.diariosur.es\/tormentas-y-rayos\/?p=10017"},"modified":"2014-10-24T07:23:19","modified_gmt":"2014-10-24T05:23:19","slug":"prevision-del-tiempo-posibles-bancos-de-nieblas-en-el-litoral-mediterraneo-andaluz-las-amplitudes-termicas-protagonistas-en-muchos-puntos-de-la-peninsula","status":"publish","type":"post","link":"https:\/\/blogs.diariosur.es\/tormentas-y-rayos\/2014\/10\/24\/prevision-del-tiempo-posibles-bancos-de-nieblas-en-el-litoral-mediterraneo-andaluz-las-amplitudes-termicas-protagonistas-en-muchos-puntos-de-la-peninsula\/","title":{"rendered":"Previsi\u00f3n del tiempo. Posibles bancos de nieblas en el Litoral Mediterr\u00e1neo Andaluz. Las amplitudes t\u00e9rmicas protagonistas en muchos puntos de la pen\u00ednsula."},"content":{"rendered":"<p>&nbsp;<\/p>\n<p><img loading=\"lazy\" class=\"aligncenter\" src=\"https:\/\/farm3.staticflickr.com\/2898\/14371881571_bbae3518b1_q.jpg\" alt=\"\" width=\"150\" height=\"150\" \/><\/p>\n<p>&nbsp;<\/p>\n<p>&nbsp;<\/p>\n<p>&nbsp;<\/p>\n<p><strong>Buenos dias amigos de la meteo, son las seis y cuarto \u00a0de la ma\u00f1ana, registro en M\u00e1laga Capital 17.2 \u00a0grados ( aeropuerto 14.4) y los cielos andaluces est\u00e1n despejados. \u00a0En el resto de la\u00a0pen\u00ednsula, destaca un frente poco activo \u00a0que deja chubascos por Galicia.<\/strong><\/p>\n<p><strong>\u00a0Que gracia me ha hecho esto que me han mandado por mensaje, esperemos que se arregle el fallo.<\/strong><\/p>\n<p><a href=\"https:\/\/blogs.diariosur.es\/tormentas-y-rayos\/2014\/10\/24\/prevision-del-tiempo-posibles-bancos-de-nieblas-en-el-litoral-mediterraneo-andaluz-las-amplitudes-termicas-protagonistas-en-muchos-puntos-de-la-peninsula\/10348609_538238522977845_2277795454692016071_n\/\" rel=\"attachment wp-att-10027\"><img loading=\"lazy\" class=\"aligncenter size-full wp-image-10027\" title=\"10348609_538238522977845_2277795454692016071_n\" src=\"\/tormentas-y-rayos\/wp-content\/uploads\/sites\/12\/2014\/10\/10348609_538238522977845_2277795454692016071_n.jpg\" alt=\"\" width=\"480\" height=\"244\" \/><\/a><\/p>\n<p>&nbsp;<\/p>\n<p><strong>Como ayer lo puse a \u00faltima hora, os recuerdo que Marbella y V\u00e9lez M\u00e1laga tambi\u00e9n batieron\u00a0r\u00e9cord\u00a0de temperaturas para un mes de octubre. Al final M\u00e1laga Capital fueron dos\u00a0d\u00e9cimas\u00a0mas.<\/strong><\/p>\n<p><strong>Un pasada lo de Marbella<\/strong>.<\/p>\n<p><a href=\"https:\/\/blogs.diariosur.es\/tormentas-y-rayos\/2014\/10\/24\/prevision-del-tiempo-posibles-bancos-de-nieblas-en-el-litoral-mediterraneo-andaluz-las-amplitudes-termicas-protagonistas-en-muchos-puntos-de-la-peninsula\/bestial-3\/\" rel=\"attachment wp-att-10025\"><img loading=\"lazy\" class=\"aligncenter size-full wp-image-10025\" title=\"bestial\" src=\"\/tormentas-y-rayos\/wp-content\/uploads\/sites\/12\/2014\/10\/bestial1.jpg\" alt=\"\" width=\"401\" height=\"242\" \/><\/a><\/p>\n<p>&nbsp;<\/p>\n<p><strong>Hoy viernes se pueden dar bancos de niebla y brumas \u00a0en el litoral\u00a0<\/strong><strong>mediterr\u00e1neo\u00a0andaluz. La\u00a0m\u00e1xima rondara los 26 grados, en el resto de Andaluc\u00eda en algunos puntos del Valle del Guadalquivir e interior \u00a0 rondaran los 30.\u00a0\u00a0<\/strong><\/p>\n<p><strong>Ma\u00f1ana\u00a0s\u00e1bado,\u00a0seguir\u00e1\u00a0predominando\u00a0el viento de levante, que\u00a0traer\u00e1\u00a0nubes bajas a la costa. Las\u00a0m\u00e1ximas\u00a0subir\u00e1n\u00a0un poco en el interior de\u00a0Andaluc\u00eda. En M\u00e1laga Capital rondaran los 23.<\/strong><\/p>\n<p><strong>Como\u00a0os comento en el titulo del post, las amplitudes\u00a0t\u00e9rmicas\u00a0ser\u00e1n\u00a0las protagonistas. Para el que no sepa lo que es se lo explico:\u00a0<\/strong><\/p>\n<p><strong>La\u00a0amplitud t\u00e9rmica\u00a0es la diferencia entre la temperatura m\u00e1xima y la m\u00ednima, en el caso de M\u00e1laga Capital es\u00a0dif\u00edcil\u00a0que se de. Por poner un \u00a0ejemplo, ahora mismo Antequera esta dando 10.6 grados, hoy seguro que sobre las tres llegan a los 28. O como paso ayer en Victoria, dio\u00a0una\u00a0m\u00ednima\u00a0de cero grados y una\u00a0m\u00e1xima\u00a0de casi 25. Resfriado seguro jijijij.<\/strong><\/p>\n<p><a href=\"https:\/\/blogs.diariosur.es\/tormentas-y-rayos\/2014\/10\/24\/prevision-del-tiempo-posibles-bancos-de-nieblas-en-el-litoral-mediterraneo-andaluz-las-amplitudes-termicas-protagonistas-en-muchos-puntos-de-la-peninsula\/amplitud\/\" rel=\"attachment wp-att-10026\"><img loading=\"lazy\" class=\"aligncenter size-medium wp-image-10026\" title=\"amplitud\" src=\"\/tormentas-y-rayos\/wp-content\/uploads\/sites\/12\/2014\/10\/amplitud.jpg\" alt=\"\" width=\"600\" height=\"261\" srcset=\"https:\/\/static-blogs.diariosur.es\/wp-content\/uploads\/sites\/12\/2014\/10\/amplitud.jpg 708w, https:\/\/static-blogs.diariosur.es\/wp-content\/uploads\/sites\/12\/2014\/10\/amplitud-640x279.jpg 640w\" sizes=\"(max-width: 600px) 100vw, 600px\" \/><\/a><\/p>\n<p>&nbsp;<\/p>\n<p><strong>Ma\u00f1ana actualizare de nuevo el blog, \u00a0y\u00a0dar\u00e9\u00a0 la previsi\u00f3n para el domingo.<\/strong><\/p>\n<p>&nbsp;<\/p>\n<p><strong>He subido fotos nuevas a mi galeria de fotos de los\u00a0\u00faltimos amaneceres que hemos tenido, os paso el enlace.<\/strong><\/p>\n<p><a href=\"https:\/\/www.flickr.com\/photos\/jose_luis_escudero\/\" rel=\"external nofollow\"><strong>GALER\u00cdA<\/strong><strong>\u00a0DE FOTOS\u00a0<\/strong><\/a><\/p>\n<p><strong>Poco mas que contar.<\/strong><\/p>\n<p><strong>Os pongo las fotos que me\u00a0hab\u00e9is\u00a0mandado. Muy bonitas todas. Precioso candilazo al atardecer y la niebla acompa\u00f1ada de brumas que entro sobre las cinco de la tarde y que cazo Juan Repetto.<\/strong><\/p>\n<p><strong>Esta la de Juan Repetto.<\/strong><\/p>\n<p><a href=\"https:\/\/blogs.diariosur.es\/tormentas-y-rayos\/2014\/10\/24\/prevision-del-tiempo-posibles-bancos-de-nieblas-en-el-litoral-mediterraneo-andaluz-las-amplitudes-termicas-protagonistas-en-muchos-puntos-de-la-peninsula\/juan-repetto-8\/\" rel=\"attachment wp-att-10019\"><img loading=\"lazy\" class=\"aligncenter size-full wp-image-10019\" title=\"juan repetto.\" src=\"\/tormentas-y-rayos\/wp-content\/uploads\/sites\/12\/2014\/10\/juan-repetto.1.jpg\" alt=\"\" width=\"640\" height=\"480\" srcset=\"https:\/\/static-blogs.diariosur.es\/wp-content\/uploads\/sites\/12\/2014\/10\/juan-repetto.1.jpg 640w, https:\/\/static-blogs.diariosur.es\/wp-content\/uploads\/sites\/12\/2014\/10\/juan-repetto.1-533x400.jpg 533w\" sizes=\"(max-width: 640px) 100vw, 640px\" \/><\/a><\/p>\n<p>&nbsp;<\/p>\n<p><strong>Maria Jose Moyano Ponce, muy buena toma.<\/strong><\/p>\n<p>&nbsp;<\/p>\n<p><a href=\"https:\/\/blogs.diariosur.es\/tormentas-y-rayos\/2014\/10\/24\/prevision-del-tiempo-posibles-bancos-de-nieblas-en-el-litoral-mediterraneo-andaluz-las-amplitudes-termicas-protagonistas-en-muchos-puntos-de-la-peninsula\/maria-jose-moyano-ponce-3\/\" rel=\"attachment wp-att-10020\"><img loading=\"lazy\" class=\"aligncenter size-full wp-image-10020\" title=\"maria jose moyano ponce\" src=\"\/tormentas-y-rayos\/wp-content\/uploads\/sites\/12\/2014\/10\/maria-jose-moyano-ponce2.jpg\" alt=\"\" width=\"440\" height=\"587\" srcset=\"https:\/\/static-blogs.diariosur.es\/wp-content\/uploads\/sites\/12\/2014\/10\/maria-jose-moyano-ponce2.jpg 440w, https:\/\/static-blogs.diariosur.es\/wp-content\/uploads\/sites\/12\/2014\/10\/maria-jose-moyano-ponce2-300x400.jpg 300w\" sizes=\"(max-width: 440px) 100vw, 440px\" \/><\/a><\/p>\n<p>&nbsp;<\/p>\n<p><strong>Paqui Lara. Muy bonita amiga.<\/strong><\/p>\n<p><a href=\"https:\/\/blogs.diariosur.es\/tormentas-y-rayos\/2014\/10\/24\/prevision-del-tiempo-posibles-bancos-de-nieblas-en-el-litoral-mediterraneo-andaluz-las-amplitudes-termicas-protagonistas-en-muchos-puntos-de-la-peninsula\/paqui-lara-3\/\" rel=\"attachment wp-att-10021\"><img loading=\"lazy\" class=\"aligncenter size-full wp-image-10021\" title=\"Paqui lara\" src=\"\/tormentas-y-rayos\/wp-content\/uploads\/sites\/12\/2014\/10\/Paqui-lara.jpg\" alt=\"\" width=\"640\" height=\"360\" \/><\/a><\/p>\n<p><strong>Salvador Romero Jim\u00e9nez, me ha encantado la foto.<\/strong><\/p>\n<p><a href=\"https:\/\/blogs.diariosur.es\/tormentas-y-rayos\/2014\/10\/24\/prevision-del-tiempo-posibles-bancos-de-nieblas-en-el-litoral-mediterraneo-andaluz-las-amplitudes-termicas-protagonistas-en-muchos-puntos-de-la-peninsula\/salvador-romero_1\/\" rel=\"attachment wp-att-10022\"><img loading=\"lazy\" class=\"aligncenter size-full wp-image-10022\" title=\"salvador romero_1\" src=\"\/tormentas-y-rayos\/wp-content\/uploads\/sites\/12\/2014\/10\/salvador-romero_1.jpg\" alt=\"\" width=\"640\" height=\"360\" \/><\/a><\/p>\n<p>&nbsp;<\/p>\n<p>&nbsp;<\/p>\n<p><strong>Jose luis Gil desde Marbella.<\/strong><\/p>\n<p><a href=\"https:\/\/blogs.diariosur.es\/tormentas-y-rayos\/2014\/10\/24\/prevision-del-tiempo-posibles-bancos-de-nieblas-en-el-litoral-mediterraneo-andaluz-las-amplitudes-termicas-protagonistas-en-muchos-puntos-de-la-peninsula\/10687001_10204007280815301_5055563490081599557_n\/\" rel=\"attachment wp-att-10023\"><img loading=\"lazy\" class=\"aligncenter size-full wp-image-10023\" title=\"10687001_10204007280815301_5055563490081599557_n\" src=\"\/tormentas-y-rayos\/wp-content\/uploads\/sites\/12\/2014\/10\/10687001_10204007280815301_5055563490081599557_n.jpg\" alt=\"\" width=\"640\" height=\"360\" \/><\/a><\/p>\n<p>&nbsp;<\/p>\n<p>&nbsp;<\/p>\n<p><strong>Y por \u00faltimo el candilazo de hace unos dias. Preciosa foto de Eva Maria Sosso Prieto<\/strong><\/p>\n<p>&nbsp;<\/p>\n<p><a href=\"https:\/\/blogs.diariosur.es\/tormentas-y-rayos\/2014\/10\/24\/prevision-del-tiempo-posibles-bancos-de-nieblas-en-el-litoral-mediterraneo-andaluz-las-amplitudes-termicas-protagonistas-en-muchos-puntos-de-la-peninsula\/eva-maria-sosso-prieto-3\/\" rel=\"attachment wp-att-10024\"><img loading=\"lazy\" class=\"aligncenter size-full wp-image-10024\" title=\"eva maria sosso prieto\" src=\"\/tormentas-y-rayos\/wp-content\/uploads\/sites\/12\/2014\/10\/eva-maria-sosso-prieto.jpg\" alt=\"\" width=\"640\" height=\"360\" \/><\/a><\/p>\n","protected":false},"excerpt":{"rendered":"<p>&nbsp; &nbsp; &nbsp; &nbsp; Buenos dias amigos de la meteo, son las seis y cuarto \u00a0de la ma\u00f1ana, registro en M\u00e1laga Capital 17.2 \u00a0grados ( aeropuerto 14.4) y los cielos andaluces est\u00e1n despejados. \u00a0En el resto de la\u00a0pen\u00ednsula, destaca un frente poco activo \u00a0que deja chubascos por Galicia. \u00a0Que gracia me ha hecho esto que [&hellip;]<\/p>\n","protected":false},"author":16,"featured_media":10027,"comment_status":"open","ping_status":"open","sticky":false,"template":"","format":"standard","meta":[],"categories":[2],"tags":[98,697,769,809,972,980],"_links":{"self":[{"href":"https:\/\/blogs.diariosur.es\/tormentas-y-rayos\/wp-json\/wp\/v2\/posts\/10017"}],"collection":[{"href":"https:\/\/blogs.diariosur.es\/tormentas-y-rayos\/wp-json\/wp\/v2\/posts"}],"about":[{"href":"https:\/\/blogs.diariosur.es\/tormentas-y-rayos\/wp-json\/wp\/v2\/types\/post"}],"author":[{"embeddable":true,"href":"https:\/\/blogs.diariosur.es\/tormentas-y-rayos\/wp-json\/wp\/v2\/users\/16"}],"replies":[{"embeddable":true,"href":"https:\/\/blogs.diariosur.es\/tormentas-y-rayos\/wp-json\/wp\/v2\/comments?post=10017"}],"version-history":[{"count":0,"href":"https:\/\/blogs.diariosur.es\/tormentas-y-rayos\/wp-json\/wp\/v2\/posts\/10017\/revisions"}],"wp:featuredmedia":[{"embeddable":true,"href":"https:\/\/blogs.diariosur.es\/tormentas-y-rayos\/wp-json\/wp\/v2\/media\/10027"}],"wp:attachment":[{"href":"https:\/\/blogs.diariosur.es\/tormentas-y-rayos\/wp-json\/wp\/v2\/media?parent=10017"}],"wp:term":[{"taxonomy":"category","embeddable":true,"href":"https:\/\/blogs.diariosur.es\/tormentas-y-rayos\/wp-json\/wp\/v2\/categories?post=10017"},{"taxonomy":"post_tag","embeddable":true,"href":"https:\/\/blogs.diariosur.es\/tormentas-y-rayos\/wp-json\/wp\/v2\/tags?post=10017"}],"curies":[{"name":"wp","href":"https:\/\/api.w.org\/{rel}","templated":true}]}}