{"id":10028,"date":"2014-10-25T07:35:28","date_gmt":"2014-10-25T05:35:28","guid":{"rendered":"http:\/\/blogs.diariosur.es\/tormentas-y-rayos\/?p=10028"},"modified":"2014-10-25T07:35:28","modified_gmt":"2014-10-25T05:35:28","slug":"manana-domingo-de-madrugada-cambia-la-hora-pero-no-el-tiempo-prevision-seguimos-con-maximas-superiores-a-lo-normal","status":"publish","type":"post","link":"https:\/\/blogs.diariosur.es\/tormentas-y-rayos\/2014\/10\/25\/manana-domingo-de-madrugada-cambia-la-hora-pero-no-el-tiempo-prevision-seguimos-con-maximas-superiores-a-lo-normal\/","title":{"rendered":"Ma\u00f1ana domingo de madrugada  cambia la hora, pero no el tiempo. Previsi\u00f3n: seguimos con m\u00e1ximas superiores a lo normal."},"content":{"rendered":"<p style=\"text-align: left;\"><img loading=\"lazy\" class=\"aligncenter\" src=\"https:\/\/farm3.staticflickr.com\/2898\/14371881571_bbae3518b1_q.jpg\" alt=\"\" width=\"150\" height=\"150\" \/><\/p>\n<p style=\"text-align: left;\">\n<p style=\"text-align: left;\">\n<p style=\"text-align: left;\">\n<p style=\"text-align: left;\"><strong>Buenos dias amigos de la meteo, son las seis y media de la ma\u00f1ana, registro 17 grados y los cielos andaluces est\u00e1n poco nubosos, solo distingo por el\u00a0sat\u00e9lite\u00a0eumetsat algo mas de nubosidad cerca de C\u00e1diz.\u00a0<\/strong><\/p>\n<p style=\"text-align: left;\"><strong>Tanto hoy como ma\u00f1ana domingo disfrutaremos de temperaturas casi veraniegas en toda Andaluc\u00eda, y digo casi, porque las\u00a0m\u00ednimas\u00a0si han bajado. Seguimos con amplitud t\u00e9rmica en buena parte de la\u00a0Pen\u00ednsula.\u00a0<\/strong><\/p>\n<p style=\"text-align: left;\"><strong>M\u00e1laga<\/strong><strong>\u00a0Capital de nuevo sobrepasara los 25 grados y en zonas como Valle del Guadalquivir, Huelva, e interior de\u00a0Andaluc\u00eda\u00a0Oriental\u00a0estar\u00e1n\u00a0entre los 28 y mas de 30. En dos palabras jijij , cambiamos la hora al nuevo horario de invierno, \u00a0pero no cambia el tiempo.\u00a0<\/strong><\/p>\n<p style=\"text-align: left;\"><strong>Solo basta ver estos datos de ayer viernes y parece verano total. Fuente Aemet.<\/strong><\/p>\n<p style=\"text-align: left;\"><a href=\"https:\/\/blogs.diariosur.es\/tormentas-y-rayos\/2014\/10\/25\/manana-domingo-de-madrugada-cambia-la-hora-pero-no-el-tiempo-prevision-seguimos-con-maximas-superiores-a-lo-normal\/verano\/\" rel=\"attachment wp-att-10029\"><img loading=\"lazy\" class=\"aligncenter size-large wp-image-10029\" title=\"verano\" src=\"\/tormentas-y-rayos\/wp-content\/uploads\/sites\/12\/2014\/10\/verano.jpg\" alt=\"\" width=\"577\" height=\"600\" srcset=\"https:\/\/static-blogs.diariosur.es\/wp-content\/uploads\/sites\/12\/2014\/10\/verano.jpg 786w, https:\/\/static-blogs.diariosur.es\/wp-content\/uploads\/sites\/12\/2014\/10\/verano-385x400.jpg 385w, https:\/\/static-blogs.diariosur.es\/wp-content\/uploads\/sites\/12\/2014\/10\/verano-768x798.jpg 768w\" sizes=\"(max-width: 577px) 100vw, 577px\" \/><\/a><\/p>\n<p style=\"text-align: left;\">\n<p>&nbsp;<\/p>\n<p><strong>Donde si ha llegado el oto\u00f1o, o mejor dicho el puro invierno es a Rusia, fijaros las temperaturas en estos momentos. Una ola de fr\u00edo esta afectando a esta zona.<\/strong><\/p>\n<p><a href=\"https:\/\/blogs.diariosur.es\/tormentas-y-rayos\/2014\/10\/25\/manana-domingo-de-madrugada-cambia-la-hora-pero-no-el-tiempo-prevision-seguimos-con-maximas-superiores-a-lo-normal\/frio-7\/\" rel=\"attachment wp-att-10030\"><img loading=\"lazy\" class=\"aligncenter size-medium wp-image-10030\" title=\"fr\u00edo\" src=\"\/tormentas-y-rayos\/wp-content\/uploads\/sites\/12\/2014\/10\/fr\u00edo.jpg\" alt=\"\" width=\"518\" height=\"400\" srcset=\"https:\/\/static-blogs.diariosur.es\/wp-content\/uploads\/sites\/12\/2014\/10\/fr\u00edo.jpg 916w, https:\/\/static-blogs.diariosur.es\/wp-content\/uploads\/sites\/12\/2014\/10\/fr\u00edo-519x400.jpg 519w, https:\/\/static-blogs.diariosur.es\/wp-content\/uploads\/sites\/12\/2014\/10\/fr\u00edo-768x592.jpg 768w\" sizes=\"(max-width: 518px) 100vw, 518px\" \/><\/a><\/p>\n<p><strong>Recordaros tambi\u00e9n, que con el cambio de hora amanece una hora antes. Para mi no es problema jijijij. Hoy sale sobre las 8:35,\u00a0tendr\u00edamos\u00a0que esperar hasta mediados de diciembre para verlo salir sobre las ocho y media.<\/strong><\/p>\n<p><strong> Os paso de nuevo el horario \u00a0de la \u00a0salida y puesta de sol. Fuente Fomento.<\/strong><\/p>\n<p><a href=\"https:\/\/blogs.diariosur.es\/tormentas-y-rayos\/2014\/10\/25\/manana-domingo-de-madrugada-cambia-la-hora-pero-no-el-tiempo-prevision-seguimos-con-maximas-superiores-a-lo-normal\/salida-y-puesta-de-sol-2\/\" rel=\"attachment wp-att-10031\"><img loading=\"lazy\" class=\"aligncenter size-medium wp-image-10031\" title=\"salida y puesta de sol\" src=\"\/tormentas-y-rayos\/wp-content\/uploads\/sites\/12\/2014\/10\/salida-y-puesta-de-sol.jpg\" alt=\"\" width=\"600\" height=\"366\" srcset=\"https:\/\/static-blogs.diariosur.es\/wp-content\/uploads\/sites\/12\/2014\/10\/salida-y-puesta-de-sol.jpg 1003w, https:\/\/static-blogs.diariosur.es\/wp-content\/uploads\/sites\/12\/2014\/10\/salida-y-puesta-de-sol-640x391.jpg 640w, https:\/\/static-blogs.diariosur.es\/wp-content\/uploads\/sites\/12\/2014\/10\/salida-y-puesta-de-sol-768x469.jpg 768w\" sizes=\"(max-width: 600px) 100vw, 600px\" \/><\/a><\/p>\n<p>&nbsp;<\/p>\n<p><strong>Otra cosa mas que os quiero comentar, casi a final de noviembre y diciembre, \u00a0desde la zona de Algarrobo, Mezquitilla, Torre del Mar, se ve salir el sol por el mar y ademas tambi\u00e9n se pone por el mar. Muchos malague\u00f1os no saben esto. Mi amigo y gran\u00a0fot\u00f3grafo\u00a0Carlos Castro lo sabe de sobra. Foto desde la Mezquitilla hacia Torrox Costa. \u00a0Fot\u00f3n de mi amigo.<\/strong><\/p>\n<p>&nbsp;<\/p>\n<p><a href=\"https:\/\/blogs.diariosur.es\/tormentas-y-rayos\/2014\/10\/25\/manana-domingo-de-madrugada-cambia-la-hora-pero-no-el-tiempo-prevision-seguimos-con-maximas-superiores-a-lo-normal\/mezquitilla\/\" rel=\"attachment wp-att-10034\"><img loading=\"lazy\" class=\"aligncenter size-full wp-image-10034\" title=\"mezquitilla\" src=\"\/tormentas-y-rayos\/wp-content\/uploads\/sites\/12\/2014\/10\/mezquitilla.jpg\" alt=\"\" width=\"640\" height=\"427\" srcset=\"https:\/\/static-blogs.diariosur.es\/wp-content\/uploads\/sites\/12\/2014\/10\/mezquitilla.jpg 640w, https:\/\/static-blogs.diariosur.es\/wp-content\/uploads\/sites\/12\/2014\/10\/mezquitilla-600x400.jpg 600w\" sizes=\"(max-width: 640px) 100vw, 640px\" \/><\/a><\/p>\n<p><strong>Vais a decirme que soy muy\u00a0pesado\u00a0con los amaneceres, pero casi todos los\u00a0d\u00edas\u00a0necesito verlo, me carga las pilas.<\/strong><\/p>\n<p>&nbsp;<\/p>\n<p>&nbsp;<\/p>\n<p><img loading=\"lazy\" class=\"aligncenter\" src=\"https:\/\/farm6.staticflickr.com\/5597\/15586767442_36f650852f_z.jpg\" alt=\"\" width=\"640\" height=\"427\" \/><\/p>\n<p>&nbsp;<\/p>\n<p>&nbsp;<\/p>\n<p><img loading=\"lazy\" class=\"aligncenter\" src=\"https:\/\/farm6.staticflickr.com\/5598\/15574968686_57dfcd4bcc_z.jpg\" alt=\"\" width=\"640\" height=\"427\" \/><\/p>\n<p>&nbsp;<\/p>\n<p>&nbsp;<\/p>\n<p><strong>Poco mas que contar, os dejo con esta bonita imagen del\u00a0sat\u00e9lite\u00a0Acua de ayer viernes, se distingue perfectamente un banco de niebla cercano a la Isla de Albor\u00e1n y los cirrus en la fachada oeste peninsular.<\/strong><\/p>\n<p><a href=\"https:\/\/blogs.diariosur.es\/tormentas-y-rayos\/2014\/10\/25\/manana-domingo-de-madrugada-cambia-la-hora-pero-no-el-tiempo-prevision-seguimos-con-maximas-superiores-a-lo-normal\/niebla-7\/\" rel=\"attachment wp-att-10032\"><img loading=\"lazy\" class=\"aligncenter size-medium wp-image-10032\" title=\"niebla\" src=\"\/tormentas-y-rayos\/wp-content\/uploads\/sites\/12\/2014\/10\/niebla.jpg\" alt=\"\" width=\"485\" height=\"400\" srcset=\"https:\/\/static-blogs.diariosur.es\/wp-content\/uploads\/sites\/12\/2014\/10\/niebla.jpg 854w, https:\/\/static-blogs.diariosur.es\/wp-content\/uploads\/sites\/12\/2014\/10\/niebla-485x400.jpg 485w, https:\/\/static-blogs.diariosur.es\/wp-content\/uploads\/sites\/12\/2014\/10\/niebla-768x633.jpg 768w\" sizes=\"(max-width: 485px) 100vw, 485px\" \/><\/a><\/p>\n<p>&nbsp;<\/p>\n<p>&nbsp;<\/p>\n","protected":false},"excerpt":{"rendered":"<p>Buenos dias amigos de la meteo, son las seis y media de la ma\u00f1ana, registro 17 grados y los cielos andaluces est\u00e1n poco nubosos, solo distingo por el\u00a0sat\u00e9lite\u00a0eumetsat algo mas de nubosidad cerca de C\u00e1diz.\u00a0 Tanto hoy como ma\u00f1ana domingo disfrutaremos de temperaturas casi veraniegas en toda Andaluc\u00eda, y digo casi, porque las\u00a0m\u00ednimas\u00a0si han bajado. [&hellip;]<\/p>\n","protected":false},"author":16,"featured_media":10033,"comment_status":"open","ping_status":"open","sticky":false,"template":"","format":"standard","meta":[],"categories":[2],"tags":[215,340,485,584,809,980],"_links":{"self":[{"href":"https:\/\/blogs.diariosur.es\/tormentas-y-rayos\/wp-json\/wp\/v2\/posts\/10028"}],"collection":[{"href":"https:\/\/blogs.diariosur.es\/tormentas-y-rayos\/wp-json\/wp\/v2\/posts"}],"about":[{"href":"https:\/\/blogs.diariosur.es\/tormentas-y-rayos\/wp-json\/wp\/v2\/types\/post"}],"author":[{"embeddable":true,"href":"https:\/\/blogs.diariosur.es\/tormentas-y-rayos\/wp-json\/wp\/v2\/users\/16"}],"replies":[{"embeddable":true,"href":"https:\/\/blogs.diariosur.es\/tormentas-y-rayos\/wp-json\/wp\/v2\/comments?post=10028"}],"version-history":[{"count":0,"href":"https:\/\/blogs.diariosur.es\/tormentas-y-rayos\/wp-json\/wp\/v2\/posts\/10028\/revisions"}],"wp:featuredmedia":[{"embeddable":true,"href":"https:\/\/blogs.diariosur.es\/tormentas-y-rayos\/wp-json\/wp\/v2\/media\/10033"}],"wp:attachment":[{"href":"https:\/\/blogs.diariosur.es\/tormentas-y-rayos\/wp-json\/wp\/v2\/media?parent=10028"}],"wp:term":[{"taxonomy":"category","embeddable":true,"href":"https:\/\/blogs.diariosur.es\/tormentas-y-rayos\/wp-json\/wp\/v2\/categories?post=10028"},{"taxonomy":"post_tag","embeddable":true,"href":"https:\/\/blogs.diariosur.es\/tormentas-y-rayos\/wp-json\/wp\/v2\/tags?post=10028"}],"curies":[{"name":"wp","href":"https:\/\/api.w.org\/{rel}","templated":true}]}}