{"id":10035,"date":"2014-10-27T07:23:25","date_gmt":"2014-10-27T06:23:25","guid":{"rendered":"http:\/\/blogs.diariosur.es\/tormentas-y-rayos\/?p=10035"},"modified":"2014-10-27T07:23:25","modified_gmt":"2014-10-27T06:23:25","slug":"prevision-del-tiempo-andalucia-imposible-sintonizar-el-canal-otono-digital-hasta-la-semana-que-viene","status":"publish","type":"post","link":"https:\/\/blogs.diariosur.es\/tormentas-y-rayos\/2014\/10\/27\/prevision-del-tiempo-andalucia-imposible-sintonizar-el-canal-otono-digital-hasta-la-semana-que-viene\/","title":{"rendered":"Previsi\u00f3n del tiempo Andaluc\u00eda. Imposible sintonizar el Canal Oto\u00f1o digital hasta la semana que viene."},"content":{"rendered":"<p><strong>\u00a0<\/strong><\/p>\n<p>&nbsp;<\/p>\n<p>&nbsp;<\/p>\n<p><img loading=\"lazy\" class=\"aligncenter\" src=\"https:\/\/farm6.staticflickr.com\/5566\/14568830453_8e0522e3fc_q.jpg\" alt=\"\" width=\"150\" height=\"150\" \/><\/p>\n<p>&nbsp;<\/p>\n<p>&nbsp;<\/p>\n<p>&nbsp;<\/p>\n<p>&nbsp;<\/p>\n<p>&nbsp;<\/p>\n<p><strong>Buenos d\u00edas amigos de la meteo. <\/strong><\/p>\n<p><strong>Son las seis de la ma\u00f1ana, registro 17 \u00a0grados y los cielos andaluces est\u00e1n \u00a0poco nubosos. \u00a0Las nubes medias y altas que se ven ahora mismo por la zona del Cabo de San Vicente\u00a0ir\u00e1n\u00a0entrando por Andaluc\u00eda Occidental, esta tarde noche pueden dejar un bonito candilazo en muchos puntos de\u00a0Andaluc\u00eda. Os paso una imagen del satelite eumetsat. Fuente meteogalicia.<\/strong><\/p>\n<p><a href=\"https:\/\/blogs.diariosur.es\/tormentas-y-rayos\/2014\/10\/27\/prevision-del-tiempo-andalucia-imposible-sintonizar-el-canal-otono-digital-hasta-la-semana-que-viene\/satelite-4\/\" rel=\"attachment wp-att-10043\"><img loading=\"lazy\" class=\"aligncenter size-medium wp-image-10043\" title=\"satelite\" src=\"\/tormentas-y-rayos\/wp-content\/uploads\/sites\/12\/2014\/10\/satelite.jpg\" alt=\"\" width=\"547\" height=\"400\" srcset=\"https:\/\/static-blogs.diariosur.es\/wp-content\/uploads\/sites\/12\/2014\/10\/satelite.jpg 756w, https:\/\/static-blogs.diariosur.es\/wp-content\/uploads\/sites\/12\/2014\/10\/satelite-548x400.jpg 548w\" sizes=\"(max-width: 547px) 100vw, 547px\" \/><\/a><\/p>\n<p>&nbsp;<\/p>\n<p><strong>\u00a0Las m\u00e1ximas seguir\u00e1n rebasando los 28 o 29 \u00a0grados en el Valle del Guadalquivir e interior de Andaluc\u00eda. Esta tarde el levante tomara protagonismo en la zona del Estrecho, las nubes bajas que traiga el levante, pueden traer algunas gotas a esta zona tanto hoy a ultima hora como ma\u00f1ana martes. De todas formas la probabilidad no es muy alta.<\/strong><\/p>\n<p><strong>Hoy me vais a permitir que sea el post mas corto, y no pueda poner todas las fotos que me hab\u00e9is mandado. Estoy preparando un trabajo de meteorolog\u00eda y tengo muy poco tiempo. \u00a0<\/strong><\/p>\n<p><strong>\u00a0Como ma\u00f1ana martes libro, pondr\u00e9 casi todas las fotos etiquetadas que me\u00a0hab\u00e9is\u00a0puesto en facebook. <\/strong><\/p>\n<p><strong>Os hago un peque\u00f1o resumen de ayer domingo, que como todos sab\u00e9is, las nubes medias y altas fueron las protagonistas.<\/strong><\/p>\n<p>&nbsp;<\/p>\n<p><strong>El amanecer estuvo muy bonito, lo que mas me llamo la atenci\u00f3n fueron los distintos\u00a0g\u00e9neros\u00a0de nubes que\u00a0ten\u00edamos.<\/strong><\/p>\n<p>&nbsp;<\/p>\n<p>&nbsp;<\/p>\n<p>&nbsp;<\/p>\n<p><img loading=\"lazy\" class=\"aligncenter\" src=\"https:\/\/farm6.staticflickr.com\/5600\/15636536552_3f0bdb4e6c_z.jpg\" alt=\"\" width=\"640\" height=\"427\" \/><\/p>\n<p>&nbsp;<\/p>\n<p>&nbsp;<\/p>\n<p><img loading=\"lazy\" class=\"aligncenter\" src=\"https:\/\/farm4.staticflickr.com\/3937\/15611974296_ecca9bc3d9_z.jpg\" alt=\"\" width=\"428\" height=\"640\" \/><\/p>\n<p>&nbsp;<\/p>\n<p><strong>Mi amigo Bernab\u00e9 de la Rosa, me cazaba fotografiando el amanecer. Muchas gracias amigo por la foto, me ha encantado.<\/strong><\/p>\n<p>&nbsp;<\/p>\n<p><a href=\"https:\/\/blogs.diariosur.es\/tormentas-y-rayos\/2014\/10\/27\/prevision-del-tiempo-andalucia-imposible-sintonizar-el-canal-otono-digital-hasta-la-semana-que-viene\/bernabe-de-la-roa-lopez-2\/\" rel=\"attachment wp-att-10037\"><img loading=\"lazy\" class=\"aligncenter size-full wp-image-10037\" title=\"bernab\u00e9 de la Roa l\u00f3pez\" src=\"\/tormentas-y-rayos\/wp-content\/uploads\/sites\/12\/2014\/10\/bernab\u00e9-de-la-Roa-l\u00f3pez1.jpg\" alt=\"\" width=\"640\" height=\"480\" srcset=\"https:\/\/static-blogs.diariosur.es\/wp-content\/uploads\/sites\/12\/2014\/10\/bernab\u00e9-de-la-Roa-l\u00f3pez1.jpg 640w, https:\/\/static-blogs.diariosur.es\/wp-content\/uploads\/sites\/12\/2014\/10\/bernab\u00e9-de-la-Roa-l\u00f3pez1-533x400.jpg 533w\" sizes=\"(max-width: 640px) 100vw, 640px\" \/><\/a><\/p>\n<p>&nbsp;<\/p>\n<p>&nbsp;<\/p>\n<p><strong>Sobre las diez y media de la ma\u00f1ana llegue a Torre de Benagalb\u00f3n, la temperatura rondaba los 26 grados y la del mar 20. El cielo con todo tipo de nubes era el protagonista. Hasta una virga llegue a ver.<\/strong><\/p>\n<p><img loading=\"lazy\" class=\"aligncenter\" src=\"https:\/\/farm6.staticflickr.com\/5609\/15015631343_738c7066ca_z.jpg\" alt=\"\" width=\"640\" height=\"427\" \/><\/p>\n<p>&nbsp;<\/p>\n<p><a href=\"https:\/\/blogs.diariosur.es\/tormentas-y-rayos\/2014\/10\/27\/prevision-del-tiempo-andalucia-imposible-sintonizar-el-canal-otono-digital-hasta-la-semana-que-viene\/_dsc5165\/\" rel=\"attachment wp-att-10038\"><img loading=\"lazy\" class=\"aligncenter size-full wp-image-10038\" title=\"_DSC5165\" src=\"\/tormentas-y-rayos\/wp-content\/uploads\/sites\/12\/2014\/10\/DSC5165.jpg\" alt=\"\" width=\"640\" height=\"427\" srcset=\"https:\/\/static-blogs.diariosur.es\/wp-content\/uploads\/sites\/12\/2014\/10\/DSC5165.jpg 640w, https:\/\/static-blogs.diariosur.es\/wp-content\/uploads\/sites\/12\/2014\/10\/DSC5165-600x400.jpg 600w\" sizes=\"(max-width: 640px) 100vw, 640px\" \/><\/a><\/p>\n<p>&nbsp;<\/p>\n<p><a href=\"https:\/\/blogs.diariosur.es\/tormentas-y-rayos\/2014\/10\/27\/prevision-del-tiempo-andalucia-imposible-sintonizar-el-canal-otono-digital-hasta-la-semana-que-viene\/_dsc5173\/\" rel=\"attachment wp-att-10039\"><img loading=\"lazy\" class=\"aligncenter size-full wp-image-10039\" title=\"_DSC5173\" src=\"\/tormentas-y-rayos\/wp-content\/uploads\/sites\/12\/2014\/10\/DSC5173.jpg\" alt=\"\" width=\"640\" height=\"427\" srcset=\"https:\/\/static-blogs.diariosur.es\/wp-content\/uploads\/sites\/12\/2014\/10\/DSC5173.jpg 640w, https:\/\/static-blogs.diariosur.es\/wp-content\/uploads\/sites\/12\/2014\/10\/DSC5173-600x400.jpg 600w\" sizes=\"(max-width: 640px) 100vw, 640px\" \/><\/a><\/p>\n<p><strong>Poco mas que contar amigos, os prometo que ma\u00f1ana\u00a0pondr\u00e9\u00a0las fotos etiquetadas en facebook. \u00a0Os dejo con las\u00a0m\u00e1ximas y m\u00ednimas\u00a0\u00a0mas destacadas que se dieron ayer en Andaluc\u00eda.<\/strong><\/p>\n<p><a href=\"https:\/\/blogs.diariosur.es\/tormentas-y-rayos\/2014\/10\/27\/prevision-del-tiempo-andalucia-imposible-sintonizar-el-canal-otono-digital-hasta-la-semana-que-viene\/maximas-y-minimas\/\" rel=\"attachment wp-att-10044\"><img loading=\"lazy\" class=\"aligncenter size-medium wp-image-10044\" title=\"maximas y minimas\" src=\"\/tormentas-y-rayos\/wp-content\/uploads\/sites\/12\/2014\/10\/maximas-y-minimas.jpg\" alt=\"\" width=\"600\" height=\"181\" srcset=\"https:\/\/static-blogs.diariosur.es\/wp-content\/uploads\/sites\/12\/2014\/10\/maximas-y-minimas.jpg 788w, https:\/\/static-blogs.diariosur.es\/wp-content\/uploads\/sites\/12\/2014\/10\/maximas-y-minimas-640x193.jpg 640w, https:\/\/static-blogs.diariosur.es\/wp-content\/uploads\/sites\/12\/2014\/10\/maximas-y-minimas-768x232.jpg 768w\" sizes=\"(max-width: 600px) 100vw, 600px\" \/><\/a><\/p>\n<p>&nbsp;<\/p>\n","protected":false},"excerpt":{"rendered":"<p>\u00a0 &nbsp; &nbsp; &nbsp; &nbsp; &nbsp; &nbsp; &nbsp; Buenos d\u00edas amigos de la meteo. Son las seis de la ma\u00f1ana, registro 17 \u00a0grados y los cielos andaluces est\u00e1n \u00a0poco nubosos. \u00a0Las nubes medias y altas que se ven ahora mismo por la zona del Cabo de San Vicente\u00a0ir\u00e1n\u00a0entrando por Andaluc\u00eda Occidental, esta tarde noche pueden [&hellip;]<\/p>\n","protected":false},"author":16,"featured_media":10040,"comment_status":"open","ping_status":"open","sticky":false,"template":"","format":"standard","meta":[],"categories":[2],"tags":[],"_links":{"self":[{"href":"https:\/\/blogs.diariosur.es\/tormentas-y-rayos\/wp-json\/wp\/v2\/posts\/10035"}],"collection":[{"href":"https:\/\/blogs.diariosur.es\/tormentas-y-rayos\/wp-json\/wp\/v2\/posts"}],"about":[{"href":"https:\/\/blogs.diariosur.es\/tormentas-y-rayos\/wp-json\/wp\/v2\/types\/post"}],"author":[{"embeddable":true,"href":"https:\/\/blogs.diariosur.es\/tormentas-y-rayos\/wp-json\/wp\/v2\/users\/16"}],"replies":[{"embeddable":true,"href":"https:\/\/blogs.diariosur.es\/tormentas-y-rayos\/wp-json\/wp\/v2\/comments?post=10035"}],"version-history":[{"count":0,"href":"https:\/\/blogs.diariosur.es\/tormentas-y-rayos\/wp-json\/wp\/v2\/posts\/10035\/revisions"}],"wp:featuredmedia":[{"embeddable":true,"href":"https:\/\/blogs.diariosur.es\/tormentas-y-rayos\/wp-json\/wp\/v2\/media\/10040"}],"wp:attachment":[{"href":"https:\/\/blogs.diariosur.es\/tormentas-y-rayos\/wp-json\/wp\/v2\/media?parent=10035"}],"wp:term":[{"taxonomy":"category","embeddable":true,"href":"https:\/\/blogs.diariosur.es\/tormentas-y-rayos\/wp-json\/wp\/v2\/categories?post=10035"},{"taxonomy":"post_tag","embeddable":true,"href":"https:\/\/blogs.diariosur.es\/tormentas-y-rayos\/wp-json\/wp\/v2\/tags?post=10035"}],"curies":[{"name":"wp","href":"https:\/\/api.w.org\/{rel}","templated":true}]}}