{"id":10045,"date":"2014-10-28T08:37:56","date_gmt":"2014-10-28T07:37:56","guid":{"rendered":"http:\/\/blogs.diariosur.es\/tormentas-y-rayos\/?p=10045"},"modified":"2014-10-28T08:37:56","modified_gmt":"2014-10-28T07:37:56","slug":"canal-sur-meteo-ruta-presentado-por-javier-aguilar-entrevistara-hoy-martes-a-los-responsables-de-cazatormentas-net-y-al-blog-tormenta-y-rayos","status":"publish","type":"post","link":"https:\/\/blogs.diariosur.es\/tormentas-y-rayos\/2014\/10\/28\/canal-sur-meteo-ruta-presentado-por-javier-aguilar-entrevistara-hoy-martes-a-los-responsables-de-cazatormentas-net-y-al-blog-tormenta-y-rayos\/","title":{"rendered":"Canal Sur Meteo Ruta presentado por Javier Aguilar, entrevistara hoy martes a los responsables de  Cazatormentas.net y Blog Tormenta y Rayos."},"content":{"rendered":"<p><img loading=\"lazy\" class=\"aligncenter\" src=\"https:\/\/farm3.staticflickr.com\/2898\/14371881571_bbae3518b1_q.jpg\" alt=\"\" width=\"150\" height=\"150\" \/><\/p>\n<p>&nbsp;<\/p>\n<p>&nbsp;<\/p>\n<p>&nbsp;<\/p>\n<p>&nbsp;<\/p>\n<p>&nbsp;<\/p>\n<p><strong>Buenos\u00a0d\u00edas\u00a0amigos de la meteo. Registro 20 grados en mi estaci\u00f3n, las nubes bajas debidas al levante son protagonistas,\u00a0as\u00ed\u00a0como tambi\u00e9n\u00a0distingo\u00a0en el\u00a0sat\u00e9lite\u00a0eumetsat medias y altas tipo cirrus.<\/strong><\/p>\n<p><a href=\"https:\/\/blogs.diariosur.es\/tormentas-y-rayos\/2014\/10\/28\/canal-sur-meteo-ruta-presentado-por-javier-aguilar-entrevistara-hoy-martes-a-los-responsables-de-cazatormentas-net-y-al-blog-tormenta-y-rayos\/captura-486\/\" rel=\"attachment wp-att-10059\"><img loading=\"lazy\" class=\"aligncenter size-medium wp-image-10059\" title=\"Captura\" src=\"\/tormentas-y-rayos\/wp-content\/uploads\/sites\/12\/2014\/10\/Captura37.jpg\" alt=\"\" width=\"524\" height=\"400\" srcset=\"https:\/\/static-blogs.diariosur.es\/wp-content\/uploads\/sites\/12\/2014\/10\/Captura37.jpg 740w, https:\/\/static-blogs.diariosur.es\/wp-content\/uploads\/sites\/12\/2014\/10\/Captura37-525x400.jpg 525w\" sizes=\"(max-width: 524px) 100vw, 524px\" \/><\/a><\/p>\n<p>&nbsp;<\/p>\n<p>&nbsp;<\/p>\n<p><strong>Otro protagonista el resfriado que tengo, la caminata del domingo por la playa a pleno sol me ha pasado factura, espero no pegarles el resfriao a mis amigos de cazatormentas.net \u00a0jijijiji.<\/strong><\/p>\n<p><strong>El hombre del tiempo en Canal Sur y responsable del programa Meteoruta Javier Aguilar \u00a0vendr\u00e1\u00a0hoy a M\u00e1laga para entrevistarnos sobre la minigalernas malague\u00f1as. Hace dos a\u00f1os Javier me entrevisto para hablar del terral \u00a0y lo pase genial .\u00a0<\/strong><\/p>\n<p>&nbsp;<\/p>\n<p>&nbsp;<\/p>\n<p><a href=\"https:\/\/blogs.diariosur.es\/tormentas-y-rayos\/2014\/10\/28\/canal-sur-meteo-ruta-presentado-por-javier-aguilar-entrevistara-hoy-martes-a-los-responsables-de-cazatormentas-net-y-al-blog-tormenta-y-rayos\/javier-aguilar-2-copiar-3\/\" rel=\"attachment wp-att-10062\"><img loading=\"lazy\" class=\"aligncenter size-full wp-image-10062\" title=\"Javier-Aguilar-2-Copiar\" src=\"\/tormentas-y-rayos\/wp-content\/uploads\/sites\/12\/2014\/10\/Javier-Aguilar-2-Copiar2.jpg\" alt=\"\" width=\"640\" height=\"427\" srcset=\"https:\/\/static-blogs.diariosur.es\/wp-content\/uploads\/sites\/12\/2014\/10\/Javier-Aguilar-2-Copiar2.jpg 640w, https:\/\/static-blogs.diariosur.es\/wp-content\/uploads\/sites\/12\/2014\/10\/Javier-Aguilar-2-Copiar2-600x400.jpg 600w\" sizes=\"(max-width: 640px) 100vw, 640px\" \/><\/a><\/p>\n<p>&nbsp;<\/p>\n<p>&nbsp;<\/p>\n<p><strong>Yo\u00a0ir\u00e9\u00a0maquillado de casa, porque no veas que carita tengo jijijij.<\/strong><\/p>\n<p>&nbsp;<\/p>\n<p>&nbsp;<\/p>\n<p><strong>Os dejo un rato cuando son las siete menos diez de la ma\u00f1ana, tiro para la playa para fotografiar el posible candilazo. Tranquilos que me\u00a0pondr\u00e9\u00a0el\u00a0plum\u00f3n.<\/strong><\/p>\n<p>&nbsp;<\/p>\n<p><strong>Ya de vuelta amigos de la meteo, que bonito ha estado. Os paso unas par de fotos, luego\u00a0pendro\u00a0mas en facebbook \u00a0y en flick.<\/strong><\/p>\n<p>&nbsp;<\/p>\n<p><img loading=\"lazy\" class=\"aligncenter\" src=\"https:\/\/farm6.staticflickr.com\/5613\/15462972340_eef93db65e_z.jpg\" alt=\"\" width=\"640\" height=\"427\" \/><\/p>\n<p>&nbsp;<\/p>\n<p>&nbsp;<\/p>\n<p><img loading=\"lazy\" class=\"aligncenter\" src=\"https:\/\/farm8.staticflickr.com\/7561\/15027795714_72060ef79c_z.jpg\" alt=\"\" width=\"640\" height=\"427\" \/><\/p>\n<p>&nbsp;<\/p>\n<p>&nbsp;<\/p>\n<p>&nbsp;<\/p>\n<p>&nbsp;<\/p>\n<p><strong>Poco mas que contar amigos, hoy martes bajaran las\u00a0m\u00e1ximas\u00a0un par de grados, pero ma\u00f1ana\u00a0mi\u00e9rcoles\u00a0y el jueves vuelven a subir. Ya hablaremos de los posibles cambios que se pueden dar a partir del dia 3 o 4 de noviembre en\u00a0Andaluc\u00eda. No hay nada claro aun.\u00a0<\/strong><\/p>\n<p><strong>\u00a0<\/strong><\/p>\n<p>&nbsp;<\/p>\n<p>Os dejo con las fotos que os promet\u00ed, \u00a0gracias son todas una pasada de bonitas<\/p>\n<p>&nbsp;<\/p>\n<p>&nbsp;<\/p>\n<p>&nbsp;<\/p>\n<p><strong>Aurora Pulido.<\/strong><\/p>\n<p>&nbsp;<\/p>\n<p>&nbsp;<\/p>\n<p>&nbsp;<\/p>\n<p><a href=\"https:\/\/blogs.diariosur.es\/tormentas-y-rayos\/2014\/10\/28\/canal-sur-meteo-ruta-presentado-por-javier-aguilar-entrevistara-hoy-martes-a-los-responsables-de-cazatormentas-net-y-al-blog-tormenta-y-rayos\/aurora-pulido-11\/\" rel=\"attachment wp-att-10046\"><img loading=\"lazy\" class=\"aligncenter size-full wp-image-10046\" title=\"aurora pulido\" src=\"\/tormentas-y-rayos\/wp-content\/uploads\/sites\/12\/2014\/10\/aurora-pulido.jpg\" alt=\"\" width=\"640\" height=\"480\" srcset=\"https:\/\/static-blogs.diariosur.es\/wp-content\/uploads\/sites\/12\/2014\/10\/aurora-pulido.jpg 640w, https:\/\/static-blogs.diariosur.es\/wp-content\/uploads\/sites\/12\/2014\/10\/aurora-pulido-533x400.jpg 533w\" sizes=\"(max-width: 640px) 100vw, 640px\" \/><\/a><\/p>\n<p>&nbsp;<\/p>\n<p>&nbsp;<\/p>\n<p><strong>Beatriz Mar\u00eda<\/strong><\/p>\n<p>&nbsp;<\/p>\n<p>&nbsp;<\/p>\n<p><a href=\"https:\/\/blogs.diariosur.es\/tormentas-y-rayos\/2014\/10\/28\/canal-sur-meteo-ruta-presentado-por-javier-aguilar-entrevistara-hoy-martes-a-los-responsables-de-cazatormentas-net-y-al-blog-tormenta-y-rayos\/beatriz-maria-6\/\" rel=\"attachment wp-att-10047\"><img loading=\"lazy\" class=\"aligncenter size-full wp-image-10047\" title=\"beatriz maria\" src=\"\/tormentas-y-rayos\/wp-content\/uploads\/sites\/12\/2014\/10\/beatriz-maria1.jpg\" alt=\"\" width=\"640\" height=\"342\" \/><\/a><\/p>\n<p>&nbsp;<\/p>\n<p><strong>Cristina Montero<\/strong><\/p>\n<p><a href=\"https:\/\/blogs.diariosur.es\/tormentas-y-rayos\/2014\/10\/28\/canal-sur-meteo-ruta-presentado-por-javier-aguilar-entrevistara-hoy-martes-a-los-responsables-de-cazatormentas-net-y-al-blog-tormenta-y-rayos\/cristina-montero\/\" rel=\"attachment wp-att-10048\"><img loading=\"lazy\" class=\"aligncenter size-full wp-image-10048\" title=\"cristina montero\" src=\"\/tormentas-y-rayos\/wp-content\/uploads\/sites\/12\/2014\/10\/cristina-montero.jpg\" alt=\"\" width=\"640\" height=\"480\" srcset=\"https:\/\/static-blogs.diariosur.es\/wp-content\/uploads\/sites\/12\/2014\/10\/cristina-montero.jpg 640w, https:\/\/static-blogs.diariosur.es\/wp-content\/uploads\/sites\/12\/2014\/10\/cristina-montero-533x400.jpg 533w\" sizes=\"(max-width: 640px) 100vw, 640px\" \/><\/a><\/p>\n<p>&nbsp;<\/p>\n<p><strong>Jose Campos Reina<\/strong><\/p>\n<p><a href=\"https:\/\/blogs.diariosur.es\/tormentas-y-rayos\/2014\/10\/28\/canal-sur-meteo-ruta-presentado-por-javier-aguilar-entrevistara-hoy-martes-a-los-responsables-de-cazatormentas-net-y-al-blog-tormenta-y-rayos\/jose-campos-reina-2\/\" rel=\"attachment wp-att-10049\"><img loading=\"lazy\" class=\"aligncenter size-full wp-image-10049\" title=\"jose campos reina\" src=\"\/tormentas-y-rayos\/wp-content\/uploads\/sites\/12\/2014\/10\/jose-campos-reina.jpg\" alt=\"\" width=\"640\" height=\"427\" srcset=\"https:\/\/static-blogs.diariosur.es\/wp-content\/uploads\/sites\/12\/2014\/10\/jose-campos-reina.jpg 640w, https:\/\/static-blogs.diariosur.es\/wp-content\/uploads\/sites\/12\/2014\/10\/jose-campos-reina-600x400.jpg 600w\" sizes=\"(max-width: 640px) 100vw, 640px\" \/><\/a><\/p>\n<p>&nbsp;<\/p>\n<p><strong>Jose Luis Gil.<\/strong><\/p>\n<p><a href=\"https:\/\/blogs.diariosur.es\/tormentas-y-rayos\/2014\/10\/28\/canal-sur-meteo-ruta-presentado-por-javier-aguilar-entrevistara-hoy-martes-a-los-responsables-de-cazatormentas-net-y-al-blog-tormenta-y-rayos\/jose-luis-gil-26\/\" rel=\"attachment wp-att-10050\"><img loading=\"lazy\" class=\"aligncenter size-full wp-image-10050\" title=\"jose luis gil\" src=\"\/tormentas-y-rayos\/wp-content\/uploads\/sites\/12\/2014\/10\/jose-luis-gil9.jpg\" alt=\"\" width=\"640\" height=\"360\" \/><\/a><\/p>\n<p>&nbsp;<\/p>\n<p><strong>Manu Albarran<\/strong><\/p>\n<p><a href=\"https:\/\/blogs.diariosur.es\/tormentas-y-rayos\/2014\/10\/28\/canal-sur-meteo-ruta-presentado-por-javier-aguilar-entrevistara-hoy-martes-a-los-responsables-de-cazatormentas-net-y-al-blog-tormenta-y-rayos\/manu-albarran\/\" rel=\"attachment wp-att-10051\"><img loading=\"lazy\" class=\"aligncenter size-full wp-image-10051\" title=\"manu albarran\" src=\"\/tormentas-y-rayos\/wp-content\/uploads\/sites\/12\/2014\/10\/manu-albarran.jpg\" alt=\"\" width=\"500\" height=\"500\" srcset=\"https:\/\/static-blogs.diariosur.es\/wp-content\/uploads\/sites\/12\/2014\/10\/manu-albarran.jpg 500w, https:\/\/static-blogs.diariosur.es\/wp-content\/uploads\/sites\/12\/2014\/10\/manu-albarran-150x150.jpg 150w, https:\/\/static-blogs.diariosur.es\/wp-content\/uploads\/sites\/12\/2014\/10\/manu-albarran-400x400.jpg 400w\" sizes=\"(max-width: 500px) 100vw, 500px\" \/><\/a><\/p>\n<p>&nbsp;<\/p>\n<p><strong>Mar\u00eda Jose Moyano Ponce<\/strong><\/p>\n<p><a href=\"https:\/\/blogs.diariosur.es\/tormentas-y-rayos\/2014\/10\/28\/canal-sur-meteo-ruta-presentado-por-javier-aguilar-entrevistara-hoy-martes-a-los-responsables-de-cazatormentas-net-y-al-blog-tormenta-y-rayos\/maria-jose-moyano-ponce-4\/\" rel=\"attachment wp-att-10052\"><img loading=\"lazy\" class=\"aligncenter size-full wp-image-10052\" title=\"maria jose moyano ponce\" src=\"\/tormentas-y-rayos\/wp-content\/uploads\/sites\/12\/2014\/10\/maria-jose-moyano-ponce3.jpg\" alt=\"\" width=\"470\" height=\"627\" srcset=\"https:\/\/static-blogs.diariosur.es\/wp-content\/uploads\/sites\/12\/2014\/10\/maria-jose-moyano-ponce3.jpg 470w, https:\/\/static-blogs.diariosur.es\/wp-content\/uploads\/sites\/12\/2014\/10\/maria-jose-moyano-ponce3-300x400.jpg 300w\" sizes=\"(max-width: 470px) 100vw, 470px\" \/><\/a><\/p>\n<p>&nbsp;<\/p>\n<p><strong>Maril\u00f3 Diaz<\/strong><\/p>\n<p><a href=\"https:\/\/blogs.diariosur.es\/tormentas-y-rayos\/2014\/10\/28\/canal-sur-meteo-ruta-presentado-por-javier-aguilar-entrevistara-hoy-martes-a-los-responsables-de-cazatormentas-net-y-al-blog-tormenta-y-rayos\/marilo-diaz-8\/\" rel=\"attachment wp-att-10053\"><img loading=\"lazy\" class=\"aligncenter size-full wp-image-10053\" title=\"marilo diaz\" src=\"\/tormentas-y-rayos\/wp-content\/uploads\/sites\/12\/2014\/10\/marilo-diaz.jpg\" alt=\"\" width=\"640\" height=\"480\" srcset=\"https:\/\/static-blogs.diariosur.es\/wp-content\/uploads\/sites\/12\/2014\/10\/marilo-diaz.jpg 640w, https:\/\/static-blogs.diariosur.es\/wp-content\/uploads\/sites\/12\/2014\/10\/marilo-diaz-533x400.jpg 533w\" sizes=\"(max-width: 640px) 100vw, 640px\" \/><\/a><\/p>\n<p>&nbsp;<\/p>\n<p><strong>Paqui Lara Amores<\/strong><\/p>\n<p><a href=\"https:\/\/blogs.diariosur.es\/tormentas-y-rayos\/2014\/10\/28\/canal-sur-meteo-ruta-presentado-por-javier-aguilar-entrevistara-hoy-martes-a-los-responsables-de-cazatormentas-net-y-al-blog-tormenta-y-rayos\/paqui-lara-a-mores\/\" rel=\"attachment wp-att-10054\"><img loading=\"lazy\" class=\"aligncenter size-full wp-image-10054\" title=\"paqui lara a mores\" src=\"\/tormentas-y-rayos\/wp-content\/uploads\/sites\/12\/2014\/10\/paqui-lara-a-mores.jpg\" alt=\"\" width=\"640\" height=\"360\" \/><\/a><\/p>\n<p>&nbsp;<\/p>\n<p>&nbsp;<\/p>\n<p><strong>Francisco Rubio.<\/strong><br \/>\n<a href=\"https:\/\/blogs.diariosur.es\/tormentas-y-rayos\/2014\/10\/28\/canal-sur-meteo-ruta-presentado-por-javier-aguilar-entrevistara-hoy-martes-a-los-responsables-de-cazatormentas-net-y-al-blog-tormenta-y-rayos\/atardecer-diferente-1-3\/\" rel=\"attachment wp-att-10057\"><img loading=\"lazy\" class=\"aligncenter size-full wp-image-10057\" title=\"Atardecer diferente (1)\" src=\"\/tormentas-y-rayos\/wp-content\/uploads\/sites\/12\/2014\/10\/Atardecer-diferente-12.jpg\" alt=\"\" width=\"640\" height=\"430\" srcset=\"https:\/\/static-blogs.diariosur.es\/wp-content\/uploads\/sites\/12\/2014\/10\/Atardecer-diferente-12.jpg 640w, https:\/\/static-blogs.diariosur.es\/wp-content\/uploads\/sites\/12\/2014\/10\/Atardecer-diferente-12-595x400.jpg 595w\" sizes=\"(max-width: 640px) 100vw, 640px\" \/><\/a><\/p>\n","protected":false},"excerpt":{"rendered":"<p>&nbsp; &nbsp; &nbsp; &nbsp; &nbsp; Buenos\u00a0d\u00edas\u00a0amigos de la meteo. Registro 20 grados en mi estaci\u00f3n, las nubes bajas debidas al levante son protagonistas,\u00a0as\u00ed\u00a0como tambi\u00e9n\u00a0distingo\u00a0en el\u00a0sat\u00e9lite\u00a0eumetsat medias y altas tipo cirrus. &nbsp; &nbsp; Otro protagonista el resfriado que tengo, la caminata del domingo por la playa a pleno sol me ha pasado factura, espero no pegarles [&hellip;]<\/p>\n","protected":false},"author":16,"featured_media":10061,"comment_status":"open","ping_status":"open","sticky":false,"template":"","format":"standard","meta":[],"categories":[2],"tags":[52,181,218,531,647,847,992],"_links":{"self":[{"href":"https:\/\/blogs.diariosur.es\/tormentas-y-rayos\/wp-json\/wp\/v2\/posts\/10045"}],"collection":[{"href":"https:\/\/blogs.diariosur.es\/tormentas-y-rayos\/wp-json\/wp\/v2\/posts"}],"about":[{"href":"https:\/\/blogs.diariosur.es\/tormentas-y-rayos\/wp-json\/wp\/v2\/types\/post"}],"author":[{"embeddable":true,"href":"https:\/\/blogs.diariosur.es\/tormentas-y-rayos\/wp-json\/wp\/v2\/users\/16"}],"replies":[{"embeddable":true,"href":"https:\/\/blogs.diariosur.es\/tormentas-y-rayos\/wp-json\/wp\/v2\/comments?post=10045"}],"version-history":[{"count":0,"href":"https:\/\/blogs.diariosur.es\/tormentas-y-rayos\/wp-json\/wp\/v2\/posts\/10045\/revisions"}],"wp:featuredmedia":[{"embeddable":true,"href":"https:\/\/blogs.diariosur.es\/tormentas-y-rayos\/wp-json\/wp\/v2\/media\/10061"}],"wp:attachment":[{"href":"https:\/\/blogs.diariosur.es\/tormentas-y-rayos\/wp-json\/wp\/v2\/media?parent=10045"}],"wp:term":[{"taxonomy":"category","embeddable":true,"href":"https:\/\/blogs.diariosur.es\/tormentas-y-rayos\/wp-json\/wp\/v2\/categories?post=10045"},{"taxonomy":"post_tag","embeddable":true,"href":"https:\/\/blogs.diariosur.es\/tormentas-y-rayos\/wp-json\/wp\/v2\/tags?post=10045"}],"curies":[{"name":"wp","href":"https:\/\/api.w.org\/{rel}","templated":true}]}}