{"id":10064,"date":"2014-10-29T07:01:32","date_gmt":"2014-10-29T06:01:32","guid":{"rendered":"http:\/\/blogs.diariosur.es\/tormentas-y-rayos\/?p=10064"},"modified":"2014-10-29T07:01:32","modified_gmt":"2014-10-29T06:01:32","slug":"prevision-del-tiempo-andalucia-seguimos-con-el-verono-impresionante-supercelula-fotografiada-por-bob-larson-en-el-national-geographic","status":"publish","type":"post","link":"https:\/\/blogs.diariosur.es\/tormentas-y-rayos\/2014\/10\/29\/prevision-del-tiempo-andalucia-seguimos-con-el-verono-impresionante-supercelula-fotografiada-por-bob-larson-en-el-national-geographic\/","title":{"rendered":"Previsi\u00f3n del tiempo Andaluc\u00eda. Seguimos con el vero\u00f1o. Impresionante superc\u00e9lula fotografiada por  Bob Larson en el  National Geographic."},"content":{"rendered":"<p><img loading=\"lazy\" class=\"aligncenter\" src=\"https:\/\/farm3.staticflickr.com\/2898\/14371881571_bbae3518b1_q.jpg\" alt=\"\" width=\"150\" height=\"150\" \/><\/p>\n<p>&nbsp;<\/p>\n<p>&nbsp;<\/p>\n<p>&nbsp;<\/p>\n<p>&nbsp;<\/p>\n<p>&nbsp;<\/p>\n<p>&nbsp;<\/p>\n<p><strong>Buenos dias amigos de la meteo, son las cinco y media de la ma\u00f1ana registro 37 y 5\u00a0d\u00e9cimas\u00a0y los cielos est\u00e1n con nubes bajas debido al levante, uyyyyyyyyyy&#8230;. \u00a0quer\u00eda\u00a0decir 20 grados jijiji. La garganta me esta pasando factura.\u00a0<\/strong><\/p>\n<p><strong>\u00a0Seguiremos con esta palabra que ya circula por toda Espa\u00f1a: EL \u00a0VERO\u00d1O jijijij. Tanto hoy como ma\u00f1ana las\u00a0m\u00e1ximas\u00a0estar\u00e1n\u00a0cercanas a los 28 y 29 grados por el Valle del Guadalquivir e interior. En M\u00e1laga Capital las\u00a0m\u00e1ximas\u00a0se\u00a0acercaran a los 24 o 26 grados. Hasta el viernes, el viento de levante sera el protagonista.<\/strong><\/p>\n<p>&nbsp;<\/p>\n<p><strong>Me\u00a0est\u00e1is\u00a0preguntando si \u00a0para el dia \u00a02 , 3, 4 \u00a0de Noviembre \u00a0se esperan lluvias y bajadas de temperaturas, pues \u00a0hay algunos modelos que la dan y otros que no. Ya veremos si esa vaguada entra y se cumple esa inestabilizaci\u00f3n , asi como bajadas de temperaturas. Hasta ma\u00f1ana o el viernes no\u00a0habr\u00e1\u00a0nada claro. Los modelos cada\u00a0d\u00eda\u00a0dicen una cosa.<\/strong><\/p>\n<p><strong>\u00a0Lo\u00a0\u00fanico\u00a0bueno de esta situaci\u00f3n es que trae bonitos amaneceres con nubes bajas, como este que se dio ayer martes.<\/strong><\/p>\n<p>&nbsp;<\/p>\n<p><img loading=\"lazy\" class=\"aligncenter\" src=\"https:\/\/farm6.staticflickr.com\/5612\/15645855281_eb9e205d41_z.jpg\" alt=\"\" width=\"640\" height=\"427\" \/><\/p>\n<p>&nbsp;<\/p>\n<p>&nbsp;<\/p>\n<p><strong>Que bien lo hemos pasado mis amigos Paco Mart\u00edn, Juan Arrebola y yo. La entrevista una gozada, y es que Javier Aguilar es un pedazo de profesional, al igual que el\u00a0c\u00e1mara Marcelo. Hemos estado hablando de las minigalernas \u00a0malague\u00f1as o viento sucio \u00a0producidas por el cambio de viento de terral a levante.\u00a0<\/strong><\/p>\n<p><strong>Os paso algunas fotos de la entrevista.<\/strong><\/p>\n<p>&nbsp;<\/p>\n<p><img loading=\"lazy\" class=\"aligncenter\" src=\"https:\/\/farm6.staticflickr.com\/5610\/15649888131_044f408c50_z.jpg\" alt=\"\" width=\"640\" height=\"427\" \/><\/p>\n<p>&nbsp;<\/p>\n<p><img loading=\"lazy\" class=\"aligncenter\" src=\"https:\/\/farm8.staticflickr.com\/7547\/15628856956_068049c775_z.jpg\" alt=\"\" width=\"640\" height=\"427\" \/><\/p>\n<p>&nbsp;<\/p>\n<p><img loading=\"lazy\" class=\"aligncenter\" src=\"https:\/\/farm8.staticflickr.com\/7490\/15467001340_f532fcce0b_z.jpg\" alt=\"\" width=\"640\" height=\"427\" \/><\/p>\n<p>&nbsp;<\/p>\n<p><img loading=\"lazy\" class=\"aligncenter\" src=\"https:\/\/farm4.staticflickr.com\/3946\/15031815354_6fc355cceb_z.jpg\" alt=\"\" width=\"640\" height=\"454\" \/><\/p>\n<p>&nbsp;<\/p>\n<p>&nbsp;<\/p>\n<p><strong>Os paso el enlace al Blog de Meteorutas que tiene Javier, hay montones de\u00a0v\u00eddeos\u00a0hablando de muchos temas de meteo. <a href=\"http:\/\/blogs.canalsur.es\/eltiempo\/\" rel=\"external nofollow\">ENLACE<\/a><\/strong><\/p>\n<p>&nbsp;<\/p>\n<p><strong>Yo veo esto en directo y no se lo que hacer, impresionante superc\u00e9lula en Arizona, fotografiada por Bob Larson. En el National Geographic se ven verdaderos fotones.<\/strong><\/p>\n<p>&nbsp;<\/p>\n<p><a href=\"https:\/\/blogs.diariosur.es\/tormentas-y-rayos\/2014\/10\/29\/prevision-del-tiempo-andalucia-seguimos-con-el-verono-impresionante-supercelula-fotografiada-por-bob-larson-en-el-national-geographic\/captura-487\/\" rel=\"attachment wp-att-10067\"><img loading=\"lazy\" class=\"aligncenter size-full wp-image-10067\" title=\"Captura\" src=\"\/tormentas-y-rayos\/wp-content\/uploads\/sites\/12\/2014\/10\/Captura38.jpg\" alt=\"\" width=\"640\" height=\"362\" \/><\/a><\/p>\n<p>&nbsp;<\/p>\n<p>&nbsp;<\/p>\n<p><strong>Os pongo unas \u00a0fotos que me\u00a0hab\u00e9is\u00a0mandado. Son preciosas.<\/strong><\/p>\n<p><strong>Paqui Carnero desde Huelin, esa barca me suena un mont\u00f3n jijiji. La barca mas fotografiada de M\u00e1laga.<\/strong><\/p>\n<p>&nbsp;<\/p>\n<p><a href=\"https:\/\/blogs.diariosur.es\/tormentas-y-rayos\/2014\/10\/29\/prevision-del-tiempo-andalucia-seguimos-con-el-verono-impresionante-supercelula-fotografiada-por-bob-larson-en-el-national-geographic\/paqui-carnero-13\/\" rel=\"attachment wp-att-10065\"><img loading=\"lazy\" class=\"aligncenter size-full wp-image-10065\" title=\"paqui carnero\" src=\"\/tormentas-y-rayos\/wp-content\/uploads\/sites\/12\/2014\/10\/paqui-carnero.jpg\" alt=\"\" width=\"640\" height=\"357\" \/><\/a><\/p>\n<p>&nbsp;<\/p>\n<p>&nbsp;<\/p>\n<p><strong>Mi amigo Juan Repetto, el viernes pasado pesco un sargo de dos kilos. Preciosa foto.<\/strong><\/p>\n<p>&nbsp;<\/p>\n<p><a href=\"https:\/\/blogs.diariosur.es\/tormentas-y-rayos\/2014\/10\/29\/prevision-del-tiempo-andalucia-seguimos-con-el-verono-impresionante-supercelula-fotografiada-por-bob-larson-en-el-national-geographic\/juan-repetto_1\/\" rel=\"attachment wp-att-10066\"><img loading=\"lazy\" class=\"aligncenter size-full wp-image-10066\" title=\"juan repetto_1\" src=\"\/tormentas-y-rayos\/wp-content\/uploads\/sites\/12\/2014\/10\/juan-repetto_1.jpg\" alt=\"\" width=\"640\" height=\"480\" srcset=\"https:\/\/static-blogs.diariosur.es\/wp-content\/uploads\/sites\/12\/2014\/10\/juan-repetto_1.jpg 640w, https:\/\/static-blogs.diariosur.es\/wp-content\/uploads\/sites\/12\/2014\/10\/juan-repetto_1-533x400.jpg 533w\" sizes=\"(max-width: 640px) 100vw, 640px\" \/><\/a><\/p>\n<p>&nbsp;<\/p>\n<p><strong>Bernabe de la Rosa desde el\u00a0espig\u00f3n\u00a0de la\u00a0t\u00e9rmica. Unos minutos antes estuvo conmigo.<\/strong><\/p>\n<p>&nbsp;<\/p>\n<p><a href=\"https:\/\/blogs.diariosur.es\/tormentas-y-rayos\/2014\/10\/29\/prevision-del-tiempo-andalucia-seguimos-con-el-verono-impresionante-supercelula-fotografiada-por-bob-larson-en-el-national-geographic\/o-3\/\" rel=\"attachment wp-att-10068\"><img loading=\"lazy\" class=\"aligncenter size-full wp-image-10068\" title=\"O\" src=\"\/tormentas-y-rayos\/wp-content\/uploads\/sites\/12\/2014\/10\/2014-10-28.jpg\" alt=\"\" width=\"640\" height=\"474\" srcset=\"https:\/\/static-blogs.diariosur.es\/wp-content\/uploads\/sites\/12\/2014\/10\/2014-10-28.jpg 640w, https:\/\/static-blogs.diariosur.es\/wp-content\/uploads\/sites\/12\/2014\/10\/2014-10-28-540x400.jpg 540w\" sizes=\"(max-width: 640px) 100vw, 640px\" \/><\/a><\/p>\n<p>&nbsp;<\/p>\n<p>&nbsp;<\/p>\n<p><strong>Os dejo hasta ma\u00f1ana o el viernes. Acaba de bajar la temperatura a 37 grados jijijij, el gelocatil de un kilo ha hecho efecto.<\/strong><\/p>\n","protected":false},"excerpt":{"rendered":"<p>&nbsp; &nbsp; &nbsp; &nbsp; &nbsp; &nbsp; Buenos dias amigos de la meteo, son las cinco y media de la ma\u00f1ana registro 37 y 5\u00a0d\u00e9cimas\u00a0y los cielos est\u00e1n con nubes bajas debido al levante, uyyyyyyyyyy&#8230;. \u00a0quer\u00eda\u00a0decir 20 grados jijiji. La garganta me esta pasando factura.\u00a0 \u00a0Seguiremos con esta palabra que ya circula por toda Espa\u00f1a: EL [&hellip;]<\/p>\n","protected":false},"author":16,"featured_media":10067,"comment_status":"open","ping_status":"open","sticky":false,"template":"","format":"standard","meta":[],"categories":[2],"tags":[100,186,422,503,677,809,942,980],"_links":{"self":[{"href":"https:\/\/blogs.diariosur.es\/tormentas-y-rayos\/wp-json\/wp\/v2\/posts\/10064"}],"collection":[{"href":"https:\/\/blogs.diariosur.es\/tormentas-y-rayos\/wp-json\/wp\/v2\/posts"}],"about":[{"href":"https:\/\/blogs.diariosur.es\/tormentas-y-rayos\/wp-json\/wp\/v2\/types\/post"}],"author":[{"embeddable":true,"href":"https:\/\/blogs.diariosur.es\/tormentas-y-rayos\/wp-json\/wp\/v2\/users\/16"}],"replies":[{"embeddable":true,"href":"https:\/\/blogs.diariosur.es\/tormentas-y-rayos\/wp-json\/wp\/v2\/comments?post=10064"}],"version-history":[{"count":0,"href":"https:\/\/blogs.diariosur.es\/tormentas-y-rayos\/wp-json\/wp\/v2\/posts\/10064\/revisions"}],"wp:featuredmedia":[{"embeddable":true,"href":"https:\/\/blogs.diariosur.es\/tormentas-y-rayos\/wp-json\/wp\/v2\/media\/10067"}],"wp:attachment":[{"href":"https:\/\/blogs.diariosur.es\/tormentas-y-rayos\/wp-json\/wp\/v2\/media?parent=10064"}],"wp:term":[{"taxonomy":"category","embeddable":true,"href":"https:\/\/blogs.diariosur.es\/tormentas-y-rayos\/wp-json\/wp\/v2\/categories?post=10064"},{"taxonomy":"post_tag","embeddable":true,"href":"https:\/\/blogs.diariosur.es\/tormentas-y-rayos\/wp-json\/wp\/v2\/tags?post=10064"}],"curies":[{"name":"wp","href":"https:\/\/api.w.org\/{rel}","templated":true}]}}