{"id":10069,"date":"2014-10-30T07:26:49","date_gmt":"2014-10-30T06:26:49","guid":{"rendered":"http:\/\/blogs.diariosur.es\/tormentas-y-rayos\/?p=10069"},"modified":"2014-10-30T07:26:49","modified_gmt":"2014-10-30T06:26:49","slug":"prevision-del-tiempo-andalucia-el-frio-el-viento-y-las-lluvias-seran-protagonistas-la-semana-que-viene-en-muchos-puntos-de-la-peninsula","status":"publish","type":"post","link":"https:\/\/blogs.diariosur.es\/tormentas-y-rayos\/2014\/10\/30\/prevision-del-tiempo-andalucia-el-frio-el-viento-y-las-lluvias-seran-protagonistas-la-semana-que-viene-en-muchos-puntos-de-la-peninsula\/","title":{"rendered":"Previsi\u00f3n del tiempo Andaluc\u00eda. El frio, el viento y  las lluvias ser\u00e1n  protagonistas la semana que viene en muchos puntos de la peninsula."},"content":{"rendered":"<p><img loading=\"lazy\" class=\"aligncenter\" src=\"https:\/\/farm6.staticflickr.com\/5566\/14568830453_8e0522e3fc_q.jpg\" alt=\"\" width=\"150\" height=\"150\" \/><\/p>\n<p>&nbsp;<\/p>\n<p>&nbsp;<\/p>\n<p>&nbsp;<\/p>\n<p>&nbsp;<\/p>\n<p>&nbsp;<\/p>\n<p><strong>Buenos dias amigos de la meteo, son las siete de la ma\u00f1ana, registro 18 grados y los cielos andaluces est\u00e1n despejados. Hoy y ma\u00f1ana las maximas llegaran casi a los 30 grados en algunos puntos de Andaluc\u00eda. El levante tomara protagonismo en el Estrecho.<\/strong><\/p>\n<p><strong>Pues si amigos, a partir del domingo por la noche empezara a cambiar el tiempo, antes lo\u00a0habr\u00e1\u00a0hecho por la zona mas occidental del noroeste de la\u00a0pen\u00ednsula. Este cambio \u00a0se\u00a0producir\u00e1\u00a0 al desaparecer la dorsal Africana, formarse un potente anticiclon tanto \u00a0al noreste del continente europeo como en las Islas Azores , esta\u00a0situaci\u00f3n\u00a0creara un pasillo para que entre en la peninsula una vaguada que trae consigo un mas de aire polar\u00a0mar\u00edtimo\u00a0inestable. De momento os paso estos mapas previstos para los primeros dias de la semana. Ma\u00f1ana con mas tiempo concretaremos esta situaci\u00f3n. Fuente gfs ,meteociel<\/strong><\/p>\n<p><a href=\"https:\/\/blogs.diariosur.es\/tormentas-y-rayos\/2014\/10\/30\/prevision-del-tiempo-andalucia-el-frio-el-viento-y-las-lluvias-seran-protagonistas-la-semana-que-viene-en-muchos-puntos-de-la-peninsula\/3-42\/\" rel=\"attachment wp-att-10070\"><img loading=\"lazy\" class=\"aligncenter size-medium wp-image-10070\" title=\"3\" src=\"\/tormentas-y-rayos\/wp-content\/uploads\/sites\/12\/2014\/10\/31.jpg\" alt=\"\" width=\"600\" height=\"160\" srcset=\"https:\/\/static-blogs.diariosur.es\/wp-content\/uploads\/sites\/12\/2014\/10\/31.jpg 998w, https:\/\/static-blogs.diariosur.es\/wp-content\/uploads\/sites\/12\/2014\/10\/31-640x171.jpg 640w, https:\/\/static-blogs.diariosur.es\/wp-content\/uploads\/sites\/12\/2014\/10\/31-768x205.jpg 768w\" sizes=\"(max-width: 600px) 100vw, 600px\" \/><\/a><\/p>\n<p>&nbsp;<\/p>\n<p><a href=\"https:\/\/blogs.diariosur.es\/tormentas-y-rayos\/2014\/10\/30\/prevision-del-tiempo-andalucia-el-frio-el-viento-y-las-lluvias-seran-protagonistas-la-semana-que-viene-en-muchos-puntos-de-la-peninsula\/2-65\/\" rel=\"attachment wp-att-10071\"><img loading=\"lazy\" class=\"aligncenter size-medium wp-image-10071\" title=\"2\" src=\"\/tormentas-y-rayos\/wp-content\/uploads\/sites\/12\/2014\/10\/22.jpg\" alt=\"\" width=\"600\" height=\"157\" srcset=\"https:\/\/static-blogs.diariosur.es\/wp-content\/uploads\/sites\/12\/2014\/10\/22.jpg 999w, https:\/\/static-blogs.diariosur.es\/wp-content\/uploads\/sites\/12\/2014\/10\/22-640x168.jpg 640w, https:\/\/static-blogs.diariosur.es\/wp-content\/uploads\/sites\/12\/2014\/10\/22-768x202.jpg 768w\" sizes=\"(max-width: 600px) 100vw, 600px\" \/><\/a><\/p>\n<p>&nbsp;<\/p>\n<p><a href=\"https:\/\/blogs.diariosur.es\/tormentas-y-rayos\/2014\/10\/30\/prevision-del-tiempo-andalucia-el-frio-el-viento-y-las-lluvias-seran-protagonistas-la-semana-que-viene-en-muchos-puntos-de-la-peninsula\/1-89\/\" rel=\"attachment wp-att-10072\"><img loading=\"lazy\" class=\"aligncenter size-medium wp-image-10072\" title=\"1\" src=\"\/tormentas-y-rayos\/wp-content\/uploads\/sites\/12\/2014\/10\/14.jpg\" alt=\"\" width=\"600\" height=\"158\" srcset=\"https:\/\/static-blogs.diariosur.es\/wp-content\/uploads\/sites\/12\/2014\/10\/14.jpg 1005w, https:\/\/static-blogs.diariosur.es\/wp-content\/uploads\/sites\/12\/2014\/10\/14-640x169.jpg 640w, https:\/\/static-blogs.diariosur.es\/wp-content\/uploads\/sites\/12\/2014\/10\/14-768x203.jpg 768w\" sizes=\"(max-width: 600px) 100vw, 600px\" \/><\/a><\/p>\n<p>&nbsp;<\/p>\n<p>&nbsp;<\/p>\n<p><a href=\"https:\/\/blogs.diariosur.es\/tormentas-y-rayos\/2014\/10\/30\/prevision-del-tiempo-andalucia-el-frio-el-viento-y-las-lluvias-seran-protagonistas-la-semana-que-viene-en-muchos-puntos-de-la-peninsula\/captura-488\/\" rel=\"attachment wp-att-10073\"><img loading=\"lazy\" class=\"aligncenter size-medium wp-image-10073\" title=\"Captura\" src=\"\/tormentas-y-rayos\/wp-content\/uploads\/sites\/12\/2014\/10\/Captura39.jpg\" alt=\"\" width=\"600\" height=\"370\" srcset=\"https:\/\/static-blogs.diariosur.es\/wp-content\/uploads\/sites\/12\/2014\/10\/Captura39.jpg 765w, https:\/\/static-blogs.diariosur.es\/wp-content\/uploads\/sites\/12\/2014\/10\/Captura39-640x396.jpg 640w\" sizes=\"(max-width: 600px) 100vw, 600px\" \/><\/a><\/p>\n<p>&nbsp;<\/p>\n<p>&nbsp;<\/p>\n<p><strong>Como os comento arriba de estos mapas, a partir de ma\u00f1ana haremos un seguimiento especial de esta situaci\u00f3n y como\u00a0afectar\u00eda\u00a0a Andaluc\u00eda. Lo que esta claro que al vero\u00f1o le quedan los dias contados. Asi que aprovechar estos dias la playa.<\/strong><\/p>\n<p><strong>Poco mas que contar amigos, os dejo con unas cuantas fotos<\/strong>\u00a0.<\/p>\n<p>&nbsp;<\/p>\n<p>&nbsp;<\/p>\n<p><img loading=\"lazy\" class=\"aligncenter\" src=\"https:\/\/farm4.staticflickr.com\/3869\/14396837051_8dbaaa4f58_z.jpg\" alt=\"\" width=\"640\" height=\"428\" \/><\/p>\n<p>&nbsp;<\/p>\n<p>&nbsp;<\/p>\n<p><img loading=\"lazy\" class=\"aligncenter\" src=\"https:\/\/farm6.staticflickr.com\/5475\/14134441968_b56ff397af_z.jpg\" alt=\"\" width=\"640\" height=\"427\" \/><\/p>\n<p>&nbsp;<\/p>\n<p><img loading=\"lazy\" class=\"aligncenter\" src=\"https:\/\/farm9.staticflickr.com\/8107\/8491266627_3d838ba3be_z.jpg\" alt=\"\" width=\"640\" height=\"480\" \/><\/p>\n<p>&nbsp;<\/p>\n","protected":false},"excerpt":{"rendered":"<p>&nbsp; &nbsp; &nbsp; &nbsp; &nbsp; Buenos dias amigos de la meteo, son las siete de la ma\u00f1ana, registro 18 grados y los cielos andaluces est\u00e1n despejados. Hoy y ma\u00f1ana las maximas llegaran casi a los 30 grados en algunos puntos de Andaluc\u00eda. El levante tomara protagonismo en el Estrecho. Pues si amigos, a partir del [&hellip;]<\/p>\n","protected":false},"author":16,"featured_media":10073,"comment_status":"open","ping_status":"open","sticky":false,"template":"","format":"standard","meta":[],"categories":[2],"tags":[100,432,569,809,980,1059],"_links":{"self":[{"href":"https:\/\/blogs.diariosur.es\/tormentas-y-rayos\/wp-json\/wp\/v2\/posts\/10069"}],"collection":[{"href":"https:\/\/blogs.diariosur.es\/tormentas-y-rayos\/wp-json\/wp\/v2\/posts"}],"about":[{"href":"https:\/\/blogs.diariosur.es\/tormentas-y-rayos\/wp-json\/wp\/v2\/types\/post"}],"author":[{"embeddable":true,"href":"https:\/\/blogs.diariosur.es\/tormentas-y-rayos\/wp-json\/wp\/v2\/users\/16"}],"replies":[{"embeddable":true,"href":"https:\/\/blogs.diariosur.es\/tormentas-y-rayos\/wp-json\/wp\/v2\/comments?post=10069"}],"version-history":[{"count":0,"href":"https:\/\/blogs.diariosur.es\/tormentas-y-rayos\/wp-json\/wp\/v2\/posts\/10069\/revisions"}],"wp:featuredmedia":[{"embeddable":true,"href":"https:\/\/blogs.diariosur.es\/tormentas-y-rayos\/wp-json\/wp\/v2\/media\/10073"}],"wp:attachment":[{"href":"https:\/\/blogs.diariosur.es\/tormentas-y-rayos\/wp-json\/wp\/v2\/media?parent=10069"}],"wp:term":[{"taxonomy":"category","embeddable":true,"href":"https:\/\/blogs.diariosur.es\/tormentas-y-rayos\/wp-json\/wp\/v2\/categories?post=10069"},{"taxonomy":"post_tag","embeddable":true,"href":"https:\/\/blogs.diariosur.es\/tormentas-y-rayos\/wp-json\/wp\/v2\/tags?post=10069"}],"curies":[{"name":"wp","href":"https:\/\/api.w.org\/{rel}","templated":true}]}}