{"id":10074,"date":"2014-10-31T07:22:08","date_gmt":"2014-10-31T06:22:08","guid":{"rendered":"http:\/\/blogs.diariosur.es\/tormentas-y-rayos\/?p=10074"},"modified":"2014-10-31T07:22:08","modified_gmt":"2014-10-31T06:22:08","slug":"prevision-del-tiempo-seguimiento-especial-cambio-brusco-del-tiempo-en-toda-la-peninsula-masa-de-aire-polar-maritimo-inestable-os-explico-el-por-que-de-este-cambio","status":"publish","type":"post","link":"https:\/\/blogs.diariosur.es\/tormentas-y-rayos\/2014\/10\/31\/prevision-del-tiempo-seguimiento-especial-cambio-brusco-del-tiempo-en-toda-la-peninsula-masa-de-aire-polar-maritimo-inestable-os-explico-el-por-que-de-este-cambio\/","title":{"rendered":"Previsi\u00f3n del tiempo. Seguimiento especial cambio brusco del tiempo en toda la pen\u00ednsula. Masa de aire polar mar\u00edtimo inestable. Os explico el por qu\u00e9 de este cambio."},"content":{"rendered":"<p><img loading=\"lazy\" class=\"aligncenter\" src=\"https:\/\/farm3.staticflickr.com\/2898\/14371881571_bbae3518b1_q.jpg\" alt=\"\" width=\"150\" height=\"150\" \/><\/p>\n<p>&nbsp;<\/p>\n<p>&nbsp;<\/p>\n<p>&nbsp;<\/p>\n<p>&nbsp;<\/p>\n<p>&nbsp;<\/p>\n<p>&nbsp;<\/p>\n<p><strong>Buenos\u00a0d\u00edas\u00a0amigos de la meteo, son las seis de la ma\u00f1ana, registro 18 grados y los cielos est\u00e1n algo nubosos.<\/strong><\/p>\n<p><strong>Ayer os comentaba que al vero\u00f1o le quedaban los\u00a0d\u00edas\u00a0contados, y que hoy os\u00a0explicar\u00eda\u00a0y como siempre hago de forma sencilla el por qu\u00e9. Pues vamos a ello amigos de la meteo.<\/strong><\/p>\n<p><strong>Lo primero mostraros un mapa actual que guarde ayer, en el\u00a0pod\u00e9is\u00a0ver como aun la dorsal africana\u00a0anticicl\u00f3nica\u00a0sigue de protagonista esta ma\u00f1ana. Esto hace de pared para que los frentes no entren.<\/strong><\/p>\n<p><strong>Fuente Meteociel.<\/strong><\/p>\n<p>&nbsp;<\/p>\n<p><a href=\"https:\/\/blogs.diariosur.es\/tormentas-y-rayos\/2014\/10\/31\/prevision-del-tiempo-seguimiento-especial-cambio-brusco-del-tiempo-en-toda-la-peninsula-masa-de-aire-polar-maritimo-inestable-os-explico-el-por-que-de-este-cambio\/dorsal-5\/\" rel=\"attachment wp-att-10075\"><img loading=\"lazy\" class=\"aligncenter size-medium wp-image-10075\" title=\"dorsal\" src=\"\/tormentas-y-rayos\/wp-content\/uploads\/sites\/12\/2014\/10\/dorsal.jpg\" alt=\"\" width=\"600\" height=\"376\" srcset=\"https:\/\/static-blogs.diariosur.es\/wp-content\/uploads\/sites\/12\/2014\/10\/dorsal.jpg 772w, https:\/\/static-blogs.diariosur.es\/wp-content\/uploads\/sites\/12\/2014\/10\/dorsal-637x400.jpg 637w, https:\/\/static-blogs.diariosur.es\/wp-content\/uploads\/sites\/12\/2014\/10\/dorsal-768x482.jpg 768w\" sizes=\"(max-width: 600px) 100vw, 600px\" \/><\/a><\/p>\n<p>&nbsp;<\/p>\n<p>&nbsp;<\/p>\n<p><strong>\u00a0Pero en \u00a0este otro mapa previsto para hoy por la tarde, pod\u00e9is apreciar como la dorsal anticicl\u00f3nica se mueve hacia el noreste. \u00a0 Ma\u00f1ana\u00a0s\u00e1bado la dorsal\u00a0seguir\u00eda\u00a0desplaz\u00e1ndose mas aun\u00a0. Esto\u00a0contribuir\u00e1\u00a0a que el primer frente afecte hoy al noroeste de Galicia.<\/strong><\/p>\n<p>&nbsp;<\/p>\n<p><a href=\"https:\/\/blogs.diariosur.es\/tormentas-y-rayos\/2014\/10\/31\/prevision-del-tiempo-seguimiento-especial-cambio-brusco-del-tiempo-en-toda-la-peninsula-masa-de-aire-polar-maritimo-inestable-os-explico-el-por-que-de-este-cambio\/hoy-por-la-tarde\/\" rel=\"attachment wp-att-10080\"><img loading=\"lazy\" class=\"aligncenter size-medium wp-image-10080\" title=\"hoy por la tarde\" src=\"\/tormentas-y-rayos\/wp-content\/uploads\/sites\/12\/2014\/10\/hoy-por-la-tarde.jpg\" alt=\"\" width=\"600\" height=\"374\" srcset=\"https:\/\/static-blogs.diariosur.es\/wp-content\/uploads\/sites\/12\/2014\/10\/hoy-por-la-tarde.jpg 764w, https:\/\/static-blogs.diariosur.es\/wp-content\/uploads\/sites\/12\/2014\/10\/hoy-por-la-tarde-640x400.jpg 640w\" sizes=\"(max-width: 600px) 100vw, 600px\" \/><\/a><\/p>\n<p>&nbsp;<\/p>\n<p>&nbsp;<\/p>\n<p>&nbsp;<\/p>\n<p><strong>Claro esta que \u00a0todo este cambio se debe a la potente borrasca situada cerca de las Islas\u00a0Brit\u00e1nicas. El primer frente ya esta llegando a Galicia, pero solo afectara a esta zona. Os paso una imagen del satelite eumetsat.<\/strong><\/p>\n<p><strong><\/strong><strong>\u00a0<a href=\"https:\/\/blogs.diariosur.es\/tormentas-y-rayos\/2014\/10\/31\/prevision-del-tiempo-seguimiento-especial-cambio-brusco-del-tiempo-en-toda-la-peninsula-masa-de-aire-polar-maritimo-inestable-os-explico-el-por-que-de-este-cambio\/satelite-eumetsat\/\" rel=\"attachment wp-att-10081\"><img loading=\"lazy\" class=\"aligncenter size-medium wp-image-10081\" title=\"satelite eumetsat\" src=\"\/tormentas-y-rayos\/wp-content\/uploads\/sites\/12\/2014\/10\/satelite-eumetsat.jpg\" alt=\"\" width=\"546\" height=\"400\" srcset=\"https:\/\/static-blogs.diariosur.es\/wp-content\/uploads\/sites\/12\/2014\/10\/satelite-eumetsat.jpg 750w, https:\/\/static-blogs.diariosur.es\/wp-content\/uploads\/sites\/12\/2014\/10\/satelite-eumetsat-546x400.jpg 546w\" sizes=\"(max-width: 546px) 100vw, 546px\" \/><\/a><\/strong><\/p>\n<p>&nbsp;<\/p>\n<p>&nbsp;<\/p>\n<p><strong>En este otro mapa previsto para el domingo, \u00a0la dorsal africana pierde mas \u00a0fuelle y se traslada hacia el este. Al mismo tiempo se refuerza a la vez el anticicl\u00f3n centro europeo, como el de las Azores, creando un pasillo por donde\u00a0entrar\u00eda un segundo frente un poco mas activo que el de hoy. \u00a0Os paso un \u00a0mapa. Fuente meteociel<\/strong><\/p>\n<p><a href=\"https:\/\/blogs.diariosur.es\/tormentas-y-rayos\/2014\/10\/31\/prevision-del-tiempo-seguimiento-especial-cambio-brusco-del-tiempo-en-toda-la-peninsula-masa-de-aire-polar-maritimo-inestable-os-explico-el-por-que-de-este-cambio\/1-90\/\" rel=\"attachment wp-att-10076\"><img loading=\"lazy\" class=\"aligncenter size-medium wp-image-10076\" title=\"1\" src=\"\/tormentas-y-rayos\/wp-content\/uploads\/sites\/12\/2014\/10\/15.jpg\" alt=\"\" width=\"600\" height=\"376\" srcset=\"https:\/\/static-blogs.diariosur.es\/wp-content\/uploads\/sites\/12\/2014\/10\/15.jpg 778w, https:\/\/static-blogs.diariosur.es\/wp-content\/uploads\/sites\/12\/2014\/10\/15-638x400.jpg 638w, https:\/\/static-blogs.diariosur.es\/wp-content\/uploads\/sites\/12\/2014\/10\/15-768x482.jpg 768w\" sizes=\"(max-width: 600px) 100vw, 600px\" \/><\/a><\/p>\n<p>&nbsp;<\/p>\n<p><strong>\u00a0El lunes por la tarde y el martes \u00a0entrar\u00eda\u00a0un frente fr\u00edo muy potente, que dejara lluvias en casi toda la\u00a0pen\u00ednsula. La vaguada que viene acompa\u00f1ada de una masa de aire polar\u00a0mar\u00edtima\u00a0inestable\u00a0formar\u00eda\u00a0una \u00a0borrasca \u00a0cerca de las Islas Baleares el\u00a0mi\u00e9rcoles\u00a0dia 5. Pero de todo esto iremos hablando poco a poco. \u00a0<\/strong><\/p>\n<p>&nbsp;<\/p>\n<p>&nbsp;<\/p>\n<p><strong>Creo que mas o menos\u00a0hab\u00e9is\u00a0entendido el \u00a0por qu\u00e9 de este cambio, verdad ?<\/strong><\/p>\n<p><strong><\/strong><strong>De como afectara a Andaluc\u00eda lo iremos viendo en las sucesivas actualizaciones que\u00a0har\u00e9\u00a0en el blog todos estos\u00a0d\u00edas. De momento ma\u00f1ana sabado seguiremos disfrutando del vero\u00f1o, asi como buena parte del domingo.\u00a0<\/strong><\/p>\n<p>&nbsp;<\/p>\n<p>&nbsp;<\/p>\n<p>&nbsp;<\/p>\n<p><strong>Os paso los datos mas importantes que se dieron ayer en la\u00a0pen\u00ednsula.\u00a0M\u00e1ximas\u00a0de nuevo de 30 grados y de 29 en muchos puntos. Fijaros en las\u00a0m\u00e1ximas\u00a0de Cantabria, \u00c1vila, Bizkaia etc etc.\u00a0<\/strong><\/p>\n<p>&nbsp;<\/p>\n<p><a href=\"https:\/\/blogs.diariosur.es\/tormentas-y-rayos\/2014\/10\/31\/prevision-del-tiempo-seguimiento-especial-cambio-brusco-del-tiempo-en-toda-la-peninsula-masa-de-aire-polar-maritimo-inestable-os-explico-el-por-que-de-este-cambio\/maximas-8\/\" rel=\"attachment wp-att-10079\"><img loading=\"lazy\" class=\"aligncenter size-medium wp-image-10079\" title=\"maximas\" src=\"\/tormentas-y-rayos\/wp-content\/uploads\/sites\/12\/2014\/10\/maximas.jpg\" alt=\"\" width=\"600\" height=\"302\" srcset=\"https:\/\/static-blogs.diariosur.es\/wp-content\/uploads\/sites\/12\/2014\/10\/maximas.jpg 804w, https:\/\/static-blogs.diariosur.es\/wp-content\/uploads\/sites\/12\/2014\/10\/maximas-640x322.jpg 640w, https:\/\/static-blogs.diariosur.es\/wp-content\/uploads\/sites\/12\/2014\/10\/maximas-768x387.jpg 768w\" sizes=\"(max-width: 600px) 100vw, 600px\" \/><\/a><\/p>\n<p>&nbsp;<\/p>\n<p>&nbsp;<\/p>\n<p>&nbsp;<\/p>\n<p>&nbsp;<\/p>\n<p><strong>Poco mas que contar, os dejo con un par de fotos de archivo y la nota informativa que ha sacado la Aemet.<\/strong><\/p>\n<p>&nbsp;<\/p>\n<p><img loading=\"lazy\" class=\"aligncenter\" src=\"https:\/\/farm9.staticflickr.com\/8060\/8195537341_925a0da9d1_z.jpg\" alt=\"\" width=\"640\" height=\"480\" \/><\/p>\n<p>&nbsp;<\/p>\n<p>&nbsp;<\/p>\n<p>&nbsp;<\/p>\n<p><img loading=\"lazy\" class=\"aligncenter\" src=\"https:\/\/farm6.staticflickr.com\/5226\/5679378628_eae53f41e3_z.jpg\" alt=\"\" width=\"640\" height=\"480\" \/><\/p>\n<p>&nbsp;<\/p>\n<p>&nbsp;<\/p>\n<p><a href=\"https:\/\/blogs.diariosur.es\/tormentas-y-rayos\/2014\/10\/31\/prevision-del-tiempo-seguimiento-especial-cambio-brusco-del-tiempo-en-toda-la-peninsula-masa-de-aire-polar-maritimo-inestable-os-explico-el-por-que-de-este-cambio\/nota-3\/\" rel=\"attachment wp-att-10078\"><img loading=\"lazy\" class=\"aligncenter size-medium wp-image-10078\" title=\"nota\" src=\"\/tormentas-y-rayos\/wp-content\/uploads\/sites\/12\/2014\/10\/nota.jpg\" alt=\"\" width=\"441\" height=\"400\" srcset=\"https:\/\/static-blogs.diariosur.es\/wp-content\/uploads\/sites\/12\/2014\/10\/nota.jpg 736w, https:\/\/static-blogs.diariosur.es\/wp-content\/uploads\/sites\/12\/2014\/10\/nota-441x400.jpg 441w\" sizes=\"(max-width: 441px) 100vw, 441px\" \/><\/a><\/p>\n<p>&nbsp;<\/p>\n<p>&nbsp;<\/p>\n","protected":false},"excerpt":{"rendered":"<p>&nbsp; &nbsp; &nbsp; &nbsp; &nbsp; &nbsp; Buenos\u00a0d\u00edas\u00a0amigos de la meteo, son las seis de la ma\u00f1ana, registro 18 grados y los cielos est\u00e1n algo nubosos. Ayer os comentaba que al vero\u00f1o le quedaban los\u00a0d\u00edas\u00a0contados, y que hoy os\u00a0explicar\u00eda\u00a0y como siempre hago de forma sencilla el por qu\u00e9. Pues vamos a ello amigos de la meteo. [&hellip;]<\/p>\n","protected":false},"author":16,"featured_media":10076,"comment_status":"open","ping_status":"open","sticky":false,"template":"","format":"standard","meta":[],"categories":[2],"tags":[432,569,769,809,980],"_links":{"self":[{"href":"https:\/\/blogs.diariosur.es\/tormentas-y-rayos\/wp-json\/wp\/v2\/posts\/10074"}],"collection":[{"href":"https:\/\/blogs.diariosur.es\/tormentas-y-rayos\/wp-json\/wp\/v2\/posts"}],"about":[{"href":"https:\/\/blogs.diariosur.es\/tormentas-y-rayos\/wp-json\/wp\/v2\/types\/post"}],"author":[{"embeddable":true,"href":"https:\/\/blogs.diariosur.es\/tormentas-y-rayos\/wp-json\/wp\/v2\/users\/16"}],"replies":[{"embeddable":true,"href":"https:\/\/blogs.diariosur.es\/tormentas-y-rayos\/wp-json\/wp\/v2\/comments?post=10074"}],"version-history":[{"count":0,"href":"https:\/\/blogs.diariosur.es\/tormentas-y-rayos\/wp-json\/wp\/v2\/posts\/10074\/revisions"}],"wp:featuredmedia":[{"embeddable":true,"href":"https:\/\/blogs.diariosur.es\/tormentas-y-rayos\/wp-json\/wp\/v2\/media\/10076"}],"wp:attachment":[{"href":"https:\/\/blogs.diariosur.es\/tormentas-y-rayos\/wp-json\/wp\/v2\/media?parent=10074"}],"wp:term":[{"taxonomy":"category","embeddable":true,"href":"https:\/\/blogs.diariosur.es\/tormentas-y-rayos\/wp-json\/wp\/v2\/categories?post=10074"},{"taxonomy":"post_tag","embeddable":true,"href":"https:\/\/blogs.diariosur.es\/tormentas-y-rayos\/wp-json\/wp\/v2\/tags?post=10074"}],"curies":[{"name":"wp","href":"https:\/\/api.w.org\/{rel}","templated":true}]}}