{"id":10082,"date":"2014-11-01T07:27:56","date_gmt":"2014-11-01T06:27:56","guid":{"rendered":"http:\/\/blogs.diariosur.es\/tormentas-y-rayos\/?p=10082"},"modified":"2014-11-01T07:27:56","modified_gmt":"2014-11-01T06:27:56","slug":"prevision-del-tiempo-seguimiento-especial-cambio-brusco-del-tiempo-en-noviembre-en-toda-la-peninsula-muchas-gracias-por-las-42-821-visitas-en-el-mes-de-octubre","status":"publish","type":"post","link":"https:\/\/blogs.diariosur.es\/tormentas-y-rayos\/2014\/11\/01\/prevision-del-tiempo-seguimiento-especial-cambio-brusco-del-tiempo-en-noviembre-en-toda-la-peninsula-muchas-gracias-por-las-42-821-visitas-en-el-mes-de-octubre\/","title":{"rendered":"Previsi\u00f3n del tiempo. Seguimiento especial cambio brusco del tiempo en noviembre en toda la peninsula. Muchas gracias por las 42.821 visitas en el mes de Octubre."},"content":{"rendered":"<p>&nbsp;<\/p>\n<p><img loading=\"lazy\" class=\"aligncenter\" src=\"https:\/\/farm3.staticflickr.com\/2898\/14371881571_bbae3518b1_q.jpg\" alt=\"\" width=\"150\" height=\"150\" \/><\/p>\n<p>&nbsp;<\/p>\n<p>&nbsp;<\/p>\n<p>&nbsp;<\/p>\n<p>&nbsp;<\/p>\n<p><strong>Buenos d\u00edas amigos de la meteo, son las siete de la ma\u00f1ana, registro 18.7 grados y los cielos est\u00e1n algo nubosos con nubes bajas de levante. Estas nubes bajas pueden dejar algunas gotillas en\u00a0alg\u00fan\u00a0punto del litoral\u00a0mediterr\u00e1neo\u00a0cercano\u00a0al\u00a0Estrecho y en el Valle del Guadalhorce, tanto hoy como ma\u00f1ana domingo de madrugada..<\/strong><\/p>\n<p><span style=\"color: #ff0000;\"><strong>Me he quedado sorprendido por las visitas que ha tenido el blog en el mes de octubre, el vero\u00f1o ha hecho que se disparen estas visitas. Muchas gracias a todos \u00a0por las 42.821 visitas.<\/strong><\/span><\/p>\n<p><span style=\"color: #0000ff;\"><strong>SEGUIMIENTO ESPECIAL CAMBIO BRUSCO DEL TIEMPO EN TODA LA\u00a0PEN\u00cdNSULA:<\/strong><\/span><\/p>\n<p>&nbsp;<\/p>\n<p>&nbsp;<\/p>\n<p>&nbsp;<\/p>\n<p><a href=\"https:\/\/blogs.diariosur.es\/tormentas-y-rayos\/2014\/11\/01\/prevision-del-tiempo-seguimiento-especial-cambio-brusco-del-tiempo-en-noviembre-en-toda-la-peninsula-muchas-gracias-por-las-42-821-visitas-en-el-mes-de-octubre\/15-600x376\/\" rel=\"attachment wp-att-10086\"><img loading=\"lazy\" class=\"aligncenter size-full wp-image-10086\" title=\"15-600x376\" src=\"\/tormentas-y-rayos\/wp-content\/uploads\/sites\/12\/2014\/11\/15.jpg\" alt=\"\" width=\"600\" height=\"376\" \/><\/a><\/p>\n<p>&nbsp;<\/p>\n<p>&nbsp;<\/p>\n<p><strong>Ayer os explicaba el por qu\u00e9 se dar\u00e1 este cambio brusco que poco a poco afectara a toda la pen\u00ednsula,<a href=\"https:\/\/blogs.diariosur.es\/tormentas-y-rayos\/2014\/10\/31\/prevision-del-tiempo-seguimiento-especial-cambio-brusco-del-tiempo-en-toda-la-peninsula-masa-de-aire-polar-maritimo-inestable-os-explico-el-por-que-de-este-cambio\/\"> os vuelvo a poner el enlace.<\/a><\/strong><\/p>\n<p><strong>Hoy s\u00e1bado en Andaluc\u00eda y en otros puntos de la pen\u00ednsula \u00a0seguiremos con el vero\u00f1o. En la zona de Galicia ya empezaron a notar el cambio un poco ayer viernes.<\/strong><\/p>\n<p><strong> Hoy ser\u00e1 Asturias, Cantabria y\u00a0Pa\u00eds\u00a0Vasco \u00a0donde mas \u00a0noten la bajada de las\u00a0m\u00e1ximas, ya que ayer se registraron en esta zona temperaturas cercanas a los 29 grados. Fijaros las\u00a0m\u00e1ximas\u00a0que dieron ayer , hoy\u00a0tendr\u00e1n\u00a08 grados\u00a0menos.\u00a0Fuente Aemet.<\/strong><\/p>\n<p>&nbsp;<\/p>\n<p><a href=\"https:\/\/blogs.diariosur.es\/tormentas-y-rayos\/2014\/11\/01\/prevision-del-tiempo-seguimiento-especial-cambio-brusco-del-tiempo-en-noviembre-en-toda-la-peninsula-muchas-gracias-por-las-42-821-visitas-en-el-mes-de-octubre\/viernesssssssss-2\/\" rel=\"attachment wp-att-10083\"><img loading=\"lazy\" class=\"aligncenter size-full wp-image-10083\" title=\"viernesssssssss\" src=\"\/tormentas-y-rayos\/wp-content\/uploads\/sites\/12\/2014\/10\/viernesssssssss.jpg\" alt=\"\" width=\"383\" height=\"433\" srcset=\"https:\/\/static-blogs.diariosur.es\/wp-content\/uploads\/sites\/12\/2014\/10\/viernesssssssss.jpg 383w, https:\/\/static-blogs.diariosur.es\/wp-content\/uploads\/sites\/12\/2014\/10\/viernesssssssss-354x400.jpg 354w\" sizes=\"(max-width: 383px) 100vw, 383px\" \/><\/a><a href=\"https:\/\/blogs.diariosur.es\/tormentas-y-rayos\/2014\/11\/01\/prevision-del-tiempo-seguimiento-especial-cambio-brusco-del-tiempo-en-noviembre-en-toda-la-peninsula-muchas-gracias-por-las-42-821-visitas-en-el-mes-de-octubre\/bilbado\/\" rel=\"attachment wp-att-10084\"><img loading=\"lazy\" class=\"aligncenter size-full wp-image-10084\" title=\"bilbado\" src=\"\/tormentas-y-rayos\/wp-content\/uploads\/sites\/12\/2014\/10\/bilbado.jpg\" alt=\"\" width=\"362\" height=\"264\" \/><\/a><\/p>\n<p>&nbsp;<\/p>\n<p><strong>Estos datos que os he puesto arriba son muy curiosos, las\u00a0m\u00e1ximas\u00a0han sido en su\u00a0mayor\u00eda\u00a0 mas altas que en\u00a0Andaluc\u00eda, sobre todo en Cantabria y\u00a0Asturias.<\/strong><\/p>\n<p><a href=\"https:\/\/blogs.diariosur.es\/tormentas-y-rayos\/2014\/11\/01\/prevision-del-tiempo-seguimiento-especial-cambio-brusco-del-tiempo-en-noviembre-en-toda-la-peninsula-muchas-gracias-por-las-42-821-visitas-en-el-mes-de-octubre\/andalucia\/\" rel=\"attachment wp-att-10085\"><img loading=\"lazy\" class=\"aligncenter size-full wp-image-10085\" title=\"andalucia\" src=\"\/tormentas-y-rayos\/wp-content\/uploads\/sites\/12\/2014\/10\/andalucia.jpg\" alt=\"\" width=\"382\" height=\"251\" \/><\/a><\/p>\n<p>&nbsp;<\/p>\n<p><strong>El segundo frente ya se dibuja al oeste de la\u00a0pen\u00ednsula, es un poco mas activo del que ayer afecto a Galicia. \u00a0Este segundo frente empezara a afectar al noroeste peninsular por la noche y madrugada del domingo. Dejara lluvias en Galicia, Cant\u00e1brico oriental, Alto Ebro y Castilla Le\u00f3n. Este frente le dara el definitivo empuj\u00f3n a la dorsal\u00a0anticicl\u00f3nica\u00a0y a la masa de aire\u00a0c\u00e1lido\u00a0para que se\u00a0desplace hacia el este. Os paso una imagen del satelite eumetsat fuente meteogalicia.<\/strong><\/p>\n<p><a href=\"https:\/\/blogs.diariosur.es\/tormentas-y-rayos\/2014\/11\/01\/prevision-del-tiempo-seguimiento-especial-cambio-brusco-del-tiempo-en-noviembre-en-toda-la-peninsula-muchas-gracias-por-las-42-821-visitas-en-el-mes-de-octubre\/segundo-frente\/\" rel=\"attachment wp-att-10087\"><img loading=\"lazy\" class=\"aligncenter size-medium wp-image-10087\" title=\"segundo frente\" src=\"\/tormentas-y-rayos\/wp-content\/uploads\/sites\/12\/2014\/11\/segundo-frente.jpg\" alt=\"\" width=\"548\" height=\"400\" srcset=\"https:\/\/static-blogs.diariosur.es\/wp-content\/uploads\/sites\/12\/2014\/11\/segundo-frente.jpg 753w, https:\/\/static-blogs.diariosur.es\/wp-content\/uploads\/sites\/12\/2014\/11\/segundo-frente-549x400.jpg 549w\" sizes=\"(max-width: 548px) 100vw, 548px\" \/><\/a><\/p>\n<p>&nbsp;<\/p>\n<p><strong>El tercer frente que seria el mas potente y el que\u00a0dejar\u00eda\u00a0lluvias en Andaluc\u00eda y \u00a0en toda la\u00a0pen\u00ednsula, aun no se ha creado. Pero todo esto lo iremos viendo en los\u00a0d\u00edas\u00a0sucesivos.<\/strong><\/p>\n<p><strong>Poco mas que contar amigos, hoy\u00a0s\u00e1bado\u00a0curro todo el\u00a0d\u00eda, pero ma\u00f1ana domingo de nuevo actualizare el blog \u00a0y lo acompa\u00f1are con una foto del amanecer.<\/strong><\/p>\n<p><strong>Os dejo con unas cuantas fotos de archivo.<\/strong><\/p>\n<p>&nbsp;<\/p>\n<p>&nbsp;<\/p>\n<p><strong>\u00a0\u00a0<\/strong><\/p>\n<p><img loading=\"lazy\" class=\"aligncenter\" src=\"https:\/\/farm3.staticflickr.com\/2893\/11327019413_634b3a3a0c_z.jpg\" alt=\"\" width=\"640\" height=\"480\" \/><\/p>\n<p>&nbsp;<\/p>\n<p>&nbsp;<\/p>\n<p><img loading=\"lazy\" class=\"aligncenter\" src=\"https:\/\/farm8.staticflickr.com\/7307\/12092614406_34093b1fe4_z.jpg\" alt=\"\" width=\"640\" height=\"480\" \/><\/p>\n<p>&nbsp;<\/p>\n<p>&nbsp;<\/p>\n<p><img loading=\"lazy\" class=\"aligncenter\" src=\"https:\/\/farm6.staticflickr.com\/5146\/5679362354_677f2463e7_z.jpg\" alt=\"\" width=\"480\" height=\"640\" \/><\/p>\n<p>&nbsp;<\/p>\n<p>&nbsp;<\/p>\n<p><img loading=\"lazy\" class=\"aligncenter\" src=\"https:\/\/farm3.staticflickr.com\/2798\/4284005213_274a5c5785_z.jpg?zz=1\" alt=\"\" width=\"640\" height=\"381\" \/><\/p>\n","protected":false},"excerpt":{"rendered":"<p>&nbsp; &nbsp; &nbsp; &nbsp; &nbsp; Buenos d\u00edas amigos de la meteo, son las siete de la ma\u00f1ana, registro 18.7 grados y los cielos est\u00e1n algo nubosos con nubes bajas de levante. Estas nubes bajas pueden dejar algunas gotillas en\u00a0alg\u00fan\u00a0punto del litoral\u00a0mediterr\u00e1neo\u00a0cercano\u00a0al\u00a0Estrecho y en el Valle del Guadalhorce, tanto hoy como ma\u00f1ana domingo de madrugada.. Me [&hellip;]<\/p>\n","protected":false},"author":16,"featured_media":10088,"comment_status":"open","ping_status":"open","sticky":false,"template":"","format":"standard","meta":[],"categories":[2],"tags":[100,197,215,769,809,980],"_links":{"self":[{"href":"https:\/\/blogs.diariosur.es\/tormentas-y-rayos\/wp-json\/wp\/v2\/posts\/10082"}],"collection":[{"href":"https:\/\/blogs.diariosur.es\/tormentas-y-rayos\/wp-json\/wp\/v2\/posts"}],"about":[{"href":"https:\/\/blogs.diariosur.es\/tormentas-y-rayos\/wp-json\/wp\/v2\/types\/post"}],"author":[{"embeddable":true,"href":"https:\/\/blogs.diariosur.es\/tormentas-y-rayos\/wp-json\/wp\/v2\/users\/16"}],"replies":[{"embeddable":true,"href":"https:\/\/blogs.diariosur.es\/tormentas-y-rayos\/wp-json\/wp\/v2\/comments?post=10082"}],"version-history":[{"count":0,"href":"https:\/\/blogs.diariosur.es\/tormentas-y-rayos\/wp-json\/wp\/v2\/posts\/10082\/revisions"}],"wp:featuredmedia":[{"embeddable":true,"href":"https:\/\/blogs.diariosur.es\/tormentas-y-rayos\/wp-json\/wp\/v2\/media\/10088"}],"wp:attachment":[{"href":"https:\/\/blogs.diariosur.es\/tormentas-y-rayos\/wp-json\/wp\/v2\/media?parent=10082"}],"wp:term":[{"taxonomy":"category","embeddable":true,"href":"https:\/\/blogs.diariosur.es\/tormentas-y-rayos\/wp-json\/wp\/v2\/categories?post=10082"},{"taxonomy":"post_tag","embeddable":true,"href":"https:\/\/blogs.diariosur.es\/tormentas-y-rayos\/wp-json\/wp\/v2\/tags?post=10082"}],"curies":[{"name":"wp","href":"https:\/\/api.w.org\/{rel}","templated":true}]}}