{"id":10090,"date":"2014-11-02T08:53:40","date_gmt":"2014-11-02T07:53:40","guid":{"rendered":"http:\/\/blogs.diariosur.es\/tormentas-y-rayos\/?p=10090"},"modified":"2014-11-02T08:53:40","modified_gmt":"2014-11-02T07:53:40","slug":"prevision-del-tiempo-seguimiento-especial-cambio-brusco-del-tiempo-en-la-peninsula-manana-lunes-malaga-capital-puede-dar-la-maxima-de-andalucia-perooo","status":"publish","type":"post","link":"https:\/\/blogs.diariosur.es\/tormentas-y-rayos\/2014\/11\/02\/prevision-del-tiempo-seguimiento-especial-cambio-brusco-del-tiempo-en-la-peninsula-manana-lunes-malaga-capital-puede-dar-la-maxima-de-andalucia-perooo\/","title":{"rendered":"Ultima hora: AVISO AMARILLO POR LLUVIAS Y VIENTO EL MARTES. Previsi\u00f3n del tiempo. Seguimiento especial cambio brusco del tiempo en la pen\u00ednsula. Ma\u00f1ana lunes, M\u00e1laga Capital puede dar la m\u00e1xima de Andaluc\u00eda, perooo&#8230;&#8230;.."},"content":{"rendered":"<p><img loading=\"lazy\" class=\"aligncenter\" src=\"https:\/\/farm3.staticflickr.com\/2898\/14371881571_bbae3518b1_q.jpg\" alt=\"\" width=\"150\" height=\"150\" \/><\/p>\n<p>&nbsp;<\/p>\n<p>ULTIMA HORA. AVISO AMARILLO POR LLUVIAS Y VIENTO EN M\u00c1LAGA El MARTES.<\/p>\n<p>&nbsp;<\/p>\n<p>&nbsp;<\/p>\n<p><strong>Buenos\u00a0d\u00edas\u00a0amigos de la meteo, son las siete de la ma\u00f1ana, registro 19 grados y los cielos malague\u00f1os\u00a0est\u00e1n \u00a0nubosos.<\/strong><\/p>\n<p><strong> Para los que\u00a0entr\u00e1is por primera vez a este seguimiento os dejo el enlace donde explico el por qu\u00e9 de esta situaci\u00f3n. \u00a0\u00a0<a href=\"https:\/\/blogs.diariosur.es\/tormentas-y-rayos\/2014\/10\/31\/prevision-del-tiempo-seguimiento-especial-cambio-brusco-del-tiempo-en-toda-la-peninsula-masa-de-aire-polar-maritimo-inestable-os-explico-el-por-que-de-este-cambio\/\">ENLACE<\/a>\u00a0<\/strong><\/p>\n<p><strong>Antes de explicaros porque M\u00e1laga puede dar la\u00a0m\u00e1xima\u00a0ma\u00f1ana lunes, comentaros que ayer en Cantabria, Pa\u00eds Vasco, y Asturias bajaron las\u00a0m\u00e1ximas\u00a0con\u00a0respecto\u00a0al viernes casi 9 grados en algunos puntos. El segundo frente y la retirada de la masa\u00a0c\u00e1lida\u00a0contribuyo a estas bajadas de las\u00a0m\u00e1ximas.<\/strong><\/p>\n<p><span style=\"color: #ff0000;\"><strong>Ma\u00f1ana lunes al cambiar el levante a terral de oto\u00f1o, la temperatura\u00a0m\u00e1xima\u00a0en M\u00e1laga Capital\u00a0subir\u00e1 unos cuantos grados con respecto a hoy domingo, pero&#8230;&#8230;. no confiarse que el frio y la lluvia llegaran a ultima hora de la noche o madrugada del martes. El\u00a0mi\u00e9rcoles\u00a0abrigarse. Los avisos amarillos por lluvias y vientos seguro que se activaran para el martes.<\/strong><\/span><\/p>\n<p><strong>Bueno amigos, aclarado este asunto veamos como esta\u00a0\u00a0el tema de que nos ocupa desde el viernes. Si\u00a0hab\u00e9is\u00a0seguido el seguimiento de estos dias, ahora mismo el segundo frente un poco mas activo del primero, afecta al noroeste y norte peninsular. Incluso por la zona mas al oeste de\u00a0Huelva\u00a0deja algunas gotas.<\/strong><\/p>\n<p>&nbsp;<\/p>\n<p><a href=\"https:\/\/blogs.diariosur.es\/tormentas-y-rayos\/2014\/11\/02\/prevision-del-tiempo-seguimiento-especial-cambio-brusco-del-tiempo-en-la-peninsula-manana-lunes-malaga-capital-puede-dar-la-maxima-de-andalucia-perooo\/captura-491\/\" rel=\"attachment wp-att-10097\"><img loading=\"lazy\" class=\"aligncenter size-medium wp-image-10097\" title=\"Captura\" src=\"\/tormentas-y-rayos\/wp-content\/uploads\/sites\/12\/2014\/11\/Captura1.jpg\" alt=\"\" width=\"475\" height=\"400\" srcset=\"https:\/\/static-blogs.diariosur.es\/wp-content\/uploads\/sites\/12\/2014\/11\/Captura1.jpg 681w, https:\/\/static-blogs.diariosur.es\/wp-content\/uploads\/sites\/12\/2014\/11\/Captura1-475x400.jpg 475w\" sizes=\"(max-width: 475px) 100vw, 475px\" \/><\/a><\/p>\n<p>&nbsp;<\/p>\n<p>&nbsp;<\/p>\n<p><strong>En la imagen del\u00a0sat\u00e9lite\u00a0eumetsat que os pongo se ve claramente, asi como la formaci\u00f3n del tercer frente que dejara lluvias en toda la\u00a0pen\u00ednsula.<\/strong><\/p>\n<p><strong>Tambi\u00e9n se distingue la masa polar mar\u00edtima inestable que nos afectara. Fuente meteogalicia.<\/strong><\/p>\n<p>&nbsp;<\/p>\n<p><a href=\"https:\/\/blogs.diariosur.es\/tormentas-y-rayos\/2014\/11\/02\/prevision-del-tiempo-seguimiento-especial-cambio-brusco-del-tiempo-en-la-peninsula-manana-lunes-malaga-capital-puede-dar-la-maxima-de-andalucia-perooo\/captura-490\/\" rel=\"attachment wp-att-10091\"><img loading=\"lazy\" class=\"aligncenter size-medium wp-image-10091\" title=\"Captura\" src=\"\/tormentas-y-rayos\/wp-content\/uploads\/sites\/12\/2014\/11\/Captura.jpg\" alt=\"\" width=\"543\" height=\"400\" srcset=\"https:\/\/static-blogs.diariosur.es\/wp-content\/uploads\/sites\/12\/2014\/11\/Captura.jpg 753w, https:\/\/static-blogs.diariosur.es\/wp-content\/uploads\/sites\/12\/2014\/11\/Captura-544x400.jpg 544w\" sizes=\"(max-width: 543px) 100vw, 543px\" \/><\/a><\/p>\n<p>&nbsp;<\/p>\n<p><strong>Donde mejor se ven tanto las masas de aire\u00a0c\u00e1lido\u00a0como las\u00a0fr\u00edas\u00a0es en esta imagen. Fuente Aemet.<\/strong><\/p>\n<p><a href=\"https:\/\/blogs.diariosur.es\/tormentas-y-rayos\/2014\/11\/02\/prevision-del-tiempo-seguimiento-especial-cambio-brusco-del-tiempo-en-la-peninsula-manana-lunes-malaga-capital-puede-dar-la-maxima-de-andalucia-perooo\/masas-de-aire-4\/\" rel=\"attachment wp-att-10092\"><img loading=\"lazy\" class=\"aligncenter size-medium wp-image-10092\" title=\"masas de aire\" src=\"\/tormentas-y-rayos\/wp-content\/uploads\/sites\/12\/2014\/11\/masas-de-aire.jpg\" alt=\"\" width=\"444\" height=\"400\" srcset=\"https:\/\/static-blogs.diariosur.es\/wp-content\/uploads\/sites\/12\/2014\/11\/masas-de-aire.jpg 673w, https:\/\/static-blogs.diariosur.es\/wp-content\/uploads\/sites\/12\/2014\/11\/masas-de-aire-444x400.jpg 444w\" sizes=\"(max-width: 444px) 100vw, 444px\" \/><\/a><\/p>\n<p>&nbsp;<\/p>\n<p>&nbsp;<\/p>\n<p>&nbsp;<\/p>\n<p><strong>Si me\u00a0permit\u00eds, tiro para la playa para fotografiar el amanecer, en cuanto llegue os pongo un par de fotos y seguimos hablando de este cambio brusco del tiempo.<\/strong><\/p>\n<p><strong>Ya de vuelta amigos, pilas cargadas. La verdad que ha estado muy bonito.<\/strong><\/p>\n<p>&nbsp;<\/p>\n<p>&nbsp;<\/p>\n<p>&nbsp;<\/p>\n<p>&nbsp;<\/p>\n<p><a href=\"https:\/\/blogs.diariosur.es\/tormentas-y-rayos\/2014\/11\/02\/prevision-del-tiempo-seguimiento-especial-cambio-brusco-del-tiempo-en-la-peninsula-manana-lunes-malaga-capital-puede-dar-la-maxima-de-andalucia-perooo\/_dsc2302\/\" rel=\"attachment wp-att-10093\"><img loading=\"lazy\" class=\"aligncenter size-full wp-image-10093\" title=\"_DSC2302\" src=\"\/tormentas-y-rayos\/wp-content\/uploads\/sites\/12\/2014\/11\/DSC2302.jpg\" alt=\"\" width=\"640\" height=\"427\" srcset=\"https:\/\/static-blogs.diariosur.es\/wp-content\/uploads\/sites\/12\/2014\/11\/DSC2302.jpg 640w, https:\/\/static-blogs.diariosur.es\/wp-content\/uploads\/sites\/12\/2014\/11\/DSC2302-600x400.jpg 600w\" sizes=\"(max-width: 640px) 100vw, 640px\" \/><\/a><\/p>\n<p>&nbsp;<\/p>\n<p>&nbsp;<\/p>\n<p>&nbsp;<\/p>\n<p>&nbsp;<\/p>\n<p><a href=\"https:\/\/blogs.diariosur.es\/tormentas-y-rayos\/2014\/11\/02\/prevision-del-tiempo-seguimiento-especial-cambio-brusco-del-tiempo-en-la-peninsula-manana-lunes-malaga-capital-puede-dar-la-maxima-de-andalucia-perooo\/_dsc2313\/\" rel=\"attachment wp-att-10094\"><img loading=\"lazy\" class=\"aligncenter size-full wp-image-10094\" title=\"_DSC2313\" src=\"\/tormentas-y-rayos\/wp-content\/uploads\/sites\/12\/2014\/11\/DSC2313.jpg\" alt=\"\" width=\"430\" height=\"645\" srcset=\"https:\/\/static-blogs.diariosur.es\/wp-content\/uploads\/sites\/12\/2014\/11\/DSC2313.jpg 430w, https:\/\/static-blogs.diariosur.es\/wp-content\/uploads\/sites\/12\/2014\/11\/DSC2313-267x400.jpg 267w\" sizes=\"(max-width: 430px) 100vw, 430px\" \/><\/a><\/p>\n<p>&nbsp;<\/p>\n<p>&nbsp;<\/p>\n<p>&nbsp;<\/p>\n<p><a href=\"https:\/\/blogs.diariosur.es\/tormentas-y-rayos\/2014\/11\/02\/prevision-del-tiempo-seguimiento-especial-cambio-brusco-del-tiempo-en-la-peninsula-manana-lunes-malaga-capital-puede-dar-la-maxima-de-andalucia-perooo\/_dsc2315\/\" rel=\"attachment wp-att-10095\"><img loading=\"lazy\" class=\"aligncenter size-full wp-image-10095\" title=\"_DSC2315\" src=\"\/tormentas-y-rayos\/wp-content\/uploads\/sites\/12\/2014\/11\/DSC2315.jpg\" alt=\"\" width=\"640\" height=\"427\" srcset=\"https:\/\/static-blogs.diariosur.es\/wp-content\/uploads\/sites\/12\/2014\/11\/DSC2315.jpg 640w, https:\/\/static-blogs.diariosur.es\/wp-content\/uploads\/sites\/12\/2014\/11\/DSC2315-600x400.jpg 600w\" sizes=\"(max-width: 640px) 100vw, 640px\" \/><\/a><\/p>\n<p>&nbsp;<\/p>\n<p><strong>Resumiendo un poco, ma\u00f1ana lunes las m\u00e1ximas \u00a0bajaran en Andaluc\u00eda Occidental, en M\u00e1laga Capital y zonas expuesta \u00a0al terral de oto\u00f1o\u00a0subir\u00e1n\u00a0un poco. El cambio brusco del tiempo\u00a0llegar\u00eda\u00a0a ultima hora de la tarde noche y\u00a0madrugada del martes. Pero esto lo veremos mas detenidamente ma\u00f1ana. Os dejo con este mapa previsto para el martes. Fuente meteociel.<\/strong><\/p>\n<p><a href=\"https:\/\/blogs.diariosur.es\/tormentas-y-rayos\/2014\/11\/02\/prevision-del-tiempo-seguimiento-especial-cambio-brusco-del-tiempo-en-la-peninsula-manana-lunes-malaga-capital-puede-dar-la-maxima-de-andalucia-perooo\/martes-9\/\" rel=\"attachment wp-att-10096\"><img loading=\"lazy\" class=\"aligncenter size-large wp-image-10096\" title=\"martes\" src=\"\/tormentas-y-rayos\/wp-content\/uploads\/sites\/12\/2014\/11\/martes.jpg\" alt=\"\" width=\"646\" height=\"600\" srcset=\"https:\/\/static-blogs.diariosur.es\/wp-content\/uploads\/sites\/12\/2014\/11\/martes.jpg 767w, https:\/\/static-blogs.diariosur.es\/wp-content\/uploads\/sites\/12\/2014\/11\/martes-431x400.jpg 431w\" sizes=\"(max-width: 646px) 100vw, 646px\" \/><\/a><\/p>\n<p>&nbsp;<\/p>\n<p>&nbsp;<\/p>\n<p>&nbsp;<\/p>\n<p>&nbsp;<\/p>\n<p>&nbsp;<\/p>\n<p>&nbsp;<\/p>\n","protected":false},"excerpt":{"rendered":"<p>&nbsp; ULTIMA HORA. AVISO AMARILLO POR LLUVIAS Y VIENTO EN M\u00c1LAGA El MARTES. &nbsp; &nbsp; Buenos\u00a0d\u00edas\u00a0amigos de la meteo, son las siete de la ma\u00f1ana, registro 19 grados y los cielos malague\u00f1os\u00a0est\u00e1n \u00a0nubosos. Para los que\u00a0entr\u00e1is por primera vez a este seguimiento os dejo el enlace donde explico el por qu\u00e9 de esta situaci\u00f3n. \u00a0\u00a0ENLACE\u00a0 [&hellip;]<\/p>\n","protected":false},"author":16,"featured_media":10096,"comment_status":"open","ping_status":"open","sticky":false,"template":"","format":"standard","meta":[],"categories":[2],"tags":[769,809,980],"_links":{"self":[{"href":"https:\/\/blogs.diariosur.es\/tormentas-y-rayos\/wp-json\/wp\/v2\/posts\/10090"}],"collection":[{"href":"https:\/\/blogs.diariosur.es\/tormentas-y-rayos\/wp-json\/wp\/v2\/posts"}],"about":[{"href":"https:\/\/blogs.diariosur.es\/tormentas-y-rayos\/wp-json\/wp\/v2\/types\/post"}],"author":[{"embeddable":true,"href":"https:\/\/blogs.diariosur.es\/tormentas-y-rayos\/wp-json\/wp\/v2\/users\/16"}],"replies":[{"embeddable":true,"href":"https:\/\/blogs.diariosur.es\/tormentas-y-rayos\/wp-json\/wp\/v2\/comments?post=10090"}],"version-history":[{"count":0,"href":"https:\/\/blogs.diariosur.es\/tormentas-y-rayos\/wp-json\/wp\/v2\/posts\/10090\/revisions"}],"wp:featuredmedia":[{"embeddable":true,"href":"https:\/\/blogs.diariosur.es\/tormentas-y-rayos\/wp-json\/wp\/v2\/media\/10096"}],"wp:attachment":[{"href":"https:\/\/blogs.diariosur.es\/tormentas-y-rayos\/wp-json\/wp\/v2\/media?parent=10090"}],"wp:term":[{"taxonomy":"category","embeddable":true,"href":"https:\/\/blogs.diariosur.es\/tormentas-y-rayos\/wp-json\/wp\/v2\/categories?post=10090"},{"taxonomy":"post_tag","embeddable":true,"href":"https:\/\/blogs.diariosur.es\/tormentas-y-rayos\/wp-json\/wp\/v2\/tags?post=10090"}],"curies":[{"name":"wp","href":"https:\/\/api.w.org\/{rel}","templated":true}]}}