{"id":10099,"date":"2014-11-03T07:12:40","date_gmt":"2014-11-03T06:12:40","guid":{"rendered":"http:\/\/blogs.diariosur.es\/tormentas-y-rayos\/?p=10099"},"modified":"2014-11-03T07:12:40","modified_gmt":"2014-11-03T06:12:40","slug":"prevision-del-tiempo-aviso-amarillo-por-lluvias-y-sobre-todo-por-viento-en-casi-toda-andalucia-manana-martes-el-verono-toca-a-su-fin","status":"publish","type":"post","link":"https:\/\/blogs.diariosur.es\/tormentas-y-rayos\/2014\/11\/03\/prevision-del-tiempo-aviso-amarillo-por-lluvias-y-sobre-todo-por-viento-en-casi-toda-andalucia-manana-martes-el-verono-toca-a-su-fin\/","title":{"rendered":"Previsi\u00f3n del tiempo. Aviso amarillo por lluvias y naranja  por  viento  en toda Andaluc\u00eda ma\u00f1ana martes. El vero\u00f1o toca a su fin."},"content":{"rendered":"<p><img loading=\"lazy\" class=\"aligncenter\" src=\"https:\/\/farm3.staticflickr.com\/2898\/14371881571_bbae3518b1_q.jpg\" alt=\"\" width=\"150\" height=\"150\" \/><\/p>\n<p>&nbsp;<\/p>\n<p>&nbsp;<\/p>\n<p>&nbsp;<\/p>\n<p>&nbsp;<\/p>\n<p>&nbsp;<\/p>\n<p><strong>Buenos\u00a0d\u00edas\u00a0amigos de la meteo, son las seis de la ma\u00f1ana, registro 16.5 grados y los cielos\u00a0andaluces\u00a0est\u00e1n algo \u00a0nubosos. El levante dara paso hoy al terral de oto\u00f1o, la\u00a0m\u00e1xima\u00a0hoy en M\u00e1laga Capital\u00a0estar\u00e1\u00a0cercana a los 26.<\/strong><\/p>\n<p>&nbsp;<\/p>\n<p><strong>A los que\u00a0entr\u00e1is\u00a0por primera vez en EL BLOG , os paso el enlace \u00a0a la pagina principal donde\u00a0pod\u00e9is\u00a0seguir el seguimiento que he hecho desde el viernes. Ademas, \u00a0en el post del viernes os explico el por qu\u00e9 de esta situaci\u00f3n.<\/strong><\/p>\n<p><strong><a href=\"https:\/\/blogs.diariosur.es\/tormentas-y-rayos\/\">CAMBIO BRUSCO DEL TIEMPO EN LA\u00a0PEN\u00cdNSULA\u00a0.PINCHAR<\/a><\/strong><\/p>\n<p><span style=\"color: #ff0000;\"><strong>Antes os quiero comentar que esta situaci\u00f3n es de lo mas normal en oto\u00f1o, que no es un temporal, ni \u00a0una ola de fr\u00edo, \u00a0simplemente un frente fr\u00edo activo, lo que pasa que hemos estado un mes con temperaturas anormales para estas fechas y en cuesti\u00f3n de pocas horas notaremos el fr\u00edo oto\u00f1al. Simplemente esto. \u00a0Ojala este cambio sea para abrir las puertas a \u00a0futuras borrascas. Luego mas abajo\u00a0pondr\u00e9\u00a0el significado de los avisos ( alertas).<\/strong><\/span><\/p>\n<p>&nbsp;<\/p>\n<p>&nbsp;<\/p>\n<p><strong>Bueno amigos, el tercer frente ya se formo ayer por la tarde, este frente sera el mas activo, y sera el que deje durante el dia de hoy y ma\u00f1ana lluvias y viento en casia toda la\u00a0pen\u00ednsula. La nieve tambi\u00e9n sera la protagonista en los sistemas\u00a0monta\u00f1osos.<\/strong><\/p>\n<p><strong>Ayer os guarde una imagen\u00a0del\u00a0sat\u00e9lite\u00a0eumetsat donde\u00a0se ve el frente que nos afecto ayer, y \u00a0que dejo tormentas por el interior de la\u00a0pen\u00ednsula. Y el mas activo que ya no afecta hoy al noroeste peninsular.<\/strong><\/p>\n<p>&nbsp;<\/p>\n<p><a href=\"https:\/\/blogs.diariosur.es\/tormentas-y-rayos\/2014\/11\/03\/prevision-del-tiempo-aviso-amarillo-por-lluvias-y-sobre-todo-por-viento-en-casi-toda-andalucia-manana-martes-el-verono-toca-a-su-fin\/tercer-frente\/\" rel=\"attachment wp-att-10100\"><img loading=\"lazy\" class=\"aligncenter size-medium wp-image-10100\" title=\"tercer frente\" src=\"\/tormentas-y-rayos\/wp-content\/uploads\/sites\/12\/2014\/11\/tercer-frente.jpg\" alt=\"\" width=\"543\" height=\"400\" srcset=\"https:\/\/static-blogs.diariosur.es\/wp-content\/uploads\/sites\/12\/2014\/11\/tercer-frente.jpg 750w, https:\/\/static-blogs.diariosur.es\/wp-content\/uploads\/sites\/12\/2014\/11\/tercer-frente-543x400.jpg 543w\" sizes=\"(max-width: 543px) 100vw, 543px\" \/><\/a><\/p>\n<p>&nbsp;<\/p>\n<p><strong>Os paso una imagen de hace pocos minutos del frente. Y a se ve perfectamente.<\/strong><\/p>\n<p><a href=\"https:\/\/blogs.diariosur.es\/tormentas-y-rayos\/2014\/11\/03\/prevision-del-tiempo-aviso-amarillo-por-lluvias-y-sobre-todo-por-viento-en-casi-toda-andalucia-manana-martes-el-verono-toca-a-su-fin\/frente-23\/\" rel=\"attachment wp-att-10101\"><img loading=\"lazy\" class=\"aligncenter size-medium wp-image-10101\" title=\"frente\" src=\"\/tormentas-y-rayos\/wp-content\/uploads\/sites\/12\/2014\/11\/frente.jpg\" alt=\"\" width=\"548\" height=\"400\" srcset=\"https:\/\/static-blogs.diariosur.es\/wp-content\/uploads\/sites\/12\/2014\/11\/frente.jpg 746w, https:\/\/static-blogs.diariosur.es\/wp-content\/uploads\/sites\/12\/2014\/11\/frente-549x400.jpg 549w\" sizes=\"(max-width: 548px) 100vw, 548px\" \/><\/a><\/p>\n<p>&nbsp;<\/p>\n<p>&nbsp;<\/p>\n<p>&nbsp;<\/p>\n<p><strong>Este frente a medida que se acerque a Andaluc\u00eda (Golfo de C\u00e1diz, Mar de Albor\u00e1n) se reactivara, \u00a0esto se\u00a0deber\u00e1 al\u00a0\u00a0 contacto con la \u00a0masa de aire\u00a0c\u00e1lido de estos\u00a0d\u00edas\u00a0pasados, con la\u00a0\u00a0 fr\u00eda\u00a0que trae el frente.\u00a0<\/strong><\/p>\n<p><strong>\u00a0Durante la madrugada del martes y primeras horas de la ma\u00f1ana los chubascos y sobre todo \u00a0el viento ser\u00e1n\u00a0los protagonistas en Andaluc\u00eda, incluso puede nevar a partir de 1800 metros en Sierra Nevada. Lo mismo vemos el\u00a0mi\u00e9rcoles\u00a0a Sierra Tejeda con\u00a0sus picos blancos.\u00a0<strong>\u00a0<\/strong><\/strong><\/p>\n<p><strong>La AEMET activa el aviso amarillo en casi toda\u00a0Andaluc\u00eda por lluvias y sobre todo por viento viento. De momento las lluvias mas cuantiosas se\u00a0dar\u00edan\u00a0por la Axarqu\u00eda y\u00a0<\/strong><\/p>\n<p><strong> Y tranquilidad amigos, leer el significado del aviso amarillo.\u00a0<\/strong><\/p>\n<p>&nbsp;<\/p>\n<p>&nbsp;<\/p>\n<p>&nbsp;<\/p>\n<p><a href=\"https:\/\/blogs.diariosur.es\/tormentas-y-rayos\/2014\/11\/03\/prevision-del-tiempo-aviso-amarillo-por-lluvias-y-sobre-todo-por-viento-en-casi-toda-andalucia-manana-martes-el-verono-toca-a-su-fin\/captura-493\/\" rel=\"attachment wp-att-10106\"><img loading=\"lazy\" class=\"aligncenter size-full wp-image-10106\" title=\"Captura\" src=\"\/tormentas-y-rayos\/wp-content\/uploads\/sites\/12\/2014\/11\/Captura3.jpg\" alt=\"\" width=\"571\" height=\"425\" srcset=\"https:\/\/static-blogs.diariosur.es\/wp-content\/uploads\/sites\/12\/2014\/11\/Captura3.jpg 571w, https:\/\/static-blogs.diariosur.es\/wp-content\/uploads\/sites\/12\/2014\/11\/Captura3-537x400.jpg 537w\" sizes=\"(max-width: 571px) 100vw, 571px\" \/><\/a><\/p>\n<p>&nbsp;<\/p>\n<p>&nbsp;<\/p>\n<p><a href=\"https:\/\/blogs.diariosur.es\/tormentas-y-rayos\/2014\/11\/03\/prevision-del-tiempo-aviso-amarillo-por-lluvias-y-sobre-todo-por-viento-en-casi-toda-andalucia-manana-martes-el-verono-toca-a-su-fin\/malagag\/\" rel=\"attachment wp-att-10103\"><img loading=\"lazy\" class=\"aligncenter size-full wp-image-10103\" title=\"malagag\" src=\"\/tormentas-y-rayos\/wp-content\/uploads\/sites\/12\/2014\/11\/malagag.jpg\" alt=\"\" width=\"502\" height=\"292\" \/><\/a><\/p>\n<p>&nbsp;<\/p>\n<p>&nbsp;<\/p>\n<p><a href=\"https:\/\/blogs.diariosur.es\/tormentas-y-rayos\/2014\/11\/03\/prevision-del-tiempo-aviso-amarillo-por-lluvias-y-sobre-todo-por-viento-en-casi-toda-andalucia-manana-martes-el-verono-toca-a-su-fin\/captura-492\/\" rel=\"attachment wp-att-10104\"><img loading=\"lazy\" class=\"aligncenter size-full wp-image-10104\" title=\"Captura\" src=\"\/tormentas-y-rayos\/wp-content\/uploads\/sites\/12\/2014\/11\/Captura2.jpg\" alt=\"\" width=\"435\" height=\"233\" \/><\/a><\/p>\n<p>&nbsp;<\/p>\n<p>&nbsp;<\/p>\n<p><strong>Hasta ma\u00f1ana.<\/strong><\/p>\n<p><img loading=\"lazy\" class=\"aligncenter\" src=\"https:\/\/farm9.staticflickr.com\/8117\/8688741397_f4d1c29db9_z.jpg\" alt=\"\" width=\"640\" height=\"480\" \/><\/p>\n","protected":false},"excerpt":{"rendered":"<p>&nbsp; &nbsp; &nbsp; &nbsp; &nbsp; Buenos\u00a0d\u00edas\u00a0amigos de la meteo, son las seis de la ma\u00f1ana, registro 16.5 grados y los cielos\u00a0andaluces\u00a0est\u00e1n algo \u00a0nubosos. El levante dara paso hoy al terral de oto\u00f1o, la\u00a0m\u00e1xima\u00a0hoy en M\u00e1laga Capital\u00a0estar\u00e1\u00a0cercana a los 26. &nbsp; A los que\u00a0entr\u00e1is\u00a0por primera vez en EL BLOG , os paso el enlace \u00a0a la [&hellip;]<\/p>\n","protected":false},"author":16,"featured_media":10101,"comment_status":"open","ping_status":"open","sticky":false,"template":"","format":"standard","meta":[],"categories":[2],"tags":[63,94,99,151,569,676,809,980,1054,1059],"_links":{"self":[{"href":"https:\/\/blogs.diariosur.es\/tormentas-y-rayos\/wp-json\/wp\/v2\/posts\/10099"}],"collection":[{"href":"https:\/\/blogs.diariosur.es\/tormentas-y-rayos\/wp-json\/wp\/v2\/posts"}],"about":[{"href":"https:\/\/blogs.diariosur.es\/tormentas-y-rayos\/wp-json\/wp\/v2\/types\/post"}],"author":[{"embeddable":true,"href":"https:\/\/blogs.diariosur.es\/tormentas-y-rayos\/wp-json\/wp\/v2\/users\/16"}],"replies":[{"embeddable":true,"href":"https:\/\/blogs.diariosur.es\/tormentas-y-rayos\/wp-json\/wp\/v2\/comments?post=10099"}],"version-history":[{"count":0,"href":"https:\/\/blogs.diariosur.es\/tormentas-y-rayos\/wp-json\/wp\/v2\/posts\/10099\/revisions"}],"wp:featuredmedia":[{"embeddable":true,"href":"https:\/\/blogs.diariosur.es\/tormentas-y-rayos\/wp-json\/wp\/v2\/media\/10101"}],"wp:attachment":[{"href":"https:\/\/blogs.diariosur.es\/tormentas-y-rayos\/wp-json\/wp\/v2\/media?parent=10099"}],"wp:term":[{"taxonomy":"category","embeddable":true,"href":"https:\/\/blogs.diariosur.es\/tormentas-y-rayos\/wp-json\/wp\/v2\/categories?post=10099"},{"taxonomy":"post_tag","embeddable":true,"href":"https:\/\/blogs.diariosur.es\/tormentas-y-rayos\/wp-json\/wp\/v2\/tags?post=10099"}],"curies":[{"name":"wp","href":"https:\/\/api.w.org\/{rel}","templated":true}]}}