{"id":10122,"date":"2014-11-05T07:24:04","date_gmt":"2014-11-05T06:24:04","guid":{"rendered":"http:\/\/blogs.diariosur.es\/tormentas-y-rayos\/?p=10122"},"modified":"2014-11-05T07:24:04","modified_gmt":"2014-11-05T06:24:04","slug":"prevision-del-tiempo-el-mes-de-octubre-ha-sido-el-mas-calido-en-espana-desde-que-se-tienen-registros-en-malaga-ha-sido-el-segundo-octubre-mas-calido","status":"publish","type":"post","link":"https:\/\/blogs.diariosur.es\/tormentas-y-rayos\/2014\/11\/05\/prevision-del-tiempo-el-mes-de-octubre-ha-sido-el-mas-calido-en-espana-desde-que-se-tienen-registros-en-malaga-ha-sido-el-segundo-octubre-mas-calido\/","title":{"rendered":"Previsi\u00f3n del tiempo. El mes de octubre ha sido el m\u00e1s c\u00e1lido en Espa\u00f1a desde que se tienen registros. En M\u00e1laga ha sido el segundo octubre m\u00e1s c\u00e1lido."},"content":{"rendered":"<p><img loading=\"lazy\" class=\"aligncenter\" src=\"https:\/\/farm6.staticflickr.com\/5566\/14568830453_8e0522e3fc_q.jpg\" alt=\"\" width=\"150\" height=\"150\" \/><\/p>\n<p>&nbsp;<\/p>\n<p>&nbsp;<\/p>\n<p>&nbsp;<\/p>\n<p>&nbsp;<\/p>\n<p>&nbsp;<\/p>\n<p>&nbsp;<\/p>\n<p><strong>Buenos dias amigos de la meteo, son las seis de la ma\u00f1ana, registro 12 grados \u00a0y los cielos andaluces est\u00e1n poco nubosos. Dentro de un rato la gran\u00a0mayor\u00eda\u00a0de \u00a0nosotros\u00a0diremos uyyyyyyyyyyyyy que\u00a0fr\u00edo\u00a0hace hoy, hace menos de 48 horas\u00a0coment\u00e1bamos\u00a0el calor que hacia. Hoy seguiremos con terral de oto\u00f1o, la\u00a0m\u00e1xima\u00a0rondara los 17 grados, pero debido al viento, la sensaci\u00f3n\u00a0t\u00e9rmica\u00a0sera de mas fr\u00edo. Desde que\u00a0comenz\u00f3\u00a0el oto\u00f1o, M\u00e1laga Capital \u00a0y en otros \u00a0puntos de Andaluc\u00eda hoy 5 de noviembre \u00a0sera la madrugada mas fr\u00eda.<\/strong><\/p>\n<p><strong>Ayer se dio un dato \u00a0curioso en todas las estaciones que tiene la aemet en M\u00e1laga Capital, la\u00a0m\u00e1xima\u00a0se dio de madrugada y la\u00a0m\u00ednima\u00a0por la ma\u00f1ana, concretamente sobre las ocho. Os paso unos datos, fuente aemet.<\/strong><\/p>\n<p>&nbsp;<\/p>\n<p><a href=\"https:\/\/blogs.diariosur.es\/tormentas-y-rayos\/2014\/11\/05\/prevision-del-tiempo-el-mes-de-octubre-ha-sido-el-mas-calido-en-espana-desde-que-se-tienen-registros-en-malaga-ha-sido-el-segundo-octubre-mas-calido\/1-91\/\" rel=\"attachment wp-att-10123\"><img loading=\"lazy\" class=\"aligncenter size-full wp-image-10123\" title=\"1\" src=\"\/tormentas-y-rayos\/wp-content\/uploads\/sites\/12\" alt=\"\" width=\"453\" height=\"190\" \/><\/a><a href=\"https:\/\/blogs.diariosur.es\/tormentas-y-rayos\/2014\/11\/05\/prevision-del-tiempo-el-mes-de-octubre-ha-sido-el-mas-calido-en-espana-desde-que-se-tienen-registros-en-malaga-ha-sido-el-segundo-octubre-mas-calido\/2-66\/\" rel=\"attachment wp-att-10124\"><img loading=\"lazy\" class=\"aligncenter size-full wp-image-10124\" title=\"2\" src=\"\/tormentas-y-rayos\/wp-content\/uploads\/sites\/12\" alt=\"\" width=\"496\" height=\"196\" \/><\/a><a href=\"https:\/\/blogs.diariosur.es\/tormentas-y-rayos\/2014\/11\/05\/prevision-del-tiempo-el-mes-de-octubre-ha-sido-el-mas-calido-en-espana-desde-que-se-tienen-registros-en-malaga-ha-sido-el-segundo-octubre-mas-calido\/3-43\/\" rel=\"attachment wp-att-10125\"><img loading=\"lazy\" class=\"aligncenter size-full wp-image-10125\" title=\"3\" src=\"\/tormentas-y-rayos\/wp-content\/uploads\/sites\/12\" alt=\"\" width=\"461\" height=\"187\" \/><\/a><\/p>\n<p>&nbsp;<\/p>\n<p><strong>Os paso los registros de lluvia que se dieron ayer en la provincia malague\u00f1a. Fuente Red Hidrosur.<\/strong><\/p>\n<p><a href=\"https:\/\/blogs.diariosur.es\/tormentas-y-rayos\/2014\/11\/05\/prevision-del-tiempo-el-mes-de-octubre-ha-sido-el-mas-calido-en-espana-desde-que-se-tienen-registros-en-malaga-ha-sido-el-segundo-octubre-mas-calido\/b-33\/\" rel=\"attachment wp-att-10129\"><img loading=\"lazy\" class=\"aligncenter size-medium wp-image-10129\" title=\"b\" src=\"\/tormentas-y-rayos\/wp-content\/uploads\/sites\/12\/2014\/11\/b.jpg\" alt=\"\" width=\"600\" height=\"285\" srcset=\"https:\/\/static-blogs.diariosur.es\/wp-content\/uploads\/sites\/12\/2014\/11\/b.jpg 926w, https:\/\/static-blogs.diariosur.es\/wp-content\/uploads\/sites\/12\/2014\/11\/b-640x305.jpg 640w, https:\/\/static-blogs.diariosur.es\/wp-content\/uploads\/sites\/12\/2014\/11\/b-768x366.jpg 768w\" sizes=\"(max-width: 600px) 100vw, 600px\" \/><\/a><a href=\"https:\/\/blogs.diariosur.es\/tormentas-y-rayos\/2014\/11\/05\/prevision-del-tiempo-el-mes-de-octubre-ha-sido-el-mas-calido-en-espana-desde-que-se-tienen-registros-en-malaga-ha-sido-el-segundo-octubre-mas-calido\/b2-6\/\" rel=\"attachment wp-att-10130\"><img loading=\"lazy\" class=\"aligncenter size-medium wp-image-10130\" title=\"b2\" src=\"\/tormentas-y-rayos\/wp-content\/uploads\/sites\/12\/2014\/11\/b2.jpg\" alt=\"\" width=\"600\" height=\"283\" srcset=\"https:\/\/static-blogs.diariosur.es\/wp-content\/uploads\/sites\/12\/2014\/11\/b2.jpg 976w, https:\/\/static-blogs.diariosur.es\/wp-content\/uploads\/sites\/12\/2014\/11\/b2-640x302.jpg 640w, https:\/\/static-blogs.diariosur.es\/wp-content\/uploads\/sites\/12\/2014\/11\/b2-768x363.jpg 768w\" sizes=\"(max-width: 600px) 100vw, 600px\" \/><\/a><a href=\"https:\/\/blogs.diariosur.es\/tormentas-y-rayos\/2014\/11\/05\/prevision-del-tiempo-el-mes-de-octubre-ha-sido-el-mas-calido-en-espana-desde-que-se-tienen-registros-en-malaga-ha-sido-el-segundo-octubre-mas-calido\/b3-2\/\" rel=\"attachment wp-att-10131\"><img loading=\"lazy\" class=\"aligncenter size-medium wp-image-10131\" title=\"b3\" src=\"\/tormentas-y-rayos\/wp-content\/uploads\/sites\/12\/2014\/11\/b3.jpg\" alt=\"\" width=\"600\" height=\"144\" srcset=\"https:\/\/static-blogs.diariosur.es\/wp-content\/uploads\/sites\/12\/2014\/11\/b3.jpg 933w, https:\/\/static-blogs.diariosur.es\/wp-content\/uploads\/sites\/12\/2014\/11\/b3-640x154.jpg 640w, https:\/\/static-blogs.diariosur.es\/wp-content\/uploads\/sites\/12\/2014\/11\/b3-768x184.jpg 768w\" sizes=\"(max-width: 600px) 100vw, 600px\" \/><\/a><\/p>\n<p>&nbsp;<\/p>\n<p>&nbsp;<\/p>\n<p>&nbsp;<\/p>\n<p><strong>Una vez paso el frente, los chubascos posfrontales fueron noticia en el norte \u00a0por la cantidad de\u00a0descargas\u00a0el\u00e9ctricas\u00a0que llevaban . El granizo fue el protagonista en esas zonas. Os paso <a href=\"http:\/\/www.tiempo.com\/ram\/121842\/imagen-unica-rayos-en-la-descarga-postfrontal-fria\/\" rel=\"external nofollow\">el enlace a la Revista Ram<\/a> donde hay un articulo que habla de esto\u00a0<\/strong><\/p>\n<p>&nbsp;<\/p>\n<p><a href=\"https:\/\/blogs.diariosur.es\/tormentas-y-rayos\/2014\/11\/05\/prevision-del-tiempo-el-mes-de-octubre-ha-sido-el-mas-calido-en-espana-desde-que-se-tienen-registros-en-malaga-ha-sido-el-segundo-octubre-mas-calido\/941576_670229676407832_7090916194649312189_n\/\" rel=\"attachment wp-att-10138\"><img loading=\"lazy\" class=\"aligncenter size-full wp-image-10138\" title=\"941576_670229676407832_7090916194649312189_n\" src=\"\/tormentas-y-rayos\/wp-content\/uploads\/sites\/12\/2014\/11\/941576_670229676407832_7090916194649312189_n.jpg\" alt=\"\" width=\"540\" height=\"960\" srcset=\"https:\/\/static-blogs.diariosur.es\/wp-content\/uploads\/sites\/12\/2014\/11\/941576_670229676407832_7090916194649312189_n.jpg 540w, https:\/\/static-blogs.diariosur.es\/wp-content\/uploads\/sites\/12\/2014\/11\/941576_670229676407832_7090916194649312189_n-225x400.jpg 225w\" sizes=\"(max-width: 540px) 100vw, 540px\" \/><\/a><a href=\"https:\/\/blogs.diariosur.es\/tormentas-y-rayos\/2014\/11\/05\/prevision-del-tiempo-el-mes-de-octubre-ha-sido-el-mas-calido-en-espana-desde-que-se-tienen-registros-en-malaga-ha-sido-el-segundo-octubre-mas-calido\/captura-495\/\" rel=\"attachment wp-att-10139\"><img loading=\"lazy\" class=\"aligncenter size-full wp-image-10139\" title=\"Captura\" src=\"\/tormentas-y-rayos\/wp-content\/uploads\/sites\/12\/2014\/11\/Captura5.jpg\" alt=\"\" width=\"499\" height=\"503\" srcset=\"https:\/\/static-blogs.diariosur.es\/wp-content\/uploads\/sites\/12\/2014\/11\/Captura5.jpg 499w, https:\/\/static-blogs.diariosur.es\/wp-content\/uploads\/sites\/12\/2014\/11\/Captura5-150x150.jpg 150w, https:\/\/static-blogs.diariosur.es\/wp-content\/uploads\/sites\/12\/2014\/11\/Captura5-397x400.jpg 397w\" sizes=\"(max-width: 499px) 100vw, 499px\" \/><\/a><\/p>\n<p>&nbsp;<\/p>\n<p>&nbsp;<\/p>\n<p><strong>Como\u00a0pod\u00e9is\u00a0leer en el titulo del post , el mes de octubre \u00a0ha sido el mas\u00a0c\u00e1lido\u00a0en Espa\u00f1a desde que se tienen registros. Os paso el enlace : \u00a0<\/strong><\/p>\n<h2><a href=\"http:\/\/www.aemet.es\/es\/noticias\/2014\/11\/climaticooctubre2014\" rel=\"external nofollow\">Octubre, extremadamente c\u00e1lido y ligeramente seco<\/a><\/h2>\n<p><strong>En M\u00e1laga Capital ha sido el segundo octubre mas\u00a0c\u00e1lido\u00a0desde que se tienen registros. Os paso el resumen climatologico de Andaluc\u00eda. Fuente Aemet.<\/strong><\/p>\n<p><a href=\"https:\/\/blogs.diariosur.es\/tormentas-y-rayos\/2014\/11\/05\/prevision-del-tiempo-el-mes-de-octubre-ha-sido-el-mas-calido-en-espana-desde-que-se-tienen-registros-en-malaga-ha-sido-el-segundo-octubre-mas-calido\/zzz-3\/\" rel=\"attachment wp-att-10126\"><img loading=\"lazy\" class=\"aligncenter size-large wp-image-10126\" title=\"zzz\" src=\"\/tormentas-y-rayos\/wp-content\/uploads\/sites\/12\/2014\/11\/zzz.jpg\" alt=\"\" width=\"529\" height=\"600\" srcset=\"https:\/\/static-blogs.diariosur.es\/wp-content\/uploads\/sites\/12\/2014\/11\/zzz.jpg 766w, https:\/\/static-blogs.diariosur.es\/wp-content\/uploads\/sites\/12\/2014\/11\/zzz-353x400.jpg 353w\" sizes=\"(max-width: 529px) 100vw, 529px\" \/><\/a><\/p>\n<p>&nbsp;<\/p>\n<p><strong>Poco mas que contar hoy amigos de la meteo. El vero\u00f1o de momento \u00a0por fin se fue, y parece que noviembre comenzara \u00a0algo mas inestable. Pero todo esto lo iremos viendo poco a poco, de momento os paso unos mapas previstos que ayer guarde. Pero no os\u00a0hag\u00e1is\u00a0ilusiones porque todos los\u00a0d\u00edas\u00a0cambian.\u00a0<\/strong><\/p>\n<p>&nbsp;<\/p>\n<p><a href=\"https:\/\/blogs.diariosur.es\/tormentas-y-rayos\/2014\/11\/05\/prevision-del-tiempo-el-mes-de-octubre-ha-sido-el-mas-calido-en-espana-desde-que-se-tienen-registros-en-malaga-ha-sido-el-segundo-octubre-mas-calido\/a-38\/\" rel=\"attachment wp-att-10127\"><img loading=\"lazy\" class=\"aligncenter size-medium wp-image-10127\" title=\"a\" src=\"\/tormentas-y-rayos\/wp-content\/uploads\/sites\/12\/2014\/11\/a.jpg\" alt=\"\" width=\"600\" height=\"313\" srcset=\"https:\/\/static-blogs.diariosur.es\/wp-content\/uploads\/sites\/12\/2014\/11\/a.jpg 1004w, https:\/\/static-blogs.diariosur.es\/wp-content\/uploads\/sites\/12\/2014\/11\/a-640x335.jpg 640w, https:\/\/static-blogs.diariosur.es\/wp-content\/uploads\/sites\/12\/2014\/11\/a-768x402.jpg 768w\" sizes=\"(max-width: 600px) 100vw, 600px\" \/><\/a><a href=\"https:\/\/blogs.diariosur.es\/tormentas-y-rayos\/2014\/11\/05\/prevision-del-tiempo-el-mes-de-octubre-ha-sido-el-mas-calido-en-espana-desde-que-se-tienen-registros-en-malaga-ha-sido-el-segundo-octubre-mas-calido\/a1-15\/\" rel=\"attachment wp-att-10128\"><img loading=\"lazy\" class=\"aligncenter size-medium wp-image-10128\" title=\"a1\" src=\"\/tormentas-y-rayos\/wp-content\/uploads\/sites\/12\/2014\/11\/a1.jpg\" alt=\"\" width=\"600\" height=\"163\" srcset=\"https:\/\/static-blogs.diariosur.es\/wp-content\/uploads\/sites\/12\/2014\/11\/a1.jpg 1003w, https:\/\/static-blogs.diariosur.es\/wp-content\/uploads\/sites\/12\/2014\/11\/a1-640x174.jpg 640w, https:\/\/static-blogs.diariosur.es\/wp-content\/uploads\/sites\/12\/2014\/11\/a1-768x209.jpg 768w\" sizes=\"(max-width: 600px) 100vw, 600px\" \/><\/a><\/p>\n<p>&nbsp;<\/p>\n<p><strong>Poco mas que contar amigos, os dejo con estas fotos que me\u00a0hab\u00e9is\u00a0mandado.\u00a0<\/strong><\/p>\n<p>&nbsp;<\/p>\n<p>&nbsp;<\/p>\n<p><strong>Mi amigo Zappa me manda este precioso cielo desde la Cala del Moral.<\/strong><\/p>\n<p>&nbsp;<\/p>\n<p><a href=\"https:\/\/blogs.diariosur.es\/tormentas-y-rayos\/2014\/11\/05\/prevision-del-tiempo-el-mes-de-octubre-ha-sido-el-mas-calido-en-espana-desde-que-se-tienen-registros-en-malaga-ha-sido-el-segundo-octubre-mas-calido\/10441092_10203594132317476_326134478288231384_n\/\" rel=\"attachment wp-att-10140\"><img loading=\"lazy\" class=\"aligncenter size-full wp-image-10140\" title=\"10441092_10203594132317476_326134478288231384_n\" src=\"\/tormentas-y-rayos\/wp-content\/uploads\/sites\/12\/2014\/11\/10441092_10203594132317476_326134478288231384_n.jpg\" alt=\"\" width=\"640\" height=\"425\" srcset=\"https:\/\/static-blogs.diariosur.es\/wp-content\/uploads\/sites\/12\/2014\/11\/10441092_10203594132317476_326134478288231384_n.jpg 640w, https:\/\/static-blogs.diariosur.es\/wp-content\/uploads\/sites\/12\/2014\/11\/10441092_10203594132317476_326134478288231384_n-602x400.jpg 602w\" sizes=\"(max-width: 640px) 100vw, 640px\" \/><\/a><\/p>\n<p>&nbsp;<\/p>\n<p>&nbsp;<\/p>\n<p>&nbsp;<\/p>\n<p><strong>Francisco Campa\u00f1a , desde\u00a0Alhaur\u00edn de la Torre me manda esta foto cuando el frente dejaba 15 litros en esa zona.<\/strong><\/p>\n<p>&nbsp;<\/p>\n<p><a href=\"https:\/\/blogs.diariosur.es\/tormentas-y-rayos\/2014\/11\/05\/prevision-del-tiempo-el-mes-de-octubre-ha-sido-el-mas-calido-en-espana-desde-que-se-tienen-registros-en-malaga-ha-sido-el-segundo-octubre-mas-calido\/francisco-campana-subires\/\" rel=\"attachment wp-att-10136\"><img loading=\"lazy\" class=\"aligncenter size-full wp-image-10136\" title=\"francisco Cam`pa\u00f1a subires\" src=\"\/tormentas-y-rayos\/wp-content\/uploads\/sites\/12\/2014\/11\/francisco-Campa\u00f1a-subires.jpg\" alt=\"\" width=\"640\" height=\"479\" srcset=\"https:\/\/static-blogs.diariosur.es\/wp-content\/uploads\/sites\/12\/2014\/11\/francisco-Campa\u00f1a-subires.jpg 640w, https:\/\/static-blogs.diariosur.es\/wp-content\/uploads\/sites\/12\/2014\/11\/francisco-Campa\u00f1a-subires-534x400.jpg 534w\" sizes=\"(max-width: 640px) 100vw, 640px\" \/><\/a><\/p>\n<p>&nbsp;<\/p>\n<p>&nbsp;<\/p>\n<p>&nbsp;<\/p>\n<p>&nbsp;<\/p>\n<p><strong>Mari Carmen Parra Gil desde la cuesta del romeral Antequera.<\/strong><\/p>\n<p>&nbsp;<\/p>\n<p><a href=\"https:\/\/blogs.diariosur.es\/tormentas-y-rayos\/2014\/11\/05\/prevision-del-tiempo-el-mes-de-octubre-ha-sido-el-mas-calido-en-espana-desde-que-se-tienen-registros-en-malaga-ha-sido-el-segundo-octubre-mas-calido\/10743352_752325444803614_1902437737_n\/\" rel=\"attachment wp-att-10137\"><img loading=\"lazy\" class=\"aligncenter size-full wp-image-10137\" title=\"10743352_752325444803614_1902437737_n\" src=\"\/tormentas-y-rayos\/wp-content\/uploads\/sites\/12\/2014\/11\/10743352_752325444803614_1902437737_n.jpg\" alt=\"\" width=\"640\" height=\"480\" srcset=\"https:\/\/static-blogs.diariosur.es\/wp-content\/uploads\/sites\/12\/2014\/11\/10743352_752325444803614_1902437737_n.jpg 640w, https:\/\/static-blogs.diariosur.es\/wp-content\/uploads\/sites\/12\/2014\/11\/10743352_752325444803614_1902437737_n-533x400.jpg 533w\" sizes=\"(max-width: 640px) 100vw, 640px\" \/><\/a><\/p>\n<p>&nbsp;<\/p>\n<p>&nbsp;<\/p>\n<p>&nbsp;<\/p>\n<p><strong>Pablo Fern\u00e1ndez Castillo . El frente abandonando M\u00e1laga.<\/strong><\/p>\n<p>&nbsp;<\/p>\n<p><a href=\"https:\/\/blogs.diariosur.es\/tormentas-y-rayos\/2014\/11\/05\/prevision-del-tiempo-el-mes-de-octubre-ha-sido-el-mas-calido-en-espana-desde-que-se-tienen-registros-en-malaga-ha-sido-el-segundo-octubre-mas-calido\/20141104_153413\/\" rel=\"attachment wp-att-10133\"><img loading=\"lazy\" class=\"aligncenter size-full wp-image-10133\" title=\"20141104_153413\" src=\"\/tormentas-y-rayos\/wp-content\/uploads\/sites\/12\/2014\/11\/20141104_153413.jpg\" alt=\"\" width=\"640\" height=\"384\" \/><\/a><\/p>\n<p>&nbsp;<\/p>\n<p><strong>Jorge Juan Marquez . Atardecer de ayer en M\u00e1laga Capital.<\/strong><\/p>\n<p><a href=\"https:\/\/blogs.diariosur.es\/tormentas-y-rayos\/2014\/11\/05\/prevision-del-tiempo-el-mes-de-octubre-ha-sido-el-mas-calido-en-espana-desde-que-se-tienen-registros-en-malaga-ha-sido-el-segundo-octubre-mas-calido\/jorge-juan-marquez\/\" rel=\"attachment wp-att-10134\"><img loading=\"lazy\" class=\"aligncenter size-full wp-image-10134\" title=\"jorge juan marquez\" src=\"\/tormentas-y-rayos\/wp-content\/uploads\/sites\/12\/2014\/11\/jorge-juan-marquez.jpg\" alt=\"\" width=\"640\" height=\"480\" srcset=\"https:\/\/static-blogs.diariosur.es\/wp-content\/uploads\/sites\/12\/2014\/11\/jorge-juan-marquez.jpg 640w, https:\/\/static-blogs.diariosur.es\/wp-content\/uploads\/sites\/12\/2014\/11\/jorge-juan-marquez-533x400.jpg 533w\" sizes=\"(max-width: 640px) 100vw, 640px\" \/><\/a><\/p>\n<p>&nbsp;<\/p>\n<p><strong>Jose Luis Gil, el mismo atardecer pero desde Marbella.<\/strong><\/p>\n<p>&nbsp;<\/p>\n<p><a href=\"https:\/\/blogs.diariosur.es\/tormentas-y-rayos\/2014\/11\/05\/prevision-del-tiempo-el-mes-de-octubre-ha-sido-el-mas-calido-en-espana-desde-que-se-tienen-registros-en-malaga-ha-sido-el-segundo-octubre-mas-calido\/1374118_10204090147366913_2029361681739687019_n\/\" rel=\"attachment wp-att-10135\"><img loading=\"lazy\" class=\"aligncenter size-full wp-image-10135\" title=\"1374118_10204090147366913_2029361681739687019_n\" src=\"\/tormentas-y-rayos\/wp-content\/uploads\/sites\/12\/2014\/11\/1374118_10204090147366913_2029361681739687019_n.jpg\" alt=\"\" width=\"640\" height=\"360\" \/><\/a><\/p>\n<p>&nbsp;<\/p>\n<p>&nbsp;<\/p>\n","protected":false},"excerpt":{"rendered":"<p>&nbsp; &nbsp; &nbsp; &nbsp; &nbsp; &nbsp; Buenos dias amigos de la meteo, son las seis de la ma\u00f1ana, registro 12 grados \u00a0y los cielos andaluces est\u00e1n poco nubosos. Dentro de un rato la gran\u00a0mayor\u00eda\u00a0de \u00a0nosotros\u00a0diremos uyyyyyyyyyyyyy que\u00a0fr\u00edo\u00a0hace hoy, hace menos de 48 horas\u00a0coment\u00e1bamos\u00a0el calor que hacia. Hoy seguiremos con terral de oto\u00f1o, la\u00a0m\u00e1xima\u00a0rondara los 17 [&hellip;]<\/p>\n","protected":false},"author":16,"featured_media":10139,"comment_status":"open","ping_status":"open","sticky":false,"template":"","format":"standard","meta":[],"categories":[2],"tags":[207,375,639,728,809,980],"_links":{"self":[{"href":"https:\/\/blogs.diariosur.es\/tormentas-y-rayos\/wp-json\/wp\/v2\/posts\/10122"}],"collection":[{"href":"https:\/\/blogs.diariosur.es\/tormentas-y-rayos\/wp-json\/wp\/v2\/posts"}],"about":[{"href":"https:\/\/blogs.diariosur.es\/tormentas-y-rayos\/wp-json\/wp\/v2\/types\/post"}],"author":[{"embeddable":true,"href":"https:\/\/blogs.diariosur.es\/tormentas-y-rayos\/wp-json\/wp\/v2\/users\/16"}],"replies":[{"embeddable":true,"href":"https:\/\/blogs.diariosur.es\/tormentas-y-rayos\/wp-json\/wp\/v2\/comments?post=10122"}],"version-history":[{"count":0,"href":"https:\/\/blogs.diariosur.es\/tormentas-y-rayos\/wp-json\/wp\/v2\/posts\/10122\/revisions"}],"wp:featuredmedia":[{"embeddable":true,"href":"https:\/\/blogs.diariosur.es\/tormentas-y-rayos\/wp-json\/wp\/v2\/media\/10139"}],"wp:attachment":[{"href":"https:\/\/blogs.diariosur.es\/tormentas-y-rayos\/wp-json\/wp\/v2\/media?parent=10122"}],"wp:term":[{"taxonomy":"category","embeddable":true,"href":"https:\/\/blogs.diariosur.es\/tormentas-y-rayos\/wp-json\/wp\/v2\/categories?post=10122"},{"taxonomy":"post_tag","embeddable":true,"href":"https:\/\/blogs.diariosur.es\/tormentas-y-rayos\/wp-json\/wp\/v2\/tags?post=10122"}],"curies":[{"name":"wp","href":"https:\/\/api.w.org\/{rel}","templated":true}]}}